{"id":80977,"date":"2026-03-14T00:01:00","date_gmt":"2026-03-14T06:01:00","guid":{"rendered":"https:\/\/www.opinionpublica.tv\/portada\/?p=80977"},"modified":"2026-03-13T15:54:14","modified_gmt":"2026-03-13T21:54:14","slug":"suprema-corte-ordena-garantizar-agua-potable-a-familias-de-los-kilometros-en-juarez","status":"publish","type":"post","link":"https:\/\/www.opinionpublica.tv\/portada\/suprema-corte-ordena-garantizar-agua-potable-a-familias-de-los-kilometros-en-juarez\/","title":{"rendered":"SCJN ordena garantizar agua potable a familias de \u00abLos Kil\u00f3metros\u00bb en Ju\u00e1rez"},"content":{"rendered":"\n<figure class=\"wp-block-image size-large\"><img fetchpriority=\"high\" decoding=\"async\" width=\"1024\" height=\"682\" src=\"https:\/\/www.opinionpublica.tv\/portada\/wp-content\/uploads\/2026\/03\/SCJN-ordena-garantizar-agua-potable-a-familias-de-Los-Kilometros-en-Juarez-1024x682.jpeg\" alt=\"Scjn ordena garantizar agua potable a familias de 'los kilo\u0301metros' en jua\u0301rez\" class=\"wp-image-80981\" srcset=\"https:\/\/www.opinionpublica.tv\/portada\/wp-content\/uploads\/2026\/03\/SCJN-ordena-garantizar-agua-potable-a-familias-de-Los-Kilometros-en-Juarez-1024x682.jpeg 1024w, https:\/\/www.opinionpublica.tv\/portada\/wp-content\/uploads\/2026\/03\/SCJN-ordena-garantizar-agua-potable-a-familias-de-Los-Kilometros-en-Juarez-300x200.jpeg 300w, https:\/\/www.opinionpublica.tv\/portada\/wp-content\/uploads\/2026\/03\/SCJN-ordena-garantizar-agua-potable-a-familias-de-Los-Kilometros-en-Juarez-768x512.jpeg 768w, https:\/\/www.opinionpublica.tv\/portada\/wp-content\/uploads\/2026\/03\/SCJN-ordena-garantizar-agua-potable-a-familias-de-Los-Kilometros-en-Juarez.jpeg 1280w\" sizes=\"(max-width: 1024px) 100vw, 1024px\" \/><\/figure>\n\n\n\n<p class=\"wp-block-paragraph\"><em>Ciudad de M\u00e9xico<\/em>.- La Suprema Corte de Justicia de la Naci\u00f3n (SCJN) orden\u00f3 garantizar el agua potable para las necesidades b\u00e1sicas de los habitantes de Los Kil\u00f3metros en Ciudad Ju\u00e1rez, aun cuando no cuenten con documentos oficiales que acrediten su domicilio.<\/p>\n\n\n\n<p class=\"wp-block-paragraph\">La decisi\u00f3n se origin\u00f3 a partir de un amparo promovido por habitantes del asentamiento localizado sobre la carretera a Nuevo Casas Grandes, una zona que se form\u00f3 entre las d\u00e9cadas de 1990 y 2010 con poblaci\u00f3n migrante y que actualmente presenta condiciones de alta precariedad.<\/p>\n\n\n\n<p class=\"wp-block-paragraph\">La zona, en la que habitan alrededor de 40 mil familias, carece de infraestructura urbana y servicios b\u00e1sicos. Entre las principales problem\u00e1ticas se encuentra la falta de acceso regular al agua potable, ya que el suministro llega \u00fanicamente a trav\u00e9s de pipas cada diez o quince d\u00edas, de acuerdo con testimonios de los propios habitantes.<\/p>\n\n\n\n<p class=\"wp-block-paragraph\">Inicialmente, un juzgado de distrito desech\u00f3 la demanda al considerar que las personas que promovieron el amparo no demostraron con documentos oficiales que resid\u00edan en el lugar. Sin embargo, al revisar el caso, la Suprema Corte corrigi\u00f3 ese criterio y determin\u00f3 que, trat\u00e1ndose de asentamientos irregulares, basta la manifestaci\u00f3n bajo protesta de decir verdad para acreditar la residencia.<\/p>\n\n\n\n<p class=\"wp-block-paragraph\">El m\u00e1ximo tribunal explic\u00f3 que en este tipo de comunidades es com\u00fan que las personas no cuenten con escrituras, contratos de arrendamiento o recibos de servicios que permitan comprobar su domicilio, por lo que exigir esas pruebas podr\u00eda convertirse en una barrera para acceder a la justicia.<\/p>\n\n\n\n<p class=\"wp-block-paragraph\">Como resultado, la Corte concedi\u00f3 el amparo y orden\u00f3 a la Junta Municipal de Agua y Saneamiento (JMAS) de Ju\u00e1rez garantizar de manera inmediata el suministro del m\u00ednimo vital de agua potable para las personas habitantes del asentamiento.<\/p>\n\n\n\n<p class=\"wp-block-paragraph\">Adem\u00e1s, el fallo establece que las autoridades deber\u00e1n implementar un programa de infraestructura intermedia que incluya dep\u00f3sitos de almacenamiento masivo de agua para mejorar su distribuci\u00f3n en la zona. Para ello, la Secretar\u00eda de Hacienda del Estado de Chihuahua deber\u00e1 asegurar la asignaci\u00f3n prioritaria de recursos presupuestales.<\/p>\n\n\n\n<p class=\"wp-block-paragraph\">Con esta decisi\u00f3n, la Suprema Corte reafirm\u00f3 que el derecho humano al agua, reconocido en el art\u00edculo 4\u00b0 de la Constituci\u00f3n mexicana, debe garantizarse incluso en comunidades que a\u00fan no han sido regularizadas, particularmente cuando se trata de poblaciones en situaci\u00f3n de vulnerabilidad.<\/p>\n\n\n\n<p class=\"wp-block-paragraph\">El caso fue resuelto por el Pleno de la Corte al analizar el Amparo en Revisi\u00f3n 544\/2025, durante la sesi\u00f3n celebrada el 12 de marzo de 2026. Recientemente, Napole\u00f3n Rosas Gonz\u00e1lez, representante y habitante del sector, se\u00f1al\u00f3 que el sector, ubicado al sur de Ciudad Ju\u00e1rez, enfrenta la falta de servicios p\u00fablicos b\u00e1sicos como agua potable, drenaje, seguridad y atenci\u00f3n m\u00e9dica.<\/p>\n\n\n\n<p class=\"wp-block-paragraph\">Explic\u00f3 que la zona se encuentra en una situaci\u00f3n de indefinici\u00f3n territorial, ya que el l\u00edmite municipal llega hasta el kil\u00f3metro 20 y, a partir de ah\u00ed, el \u00e1rea es considerada zona federal, lo que ha dejado a los habitantes sin una autoridad clara que atienda sus necesidades.<\/p>\n\n\n\n<p class=\"wp-block-paragraph\">Rosas Gonz\u00e1lez indic\u00f3 que esta falta de jurisdicci\u00f3n ha impedido la regulaci\u00f3n de la tierra y el acceso a servicios b\u00e1sicos, adem\u00e1s de dificultar tr\u00e1mites oficiales. Aunque en algunos casos la JMAS de Ju\u00e1rez distribuye agua mediante pipas, el apoyo no llega a todos los residentes.<\/p>\n\n\n\n<p class=\"wp-block-paragraph\">Tambi\u00e9n se\u00f1al\u00f3 que los habitantes deben recorrer hasta 20 kil\u00f3metros para llegar a un hospital o a un cajero autom\u00e1tico, por lo que pidi\u00f3 la intervenci\u00f3n de autoridades federales, estatales o municipales para regularizar la zona e incorporarla a la mancha urbana y as\u00ed garantizar servicios b\u00e1sicos para la poblaci\u00f3n. (OEM)<\/p>\n","protected":false},"excerpt":{"rendered":"<p>Ciudad de M\u00e9xico.- La Suprema Corte de Justicia de la Naci\u00f3n (SCJN) orden\u00f3 garantizar el agua potable para las necesidades b\u00e1sicas de los habitantes de Los Kil\u00f3metros en Ciudad Ju\u00e1rez, aun cuando no cuenten con documentos oficiales que acrediten su domicilio. La decisi\u00f3n se origin\u00f3 a partir de un amparo promovido por habitantes del asentamiento [&hellip;]<\/p>\n","protected":false},"author":6,"featured_media":80981,"comment_status":"closed","ping_status":"closed","sticky":false,"template":"","format":"standard","meta":{"_acf_changed":false,"_monsterinsights_skip_tracking":false,"slim_seo":{"title":"SCJN ordena garantizar agua potable a familias de \"Los Kil\u00f3metros\" en Ju\u00e1rez - Opini\u00f3n P\u00fablica","description":"Ciudad de M\u00e9xico .- La Suprema Corte de Justicia de la Naci\u00f3n (SCJN) orden\u00f3 garantizar el agua potable para las necesidades b\u00e1sicas de los habitantes de Los Kil"},"footnotes":""},"categories":[3],"tags":[2695,608,746,386],"class_list":["post-80977","post","type-post","status-publish","format-standard","has-post-thumbnail","hentry","category-principal","tag-agua-potable","tag-ciudad-juarez","tag-los-kilometros","tag-scjn"],"acf":[],"_links":{"self":[{"href":"https:\/\/www.opinionpublica.tv\/portada\/wp-json\/wp\/v2\/posts\/80977","targetHints":{"allow":["GET"]}}],"collection":[{"href":"https:\/\/www.opinionpublica.tv\/portada\/wp-json\/wp\/v2\/posts"}],"about":[{"href":"https:\/\/www.opinionpublica.tv\/portada\/wp-json\/wp\/v2\/types\/post"}],"author":[{"embeddable":true,"href":"https:\/\/www.opinionpublica.tv\/portada\/wp-json\/wp\/v2\/users\/6"}],"replies":[{"embeddable":true,"href":"https:\/\/www.opinionpublica.tv\/portada\/wp-json\/wp\/v2\/comments?post=80977"}],"version-history":[{"count":4,"href":"https:\/\/www.opinionpublica.tv\/portada\/wp-json\/wp\/v2\/posts\/80977\/revisions"}],"predecessor-version":[{"id":80984,"href":"https:\/\/www.opinionpublica.tv\/portada\/wp-json\/wp\/v2\/posts\/80977\/revisions\/80984"}],"wp:featuredmedia":[{"embeddable":true,"href":"https:\/\/www.opinionpublica.tv\/portada\/wp-json\/wp\/v2\/media\/80981"}],"wp:attachment":[{"href":"https:\/\/www.opinionpublica.tv\/portada\/wp-json\/wp\/v2\/media?parent=80977"}],"wp:term":[{"taxonomy":"category","embeddable":true,"href":"https:\/\/www.opinionpublica.tv\/portada\/wp-json\/wp\/v2\/categories?post=80977"},{"taxonomy":"post_tag","embeddable":true,"href":"https:\/\/www.opinionpublica.tv\/portada\/wp-json\/wp\/v2\/tags?post=80977"}],"curies":[{"name":"wp","href":"https:\/\/api.w.org\/{rel}","templated":true}]}}