{"id":80974,"date":"2026-03-14T00:01:00","date_gmt":"2026-03-14T06:01:00","guid":{"rendered":"https:\/\/www.opinionpublica.tv\/portada\/?p=80974"},"modified":"2026-03-13T15:47:06","modified_gmt":"2026-03-13T21:47:06","slug":"efemerides-14-de-marzo-un-dia-como-hoy-en-la-historia","status":"publish","type":"post","link":"https:\/\/www.opinionpublica.tv\/portada\/efemerides-14-de-marzo-un-dia-como-hoy-en-la-historia\/","title":{"rendered":"Efem\u00e9rides 14 de marzo | Un d\u00eda como hoy en la historia&#8230;"},"content":{"rendered":"\n<p class=\"wp-block-paragraph\"><em>Un d\u00eda 14 de marzo como hoy, pero de 2012, la Enciclopedia Brit\u00e1nica deja de imprimirse en papel tras 244 a\u00f1os y se queda solo con su edici\u00f3n digital<\/em>.<\/p>\n\n\n\n<figure class=\"wp-block-image size-large\"><img fetchpriority=\"high\" decoding=\"async\" width=\"1024\" height=\"424\" src=\"https:\/\/www.opinionpublica.tv\/portada\/wp-content\/uploads\/2026\/03\/2012-la-Enciclopedia-Britanica-deja-de-imprimirse-en-papel-tras-244-anos-1024x424.jpeg\" alt=\"2012, la enciclopedia brita\u0301nica deja de imprimirse en papel tras 244 an\u0303os\" class=\"wp-image-80975\" srcset=\"https:\/\/www.opinionpublica.tv\/portada\/wp-content\/uploads\/2026\/03\/2012-la-Enciclopedia-Britanica-deja-de-imprimirse-en-papel-tras-244-anos-1024x424.jpeg 1024w, https:\/\/www.opinionpublica.tv\/portada\/wp-content\/uploads\/2026\/03\/2012-la-Enciclopedia-Britanica-deja-de-imprimirse-en-papel-tras-244-anos-300x124.jpeg 300w, https:\/\/www.opinionpublica.tv\/portada\/wp-content\/uploads\/2026\/03\/2012-la-Enciclopedia-Britanica-deja-de-imprimirse-en-papel-tras-244-anos-768x318.jpeg 768w, https:\/\/www.opinionpublica.tv\/portada\/wp-content\/uploads\/2026\/03\/2012-la-Enciclopedia-Britanica-deja-de-imprimirse-en-papel-tras-244-anos.jpeg 1200w\" sizes=\"(max-width: 1024px) 100vw, 1024px\" \/><\/figure>\n\n\n\n<p class=\"wp-block-paragraph\"><strong>Otras efem\u00e9rides<\/strong><\/p>\n\n\n\n<p class=\"wp-block-paragraph\">1519.- Las tropas de Hern\u00e1n Cortes derrotan a los \u00edndigenas, mayas-chontales, dirigidos por Taabscoob en la batalla de Centla (M\u00e9xico).<\/p>\n\n\n\n<p class=\"wp-block-paragraph\">1892.- Comienza a publicarse en Nueva York el peri\u00f3dico \u00abPatria\u00bb, fundado y dirigido por el cubano Jos\u00e9 Mart\u00ed para colaborar en la lucha por la independencia de su pa\u00eds.<\/p>\n\n\n\n<p class=\"wp-block-paragraph\">1916.- Primera Guerra Mundial: Los alemanes toman los altos del \u00abMort-Homme\u00bb, frente a la localidad francesa de Verd\u00fan.<\/p>\n\n\n\n<p class=\"wp-block-paragraph\">1918.- El Kremlin en Mosc\u00fa es elegido como la nueva sede del gobierno de la Uni\u00f3n Sovi\u00e9tica.<\/p>\n\n\n\n<p class=\"wp-block-paragraph\">1937.- Pio XI se pronuncia contra el nazismo en su enc\u00edclica \u00abEn mi angustiosa inquietud\u00bb.<\/p>\n\n\n\n<p class=\"wp-block-paragraph\">1948.- El Senado estadounidense aprueba el Plan Marshall.<\/p>\n\n\n\n<p class=\"wp-block-paragraph\">1949.- Unos 450 mil mineros estadounidenses comienzan una huelga para reclamar mejoras salariales.<\/p>\n\n\n\n<p class=\"wp-block-paragraph\">1953.- Nikita Jrushchov es elegido secretario general del Partido Comunista de la Uni\u00f3n Sovi\u00e9tica.<\/p>\n\n\n\n<p class=\"wp-block-paragraph\">1959.- Aldo Moro accede a la secretar\u00eda general de la Democracia Cristiana de Italia.<\/p>\n\n\n\n<p class=\"wp-block-paragraph\">1964.- Jack Ruby, asesino de Lee Harvey Oswald autor del magnicidio contra el presidente estadounidense John F.Kennedy, es condenado a muerte aunque finalmente muri\u00f3 en prisi\u00f3n en 1967.<\/p>\n\n\n\n<p class=\"wp-block-paragraph\">1972.- Estreno en el Loew&#8217;s State Theatre de Nueva York de \u00abEl Padrino\u00bb dirigida por Francis Ford Coppola, una de las pel\u00edculas m\u00e1s importantes de la historia del cine y primera de una trilog\u00eda que cosech\u00f3 nueve premios Oscar.<\/p>\n\n\n\n<p class=\"wp-block-paragraph\">1974.- Cerrado definitivamente el diario \u00abEl Mundo\u00bb, de Buenos Aires.<\/p>\n\n\n\n<p class=\"wp-block-paragraph\">1978.- Israel invade el L\u00edbano.<\/p>\n\n\n\n<p class=\"wp-block-paragraph\">1980.- Francisco Antonio Vidal asume la presidencia de la Rep\u00fablica de Uruguay, tras la renuncia de Lorenzo Latorre.<\/p>\n\n\n\n<p class=\"wp-block-paragraph\">1984.- El l\u00edder republicano norirland\u00e9s, Gerry Adams, resulta herido en un intento de asesinato en Belfast.<\/p>\n\n\n\n<p class=\"wp-block-paragraph\">1985.- El Senado argentino aprueba por mayor\u00eda el tratado lim\u00edtrofe con Chile sobre el canal de Beagle.<\/p>\n\n\n\n<p class=\"wp-block-paragraph\">1986.- Es detenido el teniente general ecuatoriano Frank Vargas Pazzos, que se hab\u00eda sublevado por segunda vez contra el Gobierno de su pa\u00eds.<\/p>\n\n\n\n<p class=\"wp-block-paragraph\">1998.- El Comit\u00e9 Monetario Europeo aprueba la entrada de la dracma griega en el Sistema Monetario Europeo (SME).<\/p>\n\n\n\n<p class=\"wp-block-paragraph\">1998.- Muere Estanislao Tapia, \u00faltimo superviviente de los combatientes que acompa\u00f1aron al revolucionario mexicano Emiliano Zapata.<\/p>\n\n\n\n<p class=\"wp-block-paragraph\">2001.- La justicia peruana interviene el Pacific Industrial Bank, con sede en Gran Caim\u00e1n, por su vinculaci\u00f3n con el ex asesor de seguridad Vladimiro Montesinos.<\/p>\n\n\n\n<p class=\"wp-block-paragraph\">2004.- Tres d\u00edas despu\u00e9s de los atentados yihadistas del 11-M en Madrid el PSOE liderado por Jos\u00e9 Luis Rodr\u00edguez Zapatero gana las elecciones legislativas en Espa\u00f1a con el 42,64% de los votos.<\/p>\n\n\n\n<p class=\"wp-block-paragraph\">2013.- Una sentencia del Tribunal de Justicia de la Uni\u00f3n Europea declara los procesos de desahucio en Espa\u00f1a contrarios a la legislaci\u00f3n europea.<\/p>\n\n\n\n<p class=\"wp-block-paragraph\">2020.- El Consejo de Ministros declara el Estado de Alarma en todo el territorio espa\u00f1ol por la pandemia de la Covid-19, que supone severas restricciones al movimiento de los ciudadanos.<\/p>\n\n\n\n<p class=\"wp-block-paragraph\"><strong>Nacimientos<\/strong><\/p>\n\n\n\n<p class=\"wp-block-paragraph\">1681.- Georg Philipp Telemann, compositor de m\u00fasica alem\u00e1n.<\/p>\n\n\n\n<p class=\"wp-block-paragraph\">1804.- Johann Strauss, compositor austriaco.<\/p>\n\n\n\n<p class=\"wp-block-paragraph\">1854.- Pablo Ehrlich, investigador alem\u00e1n. Premio Nobel en 1908, creador del primer f\u00e1rmaco eficaz contra la s\u00edfilis.<\/p>\n\n\n\n<p class=\"wp-block-paragraph\">1879.- Albert Einstein, f\u00edsico alem\u00e1n, Nobel de F\u00edsica 1922.<\/p>\n\n\n\n<p class=\"wp-block-paragraph\">1889.- Arturo Capdevila, poeta e historiador argentino.<\/p>\n\n\n\n<p class=\"wp-block-paragraph\">1928.- F\u00e9lix Rodr\u00edguez de la Fuente, naturalista espa\u00f1ol.<\/p>\n\n\n\n<p class=\"wp-block-paragraph\">1933.- Michael Caine, actor brit\u00e1nico.<\/p>\n\n\n\n<p class=\"wp-block-paragraph\">1948.- Billy Crystal, actor estadounidense.<\/p>\n\n\n\n<p class=\"wp-block-paragraph\">1958.- Alberto Alejandro Luis Pedro Grimaldi, Alberto II de M\u00f3naco, pr\u00edncipe de M\u00f3naco.<\/p>\n\n\n\n<p class=\"wp-block-paragraph\">1963.- Pedro Duque, primer astronauta nacido en Espa\u00f1a en viajar al espacio.<\/p>\n\n\n\n<p class=\"wp-block-paragraph\">1983.- Jordan Taylor Hanson, Taylor Hanson, m\u00fasico estadounidense, cantante y teclista del grupo musical Hanson.<\/p>\n\n\n\n<p class=\"wp-block-paragraph\"><strong>Defunciones<\/strong><\/p>\n\n\n\n<p class=\"wp-block-paragraph\">1871.- Benjam\u00edn Franklin Rawson, pintor argentino.<\/p>\n\n\n\n<p class=\"wp-block-paragraph\">1877.- Juan Manuel de Rosas, expresidente argentino.<\/p>\n\n\n\n<p class=\"wp-block-paragraph\">1883.- Karl Marx, pol\u00edtico, fil\u00f3sofo y economista alem\u00e1n.<\/p>\n\n\n\n<p class=\"wp-block-paragraph\">1946.- Jos\u00e9 Antonio Sald\u00edas, novelista y dramaturgo argentino.<\/p>\n\n\n\n<p class=\"wp-block-paragraph\">1980.- F\u00e9lix Rodr\u00edguez de la Fuente, naturalista espa\u00f1ol.<\/p>\n\n\n\n<p class=\"wp-block-paragraph\">1984.- Aurelio Peccei, italiano, fundador del Club de Roma.<\/p>\n\n\n\n<p class=\"wp-block-paragraph\">1989.- Zita de Borb\u00f3n Parma, emperatriz de Austria.<\/p>\n\n\n\n<p class=\"wp-block-paragraph\">1992.- Maurice Chapelan, escritor franc\u00e9s.<\/p>\n\n\n\n<p class=\"wp-block-paragraph\">1997.- Fred Zinnemann, director de cine austriaco, nacionalizado estadounidense.<\/p>\n\n\n\n<p class=\"wp-block-paragraph\">2003.- Roberto Murolo, cantante napolitano.<\/p>\n\n\n\n<p class=\"wp-block-paragraph\">2010.- Peter Graves, actor estadounidense.<\/p>\n\n\n\n<p class=\"wp-block-paragraph\">2011.- F\u00e9lix Jim\u00e9nez G\u00f3mez (F\u00e9lix de Guarania), poeta y escritor paraguayo.<\/p>\n\n\n\n<p class=\"wp-block-paragraph\">2016.- Peter Maxwell Davies, compositor y director de orquesta brit\u00e1nico, 81 a\u00f1os.<\/p>\n\n\n\n<p class=\"wp-block-paragraph\">2018.- Stephen Hawking, f\u00edsico brit\u00e1nico.<\/p>\n\n\n\n<p class=\"wp-block-paragraph\">2022.- Jorge Silva Melo, actor, dramaturgo y cineasta portugu\u00e9s.<\/p>\n","protected":false},"excerpt":{"rendered":"<p>Un d\u00eda 14 de marzo como hoy, pero de 2012, la Enciclopedia Brit\u00e1nica deja de imprimirse en papel tras 244 a\u00f1os y se queda solo con su edici\u00f3n digital. Otras efem\u00e9rides 1519.- Las tropas de Hern\u00e1n Cortes derrotan a los \u00edndigenas, mayas-chontales, dirigidos por Taabscoob en la batalla de Centla (M\u00e9xico). 1892.- Comienza a publicarse [&hellip;]<\/p>\n","protected":false},"author":6,"featured_media":80975,"comment_status":"closed","ping_status":"closed","sticky":false,"template":"","format":"standard","meta":{"_acf_changed":false,"_monsterinsights_skip_tracking":false,"slim_seo":{"title":"Efem\u00e9rides 14 de marzo | Un d\u00eda como hoy en la historia... - Opini\u00f3n P\u00fablica","description":"Un d\u00eda 14 de marzo como hoy, pero de 2012, la Enciclopedia Brit\u00e1nica deja de imprimirse en papel tras 244 a\u00f1os y se queda solo con su edici\u00f3n digital . Otras ef"},"footnotes":""},"categories":[27],"tags":[2693,2694],"class_list":["post-80974","post","type-post","status-publish","format-standard","has-post-thumbnail","hentry","category-un-dia-como-hoy","tag-efemerides-14-de-marzo","tag-enciclopedia-britanica"],"acf":[],"_links":{"self":[{"href":"https:\/\/www.opinionpublica.tv\/portada\/wp-json\/wp\/v2\/posts\/80974","targetHints":{"allow":["GET"]}}],"collection":[{"href":"https:\/\/www.opinionpublica.tv\/portada\/wp-json\/wp\/v2\/posts"}],"about":[{"href":"https:\/\/www.opinionpublica.tv\/portada\/wp-json\/wp\/v2\/types\/post"}],"author":[{"embeddable":true,"href":"https:\/\/www.opinionpublica.tv\/portada\/wp-json\/wp\/v2\/users\/6"}],"replies":[{"embeddable":true,"href":"https:\/\/www.opinionpublica.tv\/portada\/wp-json\/wp\/v2\/comments?post=80974"}],"version-history":[{"count":1,"href":"https:\/\/www.opinionpublica.tv\/portada\/wp-json\/wp\/v2\/posts\/80974\/revisions"}],"predecessor-version":[{"id":80976,"href":"https:\/\/www.opinionpublica.tv\/portada\/wp-json\/wp\/v2\/posts\/80974\/revisions\/80976"}],"wp:featuredmedia":[{"embeddable":true,"href":"https:\/\/www.opinionpublica.tv\/portada\/wp-json\/wp\/v2\/media\/80975"}],"wp:attachment":[{"href":"https:\/\/www.opinionpublica.tv\/portada\/wp-json\/wp\/v2\/media?parent=80974"}],"wp:term":[{"taxonomy":"category","embeddable":true,"href":"https:\/\/www.opinionpublica.tv\/portada\/wp-json\/wp\/v2\/categories?post=80974"},{"taxonomy":"post_tag","embeddable":true,"href":"https:\/\/www.opinionpublica.tv\/portada\/wp-json\/wp\/v2\/tags?post=80974"}],"curies":[{"name":"wp","href":"https:\/\/api.w.org\/{rel}","templated":true}]}}