{"id":80953,"date":"2026-03-13T00:01:00","date_gmt":"2026-03-13T06:01:00","guid":{"rendered":"https:\/\/www.opinionpublica.tv\/portada\/?p=80953"},"modified":"2026-03-12T20:06:08","modified_gmt":"2026-03-13T02:06:08","slug":"piden-a-juarenses-participar-con-aportaciones-al-reglamento-de-bienestar-animal","status":"publish","type":"post","link":"https:\/\/www.opinionpublica.tv\/portada\/piden-a-juarenses-participar-con-aportaciones-al-reglamento-de-bienestar-animal\/","title":{"rendered":"Piden a juarenses realizar aportaciones al Reglamento de Bienestar Animal"},"content":{"rendered":"\n<figure class=\"wp-block-image size-large\"><img fetchpriority=\"high\" decoding=\"async\" width=\"1024\" height=\"682\" src=\"https:\/\/www.opinionpublica.tv\/portada\/wp-content\/uploads\/2026\/03\/Piden-a-juarenses-realizar-aportaciones-al-Reglamento-de-Bienestar-Animal-1024x682.jpeg\" alt=\"Piden a juarenses realizar aportaciones al reglamento de bienestar animal\" class=\"wp-image-80957\" srcset=\"https:\/\/www.opinionpublica.tv\/portada\/wp-content\/uploads\/2026\/03\/Piden-a-juarenses-realizar-aportaciones-al-Reglamento-de-Bienestar-Animal-1024x682.jpeg 1024w, https:\/\/www.opinionpublica.tv\/portada\/wp-content\/uploads\/2026\/03\/Piden-a-juarenses-realizar-aportaciones-al-Reglamento-de-Bienestar-Animal-300x200.jpeg 300w, https:\/\/www.opinionpublica.tv\/portada\/wp-content\/uploads\/2026\/03\/Piden-a-juarenses-realizar-aportaciones-al-Reglamento-de-Bienestar-Animal-768x512.jpeg 768w, https:\/\/www.opinionpublica.tv\/portada\/wp-content\/uploads\/2026\/03\/Piden-a-juarenses-realizar-aportaciones-al-Reglamento-de-Bienestar-Animal-1536x1023.jpeg 1536w, https:\/\/www.opinionpublica.tv\/portada\/wp-content\/uploads\/2026\/03\/Piden-a-juarenses-realizar-aportaciones-al-Reglamento-de-Bienestar-Animal.jpeg 1600w\" sizes=\"(max-width: 1024px) 100vw, 1024px\" \/><\/figure>\n\n\n\n<p class=\"wp-block-paragraph\"><em>Ciudad Ju\u00e1rez, Chih<\/em>.- Luego de que se dio a conocer el proyecto de Reglamento de Bienestar Animal para el municipio de Ju\u00e1rez, la directora de Atenci\u00f3n y Bienestar Animal (DABA), Alma Edith Arredondo Salinas, invit\u00f3 a los juarenses a participar para enriquecer este documento en beneficio de las mascotas y de la misma comunidad.<\/p>\n\n\n\n<p class=\"wp-block-paragraph\">En especial, hizo la invitaci\u00f3n a los veterinarios, animalistas y otros grupos de la sociedad para que est\u00e9n pendientes para el an\u00e1lisis del proyecto y participen en \u00e9l.<\/p>\n\n\n\n<p class=\"wp-block-paragraph\">\u201cEste reglamento es una herramienta muy importante para la dependencia, pero sobre todo, para el bienestar de los animales, porque se reconocen sus derechos se promueve respetarlos y se castiga a quien los infringe\u201d, mencion\u00f3 la funcionaria.<\/p>\n\n\n\n<p class=\"wp-block-paragraph\">Coment\u00f3 que este reglamento est\u00e1 dise\u00f1ado para reforzar el trabajo que realiza DABA, adem\u00e1s de facilitar la actuaci\u00f3n conjunta con el Sistema de Justicia C\u00edvica para responder con mayor rapidez a los casos de maltrato animal.<\/p>\n\n\n\n<p class=\"wp-block-paragraph\">Se\u00f1al\u00f3 que algunos de los puntos que considera este reglamento son definiciones claras y modernas para t\u00e9rminos gen\u00e9ricos como Bienestar Animal, Tutor y Animal Dom\u00e9stico, con el fin de establecer una base jur\u00eddica m\u00e1s precisa.<\/p>\n\n\n\n<p class=\"wp-block-paragraph\">Adem\u00e1s de reconocer como tutor a toda persona que ejerza la custodia de un animal, asumiendo de manera expresa o t\u00e1cita las obligaciones correspondientes para dejar atr\u00e1s la visi\u00f3n de los animales como objetos de posesi\u00f3n.<\/p>\n\n\n\n<p class=\"wp-block-paragraph\">Tambi\u00e9n la formalizaci\u00f3n de las atribuciones, funciones y responsabilidades de la Direcci\u00f3n de Atenci\u00f3n y Bienestar Animal del Municipio de Ju\u00e1rez, para garantizar su adecuado funcionamiento.<\/p>\n\n\n\n<p class=\"wp-block-paragraph\">Asimismo, se establece al Centro de Bienestar Animal como organismo dependiente de dicha Direcci\u00f3n, en cumplimiento con el convenio entre la Secretar\u00eda de Salud del Estado de Chihuahua y el Municipio de Ju\u00e1rez.<\/p>\n\n\n\n<p class=\"wp-block-paragraph\">El reglamento tambi\u00e9n contempla la esterilizaci\u00f3n de perros y gatos, ya sea por la Direcci\u00f3n de Atenci\u00f3n y Bienestar Animal o por m\u00e9dicos veterinarios particulares, como pol\u00edtica p\u00fablica para controlar la sobrepoblaci\u00f3n de animales en situaci\u00f3n de calle.<\/p>\n","protected":false},"excerpt":{"rendered":"<p>Ciudad Ju\u00e1rez, Chih.- Luego de que se dio a conocer el proyecto de Reglamento de Bienestar Animal para el municipio de Ju\u00e1rez, la directora de Atenci\u00f3n y Bienestar Animal (DABA), Alma Edith Arredondo Salinas, invit\u00f3 a los juarenses a participar para enriquecer este documento en beneficio de las mascotas y de la misma comunidad. En [&hellip;]<\/p>\n","protected":false},"author":6,"featured_media":80957,"comment_status":"closed","ping_status":"closed","sticky":false,"template":"","format":"standard","meta":{"_acf_changed":false,"_monsterinsights_skip_tracking":false,"slim_seo":{"title":"Piden a juarenses realizar aportaciones al Reglamento de Bienestar Animal - Opini\u00f3n P\u00fablica","description":"Ciudad Ju\u00e1rez, Chih .- Luego de que se dio a conocer el proyecto de Reglamento de Bienestar Animal para el municipio de Ju\u00e1rez, la directora de Atenci\u00f3n y Biene"},"footnotes":""},"categories":[41],"tags":[1172,608,2689],"class_list":["post-80953","post","type-post","status-publish","format-standard","has-post-thumbnail","hentry","category-juarez","tag-bienestar-animal","tag-ciudad-juarez","tag-reglamento"],"acf":[],"_links":{"self":[{"href":"https:\/\/www.opinionpublica.tv\/portada\/wp-json\/wp\/v2\/posts\/80953","targetHints":{"allow":["GET"]}}],"collection":[{"href":"https:\/\/www.opinionpublica.tv\/portada\/wp-json\/wp\/v2\/posts"}],"about":[{"href":"https:\/\/www.opinionpublica.tv\/portada\/wp-json\/wp\/v2\/types\/post"}],"author":[{"embeddable":true,"href":"https:\/\/www.opinionpublica.tv\/portada\/wp-json\/wp\/v2\/users\/6"}],"replies":[{"embeddable":true,"href":"https:\/\/www.opinionpublica.tv\/portada\/wp-json\/wp\/v2\/comments?post=80953"}],"version-history":[{"count":3,"href":"https:\/\/www.opinionpublica.tv\/portada\/wp-json\/wp\/v2\/posts\/80953\/revisions"}],"predecessor-version":[{"id":80958,"href":"https:\/\/www.opinionpublica.tv\/portada\/wp-json\/wp\/v2\/posts\/80953\/revisions\/80958"}],"wp:featuredmedia":[{"embeddable":true,"href":"https:\/\/www.opinionpublica.tv\/portada\/wp-json\/wp\/v2\/media\/80957"}],"wp:attachment":[{"href":"https:\/\/www.opinionpublica.tv\/portada\/wp-json\/wp\/v2\/media?parent=80953"}],"wp:term":[{"taxonomy":"category","embeddable":true,"href":"https:\/\/www.opinionpublica.tv\/portada\/wp-json\/wp\/v2\/categories?post=80953"},{"taxonomy":"post_tag","embeddable":true,"href":"https:\/\/www.opinionpublica.tv\/portada\/wp-json\/wp\/v2\/tags?post=80953"}],"curies":[{"name":"wp","href":"https:\/\/api.w.org\/{rel}","templated":true}]}}