{"id":80942,"date":"2026-03-13T00:01:00","date_gmt":"2026-03-13T06:01:00","guid":{"rendered":"https:\/\/www.opinionpublica.tv\/portada\/?p=80942"},"modified":"2026-03-12T19:52:30","modified_gmt":"2026-03-13T01:52:30","slug":"emiten-recomendaciones-por-mala-calidad-del-aire-en-varios-municipios-de-la-entidad","status":"publish","type":"post","link":"https:\/\/www.opinionpublica.tv\/portada\/emiten-recomendaciones-por-mala-calidad-del-aire-en-varios-municipios-de-la-entidad\/","title":{"rendered":"Emiten recomendaciones por mala calidad del aire en varios municipios de la entidad"},"content":{"rendered":"\n<figure class=\"wp-block-image size-large\"><img fetchpriority=\"high\" decoding=\"async\" width=\"1024\" height=\"576\" src=\"https:\/\/www.opinionpublica.tv\/portada\/wp-content\/uploads\/2026\/03\/Emiten-recomendaciones-por-mala-calidad-del-aire-en-varios-municipios-de-la-entidad-1024x576.jpeg\" alt=\"Emiten recomendaciones por mala calidad del aire en varios municipios de la entidad\" class=\"wp-image-80945\" srcset=\"https:\/\/www.opinionpublica.tv\/portada\/wp-content\/uploads\/2026\/03\/Emiten-recomendaciones-por-mala-calidad-del-aire-en-varios-municipios-de-la-entidad-1024x576.jpeg 1024w, https:\/\/www.opinionpublica.tv\/portada\/wp-content\/uploads\/2026\/03\/Emiten-recomendaciones-por-mala-calidad-del-aire-en-varios-municipios-de-la-entidad-300x169.jpeg 300w, https:\/\/www.opinionpublica.tv\/portada\/wp-content\/uploads\/2026\/03\/Emiten-recomendaciones-por-mala-calidad-del-aire-en-varios-municipios-de-la-entidad-768x432.jpeg 768w, https:\/\/www.opinionpublica.tv\/portada\/wp-content\/uploads\/2026\/03\/Emiten-recomendaciones-por-mala-calidad-del-aire-en-varios-municipios-de-la-entidad-1536x864.jpeg 1536w, https:\/\/www.opinionpublica.tv\/portada\/wp-content\/uploads\/2026\/03\/Emiten-recomendaciones-por-mala-calidad-del-aire-en-varios-municipios-de-la-entidad.jpeg 1599w\" sizes=\"(max-width: 1024px) 100vw, 1024px\" \/><\/figure>\n\n\n\n<p class=\"wp-block-paragraph\"><em>Chihuahua, Chih<\/em>.- El Gobierno del Estado, a trav\u00e9s de la Coordinaci\u00f3n Estatal de Protecci\u00f3n Civil (CEPC), en conjunto con la Secretar\u00eda de Desarrollo Urbano y Ecolog\u00eda (SEDUE) y la Secretar\u00eda de Secretar\u00eda de Salud (SS) emiti\u00f3 una serie de recomendaciones para prevenir enfermedades, ante la mala calidad del aire en diversas zonas del estado.<\/p>\n\n\n\n<p class=\"wp-block-paragraph\">Lo anterior, indicaron las autoridades, derivado de la presencia de part\u00edculas de polvo suspendidas en el ambiente que pueden incidir en la presencia o propagaci\u00f3n de trastornos respiratorios y\/o al\u00e9rgicos.<\/p>\n\n\n\n<p class=\"wp-block-paragraph\">La SEDUE indic\u00f3 que durante el lapso de enero a abril, cuando la presencia de vientos fuertes es m\u00e1s com\u00fan, se incrementa la concentraci\u00f3n de part\u00edculas PM 10 y PM 2.5, lo que puede provocar malestares que afectan particularmente a infantes y adultos mayores.<\/p>\n\n\n\n<p class=\"wp-block-paragraph\">Por su parte, la Secretar\u00eda de Salud del Estado exhort\u00f3 a la ciudadan\u00eda a tomar medidas preventivas y evitar as\u00ed afectaciones, principalmente en personas con padecimientos respiratorios o alergias.<\/p>\n\n\n\n<p class=\"wp-block-paragraph\">Gumaro Barrios, subdirector de Epidemiolog\u00eda de la SS, reiter\u00f3 la importancia de seguir las recomendaciones m\u00e9dicas, particularmente quienes son propensos a desarrollar afecciones como conjuntivitis, rinitis o enfermedades de las v\u00edas respiratorias.<\/p>\n\n\n\n<p class=\"wp-block-paragraph\">De manera adicional, la CEPC recomend\u00f3 no permanecer al aire libre por periodos prolongados cuando el viento incremente su velocidad, utilizar cubre bocas o mascarilla para reducir la inhalaci\u00f3n de polvo, cerrar puertas y ventanas si se percibe polvo en el ambiente, evitar actividades f\u00edsicas intensas a la intemperie, mantenerse hidratado y proteger a los grupos vulnerables.<\/p>\n\n\n\n<p class=\"wp-block-paragraph\">Exhort\u00f3 a la poblaci\u00f3n a mantenerse informada a trav\u00e9s de los canales oficiales ya que las condiciones pueden variar seg\u00fan el clima y la intensidad del viento.<\/p>\n","protected":false},"excerpt":{"rendered":"<p>Chihuahua, Chih.- El Gobierno del Estado, a trav\u00e9s de la Coordinaci\u00f3n Estatal de Protecci\u00f3n Civil (CEPC), en conjunto con la Secretar\u00eda de Desarrollo Urbano y Ecolog\u00eda (SEDUE) y la Secretar\u00eda de Secretar\u00eda de Salud (SS) emiti\u00f3 una serie de recomendaciones para prevenir enfermedades, ante la mala calidad del aire en diversas zonas del estado. Lo [&hellip;]<\/p>\n","protected":false},"author":6,"featured_media":80945,"comment_status":"closed","ping_status":"closed","sticky":false,"template":"","format":"standard","meta":{"_acf_changed":false,"_monsterinsights_skip_tracking":false,"slim_seo":{"title":"Emiten recomendaciones por mala calidad del aire en varios municipios de la entidad - Opini\u00f3n P\u00fablica","description":"Chihuahua, Chih .- El Gobierno del Estado, a trav\u00e9s de la Coordinaci\u00f3n Estatal de Protecci\u00f3n Civil (CEPC), en conjunto con la Secretar\u00eda de Desarrollo Urbano y"},"footnotes":""},"categories":[11],"tags":[88,608,667,2688],"class_list":["post-80942","post","type-post","status-publish","format-standard","has-post-thumbnail","hentry","category-tendencias","tag-chihuahua","tag-ciudad-juarez","tag-contaminacion","tag-mala-calidad-del-aire"],"acf":[],"_links":{"self":[{"href":"https:\/\/www.opinionpublica.tv\/portada\/wp-json\/wp\/v2\/posts\/80942","targetHints":{"allow":["GET"]}}],"collection":[{"href":"https:\/\/www.opinionpublica.tv\/portada\/wp-json\/wp\/v2\/posts"}],"about":[{"href":"https:\/\/www.opinionpublica.tv\/portada\/wp-json\/wp\/v2\/types\/post"}],"author":[{"embeddable":true,"href":"https:\/\/www.opinionpublica.tv\/portada\/wp-json\/wp\/v2\/users\/6"}],"replies":[{"embeddable":true,"href":"https:\/\/www.opinionpublica.tv\/portada\/wp-json\/wp\/v2\/comments?post=80942"}],"version-history":[{"count":2,"href":"https:\/\/www.opinionpublica.tv\/portada\/wp-json\/wp\/v2\/posts\/80942\/revisions"}],"predecessor-version":[{"id":80946,"href":"https:\/\/www.opinionpublica.tv\/portada\/wp-json\/wp\/v2\/posts\/80942\/revisions\/80946"}],"wp:featuredmedia":[{"embeddable":true,"href":"https:\/\/www.opinionpublica.tv\/portada\/wp-json\/wp\/v2\/media\/80945"}],"wp:attachment":[{"href":"https:\/\/www.opinionpublica.tv\/portada\/wp-json\/wp\/v2\/media?parent=80942"}],"wp:term":[{"taxonomy":"category","embeddable":true,"href":"https:\/\/www.opinionpublica.tv\/portada\/wp-json\/wp\/v2\/categories?post=80942"},{"taxonomy":"post_tag","embeddable":true,"href":"https:\/\/www.opinionpublica.tv\/portada\/wp-json\/wp\/v2\/tags?post=80942"}],"curies":[{"name":"wp","href":"https:\/\/api.w.org\/{rel}","templated":true}]}}