{"id":80932,"date":"2026-03-13T00:01:00","date_gmt":"2026-03-13T06:01:00","guid":{"rendered":"https:\/\/www.opinionpublica.tv\/portada\/?p=80932"},"modified":"2026-03-12T19:39:06","modified_gmt":"2026-03-13T01:39:06","slug":"sin-fondo-de-emergencia-y-al-limite-de-capacidad-caracteristicas-de-deudores-en-mexico-encuesta-insisten-en-educacion-financiera","status":"publish","type":"post","link":"https:\/\/www.opinionpublica.tv\/portada\/sin-fondo-de-emergencia-y-al-limite-de-capacidad-caracteristicas-de-deudores-en-mexico-encuesta-insisten-en-educacion-financiera\/","title":{"rendered":"Sin fondo de emergencia y al l\u00edmite de capacidad, caracter\u00edsticas de deudores en M\u00e9xico; falta educaci\u00f3n financiera"},"content":{"rendered":"\n<figure class=\"wp-block-image size-large\"><img fetchpriority=\"high\" decoding=\"async\" width=\"1024\" height=\"631\" src=\"https:\/\/www.opinionpublica.tv\/portada\/wp-content\/uploads\/2026\/03\/Sin-fondo-de-emergencia-y-al-limite-de-capacidad-caracteristicas-de-deudores-en-Mexico-falta-educacion-financiera-1024x631.avif\" alt=\"Sin fondo de emergencia y al li\u0301mite de capacidad, caracteri\u0301sticas de deudores en me\u0301xico; falta educacio\u0301n financiera\" class=\"wp-image-80935\" srcset=\"https:\/\/www.opinionpublica.tv\/portada\/wp-content\/uploads\/2026\/03\/Sin-fondo-de-emergencia-y-al-limite-de-capacidad-caracteristicas-de-deudores-en-Mexico-falta-educacion-financiera-1024x631.avif 1024w, https:\/\/www.opinionpublica.tv\/portada\/wp-content\/uploads\/2026\/03\/Sin-fondo-de-emergencia-y-al-limite-de-capacidad-caracteristicas-de-deudores-en-Mexico-falta-educacion-financiera-300x185.avif 300w, https:\/\/www.opinionpublica.tv\/portada\/wp-content\/uploads\/2026\/03\/Sin-fondo-de-emergencia-y-al-limite-de-capacidad-caracteristicas-de-deudores-en-Mexico-falta-educacion-financiera-768x473.avif 768w, https:\/\/www.opinionpublica.tv\/portada\/wp-content\/uploads\/2026\/03\/Sin-fondo-de-emergencia-y-al-limite-de-capacidad-caracteristicas-de-deudores-en-Mexico-falta-educacion-financiera.avif 1081w\" sizes=\"(max-width: 1024px) 100vw, 1024px\" \/><\/figure>\n\n\n\n<p class=\"wp-block-paragraph\">La mayor\u00eda de los mexicanos que enfrentan problemas de endeudamiento opera al l\u00edmite de su capacidad financiera y carece de ahorros para enfrentar imprevistos, de acuerdo con el reporte anual \u201cDeudas de los mexicanos: Motivos, soluciones y retos\u201d.<\/p>\n\n\n\n<p class=\"wp-block-paragraph\">El estudio, elaborado por la firma Bravo, revela que 77% de los participantes vive cerca o por encima de su capacidad financiera, mientras que 85% no cuenta con un fondo de emergencia equivalente a tres meses de ingresos.<\/p>\n\n\n\n<p class=\"wp-block-paragraph\">El informe, basado en encuestas digitales aplicadas a clientes de la firma a nivel nacional, identifica patrones de consumo y comportamiento financiero entre personas que han experimentado sobreendeudamiento.<\/p>\n\n\n\n<p class=\"wp-block-paragraph\">Entre los hallazgos destaca que, aunque 63% de los encuestados asegura realizar un presupuesto incluso antes de caer en deudas, el monto promedio de los compromisos financieros ronda los 193 mil 198 pesos, tomando como referencia el perfil del deudor observado en 2025.<\/p>\n\n\n\n<p class=\"wp-block-paragraph\">La falta de respaldo financiero es uno de los factores que agravan la situaci\u00f3n de quienes enfrentan problemas con el cr\u00e9dito, lo que refleja una alta vulnerabilidad financiera frente a eventos inesperados.<\/p>\n\n\n\n<p class=\"wp-block-paragraph\">Causas y consecuencias del sobreendeudamiento entre mexicanos<\/p>\n\n\n\n<p class=\"wp-block-paragraph\">Entre las principales causas que llevaron a los participantes a su situaci\u00f3n de sobreendeudamiento se encuentran los malos h\u00e1bitos financieros, mencionados por 22% de los encuestados, seguidos por la p\u00e9rdida de empleo con 20% y los negocios fallidos con 16%.<\/p>\n\n\n\n<p class=\"wp-block-paragraph\">El estudio tambi\u00e9n advierte que el impacto del endeudamiento va m\u00e1s all\u00e1 de lo econ\u00f3mico. Un 85% de los participantes report\u00f3 altos niveles de estr\u00e9s relacionados con su situaci\u00f3n financiera, mientras que 66% mencion\u00f3 ansiedad y 53% se\u00f1al\u00f3 padecer insomnio.<\/p>\n\n\n\n<p class=\"wp-block-paragraph\">En cuanto al acceso al cr\u00e9dito, el reporte indica que 52% de los encuestados tuvo su primer contacto con financiamiento a trav\u00e9s de tarjetas de cr\u00e9dito, y 54% obtuvo ese primer producto con el objetivo de construir historial crediticio.<\/p>\n\n\n\n<p class=\"wp-block-paragraph\">Sin embargo, el uso del cr\u00e9dito ha evolucionado con el tiempo: 39% solicit\u00f3 su \u00faltimo producto para cubrir gastos cotidianos y 29% para pagar otras deudas.<\/p>\n\n\n\n<p class=\"wp-block-paragraph\">El codirector de Bravo en M\u00e9xico, Diego Paill\u00e9s, se\u00f1al\u00f3 que entender el comportamiento financiero de los deudores es clave para atender el problema del sobreendeudamiento. Explic\u00f3 que el an\u00e1lisis permite identificar las barreras que enfrentan las personas en el manejo de sus finanzas y convertirlas en oportunidades de aprendizaje que contribuyan a mejorar su bienestar econ\u00f3mico.<\/p>\n\n\n\n<p class=\"wp-block-paragraph\">Aunque 71% de los encuestados afirma conocer la diferencia entre pago m\u00ednimo y pago total en una tarjeta de cr\u00e9dito, 47% desconoce cu\u00e1nto tiempo tardar\u00eda en liquidar su deuda si solo realiza pagos m\u00ednimos.<\/p>\n\n\n\n<p class=\"wp-block-paragraph\">Educaci\u00f3n financiera es fundamental<\/p>\n\n\n\n<p class=\"wp-block-paragraph\">Durante la presentaci\u00f3n del informe, el tambi\u00e9n codirector de Bravo en M\u00e9xico, Javier Salmer\u00f3n, subray\u00f3 que fortalecer la educaci\u00f3n financiera es clave para que las personas puedan enfrentar imprevistos y construir una base econ\u00f3mica m\u00e1s s\u00f3lida.<\/p>\n\n\n\n<p class=\"wp-block-paragraph\">El especialista sostuvo que la educaci\u00f3n financiera es clave y aunque se han logrado avances, no es suficiente, ya que debe ser guiada, constante y efectiva, mientras que las autoridades, sector financiero y sociedad civil tienen una oportunidad para impulsar h\u00e1bitos financieros m\u00e1s saludables entre la poblaci\u00f3n.<\/p>\n\n\n\n<p class=\"wp-block-paragraph\"><em>Con informaci\u00f3n de El Universal<\/em>.<\/p>\n","protected":false},"excerpt":{"rendered":"<p>La mayor\u00eda de los mexicanos que enfrentan problemas de endeudamiento opera al l\u00edmite de su capacidad financiera y carece de ahorros para enfrentar imprevistos, de acuerdo con el reporte anual \u201cDeudas de los mexicanos: Motivos, soluciones y retos\u201d. El estudio, elaborado por la firma Bravo, revela que 77% de los participantes vive cerca o por [&hellip;]<\/p>\n","protected":false},"author":6,"featured_media":80935,"comment_status":"closed","ping_status":"closed","sticky":false,"template":"","format":"standard","meta":{"_acf_changed":false,"_monsterinsights_skip_tracking":false,"slim_seo":{"title":"Sin fondo de emergencia y al l\u00edmite de capacidad, caracter\u00edsticas de deudores en M\u00e9xico; falta educaci\u00f3n financiera - Opini\u00f3n P\u00fablica","description":"La mayor\u00eda de los mexicanos que enfrentan problemas de endeudamiento opera al l\u00edmite de su capacidad financiera y carece de ahorros para enfrentar imprevistos,"},"footnotes":""},"categories":[3],"tags":[2687,766],"class_list":["post-80932","post","type-post","status-publish","format-standard","has-post-thumbnail","hentry","category-principal","tag-deudores-mexicanos","tag-educacion-financiera"],"acf":[],"_links":{"self":[{"href":"https:\/\/www.opinionpublica.tv\/portada\/wp-json\/wp\/v2\/posts\/80932","targetHints":{"allow":["GET"]}}],"collection":[{"href":"https:\/\/www.opinionpublica.tv\/portada\/wp-json\/wp\/v2\/posts"}],"about":[{"href":"https:\/\/www.opinionpublica.tv\/portada\/wp-json\/wp\/v2\/types\/post"}],"author":[{"embeddable":true,"href":"https:\/\/www.opinionpublica.tv\/portada\/wp-json\/wp\/v2\/users\/6"}],"replies":[{"embeddable":true,"href":"https:\/\/www.opinionpublica.tv\/portada\/wp-json\/wp\/v2\/comments?post=80932"}],"version-history":[{"count":3,"href":"https:\/\/www.opinionpublica.tv\/portada\/wp-json\/wp\/v2\/posts\/80932\/revisions"}],"predecessor-version":[{"id":80936,"href":"https:\/\/www.opinionpublica.tv\/portada\/wp-json\/wp\/v2\/posts\/80932\/revisions\/80936"}],"wp:featuredmedia":[{"embeddable":true,"href":"https:\/\/www.opinionpublica.tv\/portada\/wp-json\/wp\/v2\/media\/80935"}],"wp:attachment":[{"href":"https:\/\/www.opinionpublica.tv\/portada\/wp-json\/wp\/v2\/media?parent=80932"}],"wp:term":[{"taxonomy":"category","embeddable":true,"href":"https:\/\/www.opinionpublica.tv\/portada\/wp-json\/wp\/v2\/categories?post=80932"},{"taxonomy":"post_tag","embeddable":true,"href":"https:\/\/www.opinionpublica.tv\/portada\/wp-json\/wp\/v2\/tags?post=80932"}],"curies":[{"name":"wp","href":"https:\/\/api.w.org\/{rel}","templated":true}]}}