{"id":80920,"date":"2026-03-13T00:01:00","date_gmt":"2026-03-13T06:01:00","guid":{"rendered":"https:\/\/www.opinionpublica.tv\/portada\/?p=80920"},"modified":"2026-03-12T18:44:27","modified_gmt":"2026-03-13T00:44:27","slug":"guerra-en-medio-oriente-tendra-efecto-corto-en-mexico-dice-secretario-de-hacienda","status":"publish","type":"post","link":"https:\/\/www.opinionpublica.tv\/portada\/guerra-en-medio-oriente-tendra-efecto-corto-en-mexico-dice-secretario-de-hacienda\/","title":{"rendered":"La guerra en Medio Oriente tendr\u00e1 efecto corto en M\u00e9xico, dice secretario de Hacienda"},"content":{"rendered":"\n<figure class=\"wp-block-image size-large\"><img fetchpriority=\"high\" decoding=\"async\" width=\"1024\" height=\"631\" src=\"https:\/\/www.opinionpublica.tv\/portada\/wp-content\/uploads\/2026\/03\/Guerra-en-Medio-Oriente-tendra-efecto-corto-en-Mexico-dice-secretario-de-Hacienda-1024x631.avif\" alt=\"Guerra en medio oriente tendra\u0301 efecto corto en me\u0301xico, dice secretario de hacienda\" class=\"wp-image-80922\" srcset=\"https:\/\/www.opinionpublica.tv\/portada\/wp-content\/uploads\/2026\/03\/Guerra-en-Medio-Oriente-tendra-efecto-corto-en-Mexico-dice-secretario-de-Hacienda-1024x631.avif 1024w, https:\/\/www.opinionpublica.tv\/portada\/wp-content\/uploads\/2026\/03\/Guerra-en-Medio-Oriente-tendra-efecto-corto-en-Mexico-dice-secretario-de-Hacienda-300x185.avif 300w, https:\/\/www.opinionpublica.tv\/portada\/wp-content\/uploads\/2026\/03\/Guerra-en-Medio-Oriente-tendra-efecto-corto-en-Mexico-dice-secretario-de-Hacienda-768x473.avif 768w, https:\/\/www.opinionpublica.tv\/portada\/wp-content\/uploads\/2026\/03\/Guerra-en-Medio-Oriente-tendra-efecto-corto-en-Mexico-dice-secretario-de-Hacienda.avif 1081w\" sizes=\"(max-width: 1024px) 100vw, 1024px\" \/><\/figure>\n\n\n\n<p class=\"wp-block-paragraph\"><em>Ciudad de M\u00e9xico<\/em>.- La guerra entre Estados Unidos e Ir\u00e1n tendr\u00e1 \u201cefecto corto\u201d sobre la econom\u00eda mexicana, dijo el secretario de Hacienda y Cr\u00e9dito P\u00fablico (SHCP), \u00c9dgar Amador.<\/p>\n\n\n\n<p class=\"wp-block-paragraph\">Consider\u00f3 que en el pa\u00eds se debe tomar con \u201cmucha tranquilidad\u201d lo que sucede en el mercado del petr\u00f3leo porque tenemos mecanismos para aminorar el impacto en los combustibles.<\/p>\n\n\n\n<p class=\"wp-block-paragraph\">En entrevista el t\u00e9rmino de la presentaci\u00f3n de la Convocatoria de la Misi\u00f3n Comercial de M\u00e9xico a Canad\u00e1, el secretario de Hacienda dijo que existe un mecanismo para ajustar los precios de las gasolinas y el di\u00e9sel.<\/p>\n\n\n\n<p class=\"wp-block-paragraph\">Ello porque el Impuesto Especial sobre Producci\u00f3n y Servicios (IEPS) se usa para reducir los impactos de las variaciones en los precios.<\/p>\n\n\n\n<p class=\"wp-block-paragraph\">En respuesta a si se aplicar\u00e1 ese mecanismo para evitar alzas en el di\u00e9sel dijo: \u201cEs el mecanismo que existe desde el 2019, entonces sigue vigente y operar\u00e1 conforme a las reglas establecidas\u2026El mecanismo existe, es muy claro, muy transparente y se activa adecuando las variables del mercado\u201d.<\/p>\n\n\n\n<p class=\"wp-block-paragraph\">Por lo que afirm\u00f3 que \u201cno deber\u00eda haber alguna preocupaci\u00f3n al respecto\u201d por el incremento de los petroprecios y las posibles afectaciones en M\u00e9xico.<\/p>\n\n\n\n<p class=\"wp-block-paragraph\">El secretario de Hacienda admiti\u00f3 que el alza del crudo tiene dos posibles efectos para el pa\u00eds un incremento de los ingresos petroleros y, por otro lado, un posible ajuste a los est\u00edmulos fiscales para amortiguar presiones sobre los energ\u00e9ticos.<\/p>\n\n\n\n<p class=\"wp-block-paragraph\">Este jueves el mercado petrolero llev\u00f3 el precio del West Texas Intermediate a m\u00e1s de 95 d\u00f3lares por barril, en tanto que el Brent rebas\u00f3 los 100 d\u00f3lares, lo que signific\u00f3 un aumento de m\u00e1s de 9%, para ambos tipos de crudo.<\/p>\n\n\n\n<p class=\"wp-block-paragraph\"><em>Con informaci\u00f3n de El Universal<\/em>.<\/p>\n","protected":false},"excerpt":{"rendered":"<p>Ciudad de M\u00e9xico.- La guerra entre Estados Unidos e Ir\u00e1n tendr\u00e1 \u201cefecto corto\u201d sobre la econom\u00eda mexicana, dijo el secretario de Hacienda y Cr\u00e9dito P\u00fablico (SHCP), \u00c9dgar Amador. Consider\u00f3 que en el pa\u00eds se debe tomar con \u201cmucha tranquilidad\u201d lo que sucede en el mercado del petr\u00f3leo porque tenemos mecanismos para aminorar el impacto en [&hellip;]<\/p>\n","protected":false},"author":6,"featured_media":80922,"comment_status":"closed","ping_status":"closed","sticky":false,"template":"","format":"standard","meta":{"_acf_changed":false,"_monsterinsights_skip_tracking":false,"slim_seo":{"title":"La guerra en Medio Oriente tendr\u00e1 efecto corto en M\u00e9xico, dice secretario de Hacienda - Opini\u00f3n P\u00fablica","description":"Ciudad de M\u00e9xico .- La guerra entre Estados Unidos e Ir\u00e1n tendr\u00e1 \u201cefecto corto\u201d sobre la econom\u00eda mexicana, dijo el secretario de Hacienda y Cr\u00e9dito P\u00fablico (SH"},"footnotes":""},"categories":[4],"tags":[374,2562,416],"class_list":["post-80920","post","type-post","status-publish","format-standard","has-post-thumbnail","hentry","category-pulsopolitico","tag-economia-mexicana","tag-guerra-en-medio-oriente","tag-shcp"],"acf":[],"_links":{"self":[{"href":"https:\/\/www.opinionpublica.tv\/portada\/wp-json\/wp\/v2\/posts\/80920","targetHints":{"allow":["GET"]}}],"collection":[{"href":"https:\/\/www.opinionpublica.tv\/portada\/wp-json\/wp\/v2\/posts"}],"about":[{"href":"https:\/\/www.opinionpublica.tv\/portada\/wp-json\/wp\/v2\/types\/post"}],"author":[{"embeddable":true,"href":"https:\/\/www.opinionpublica.tv\/portada\/wp-json\/wp\/v2\/users\/6"}],"replies":[{"embeddable":true,"href":"https:\/\/www.opinionpublica.tv\/portada\/wp-json\/wp\/v2\/comments?post=80920"}],"version-history":[{"count":3,"href":"https:\/\/www.opinionpublica.tv\/portada\/wp-json\/wp\/v2\/posts\/80920\/revisions"}],"predecessor-version":[{"id":80924,"href":"https:\/\/www.opinionpublica.tv\/portada\/wp-json\/wp\/v2\/posts\/80920\/revisions\/80924"}],"wp:featuredmedia":[{"embeddable":true,"href":"https:\/\/www.opinionpublica.tv\/portada\/wp-json\/wp\/v2\/media\/80922"}],"wp:attachment":[{"href":"https:\/\/www.opinionpublica.tv\/portada\/wp-json\/wp\/v2\/media?parent=80920"}],"wp:term":[{"taxonomy":"category","embeddable":true,"href":"https:\/\/www.opinionpublica.tv\/portada\/wp-json\/wp\/v2\/categories?post=80920"},{"taxonomy":"post_tag","embeddable":true,"href":"https:\/\/www.opinionpublica.tv\/portada\/wp-json\/wp\/v2\/tags?post=80920"}],"curies":[{"name":"wp","href":"https:\/\/api.w.org\/{rel}","templated":true}]}}