{"id":80877,"date":"2026-03-12T00:01:00","date_gmt":"2026-03-12T06:01:00","guid":{"rendered":"https:\/\/www.opinionpublica.tv\/portada\/?p=80877"},"modified":"2026-03-11T21:11:03","modified_gmt":"2026-03-12T03:11:03","slug":"pide-secretaria-de-salud-reforzar-medidas-para-prevenir-enfermedades-respiratorias","status":"publish","type":"post","link":"https:\/\/www.opinionpublica.tv\/portada\/pide-secretaria-de-salud-reforzar-medidas-para-prevenir-enfermedades-respiratorias\/","title":{"rendered":"Pide Secretar\u00eda de Salud reforzar medidas contra las enfermedades respiratorias"},"content":{"rendered":"\n<figure class=\"wp-block-image size-large\"><img fetchpriority=\"high\" decoding=\"async\" width=\"1024\" height=\"768\" src=\"https:\/\/www.opinionpublica.tv\/portada\/wp-content\/uploads\/2026\/03\/Pide-Secretaria-de-Salud-reforzar-medidas-contra-las-enfermedades-respiratorias-1024x768.jpeg\" alt=\"Pide secretari\u0301a de salud reforzar medidas contra las enfermedades respiratorias\" class=\"wp-image-80881\" srcset=\"https:\/\/www.opinionpublica.tv\/portada\/wp-content\/uploads\/2026\/03\/Pide-Secretaria-de-Salud-reforzar-medidas-contra-las-enfermedades-respiratorias-1024x768.jpeg 1024w, https:\/\/www.opinionpublica.tv\/portada\/wp-content\/uploads\/2026\/03\/Pide-Secretaria-de-Salud-reforzar-medidas-contra-las-enfermedades-respiratorias-300x225.jpeg 300w, https:\/\/www.opinionpublica.tv\/portada\/wp-content\/uploads\/2026\/03\/Pide-Secretaria-de-Salud-reforzar-medidas-contra-las-enfermedades-respiratorias-768x576.jpeg 768w, https:\/\/www.opinionpublica.tv\/portada\/wp-content\/uploads\/2026\/03\/Pide-Secretaria-de-Salud-reforzar-medidas-contra-las-enfermedades-respiratorias-1536x1152.jpeg 1536w, https:\/\/www.opinionpublica.tv\/portada\/wp-content\/uploads\/2026\/03\/Pide-Secretaria-de-Salud-reforzar-medidas-contra-las-enfermedades-respiratorias.jpeg 1600w\" sizes=\"(max-width: 1024px) 100vw, 1024px\" \/><\/figure>\n\n\n\n<p class=\"wp-block-paragraph\"><em>Chihuahua, Chih<\/em>.- La Secretar\u00eda de Salud del Estado hizo un llamado a la poblaci\u00f3n para reforzar las medidas generales, encaminadas a prevenir enfermedades respiratorias y evitar con ello posibles complicaciones en la salud.<\/p>\n\n\n\n<p class=\"wp-block-paragraph\">Acciones sencillas como lavarse las manos de manera frecuente, cubrir boca y nariz al toser o estornudar, evitar cambios bruscos de temperatura y utilizar cubrebocas en caso de presentar s\u00edntomas respiratorios, son fundamentales para reducir la incidencia de dichos padecimientos.<\/p>\n\n\n\n<p class=\"wp-block-paragraph\">De acuerdo con la dependencia, durante el periodo del 1 de enero al 8 de marzo del presente a\u00f1o, se han confirmado 6 casos de COVID-19 en la entidad y 42 de influenza distribuidos en diversos municipios del estado.<\/p>\n\n\n\n<p class=\"wp-block-paragraph\">En dicho lapso se han registrado 2 mil 794 casos de neumon\u00eda y bronconeumon\u00eda, principalmente en los municipios de Ju\u00e1rez, Chihuahua, Cuauht\u00e9moc, Hidalgo del Parral, Delicias y Camargo.<\/p>\n\n\n\n<p class=\"wp-block-paragraph\">Adem\u00e1s se han contabilizado 95 mil 943 casos de infecciones respiratorias agudas en todo el estado, la mayor\u00eda de ellos en Ju\u00e1rez y Chihuahua, seguidos de municipios como Hidalgo del Parral, Cuauht\u00e9moc, Camargo y Delicias.<\/p>\n\n\n\n<p class=\"wp-block-paragraph\">Ante este panorama, la Secretar\u00eda de Salud hizo \u00e9nfasis en la importancia de la prevenci\u00f3n y la atenci\u00f3n oportuna, especialmente en ni\u00f1as y ni\u00f1os, personas adultas mayores y quienes padecen enfermedades cr\u00f3nicas.<\/p>\n\n\n\n<p class=\"wp-block-paragraph\">La instituci\u00f3n inform\u00f3 que mantiene la vigilancia epidemiol\u00f3gica de manera permanente y el llamado a la poblaci\u00f3n a no automedicarse, y buscar atenci\u00f3n m\u00e9dica ante s\u00edntomas persistentes.<\/p>\n","protected":false},"excerpt":{"rendered":"<p>Chihuahua, Chih.- La Secretar\u00eda de Salud del Estado hizo un llamado a la poblaci\u00f3n para reforzar las medidas generales, encaminadas a prevenir enfermedades respiratorias y evitar con ello posibles complicaciones en la salud. Acciones sencillas como lavarse las manos de manera frecuente, cubrir boca y nariz al toser o estornudar, evitar cambios bruscos de temperatura [&hellip;]<\/p>\n","protected":false},"author":6,"featured_media":80881,"comment_status":"closed","ping_status":"closed","sticky":false,"template":"","format":"standard","meta":{"_acf_changed":false,"_monsterinsights_skip_tracking":false,"slim_seo":{"title":"Pide Secretar\u00eda de Salud reforzar medidas contra las enfermedades respiratorias - Opini\u00f3n P\u00fablica","description":"Chihuahua, Chih .- La Secretar\u00eda de Salud del Estado hizo un llamado a la poblaci\u00f3n para reforzar las medidas generales, encaminadas a prevenir enfermedades res"},"footnotes":""},"categories":[11],"tags":[88,1734,170],"class_list":["post-80877","post","type-post","status-publish","format-standard","has-post-thumbnail","hentry","category-tendencias","tag-chihuahua","tag-enfermedades-respiratorias","tag-salud"],"acf":[],"_links":{"self":[{"href":"https:\/\/www.opinionpublica.tv\/portada\/wp-json\/wp\/v2\/posts\/80877","targetHints":{"allow":["GET"]}}],"collection":[{"href":"https:\/\/www.opinionpublica.tv\/portada\/wp-json\/wp\/v2\/posts"}],"about":[{"href":"https:\/\/www.opinionpublica.tv\/portada\/wp-json\/wp\/v2\/types\/post"}],"author":[{"embeddable":true,"href":"https:\/\/www.opinionpublica.tv\/portada\/wp-json\/wp\/v2\/users\/6"}],"replies":[{"embeddable":true,"href":"https:\/\/www.opinionpublica.tv\/portada\/wp-json\/wp\/v2\/comments?post=80877"}],"version-history":[{"count":3,"href":"https:\/\/www.opinionpublica.tv\/portada\/wp-json\/wp\/v2\/posts\/80877\/revisions"}],"predecessor-version":[{"id":80882,"href":"https:\/\/www.opinionpublica.tv\/portada\/wp-json\/wp\/v2\/posts\/80877\/revisions\/80882"}],"wp:featuredmedia":[{"embeddable":true,"href":"https:\/\/www.opinionpublica.tv\/portada\/wp-json\/wp\/v2\/media\/80881"}],"wp:attachment":[{"href":"https:\/\/www.opinionpublica.tv\/portada\/wp-json\/wp\/v2\/media?parent=80877"}],"wp:term":[{"taxonomy":"category","embeddable":true,"href":"https:\/\/www.opinionpublica.tv\/portada\/wp-json\/wp\/v2\/categories?post=80877"},{"taxonomy":"post_tag","embeddable":true,"href":"https:\/\/www.opinionpublica.tv\/portada\/wp-json\/wp\/v2\/tags?post=80877"}],"curies":[{"name":"wp","href":"https:\/\/api.w.org\/{rel}","templated":true}]}}