{"id":80864,"date":"2026-03-12T00:01:00","date_gmt":"2026-03-12T06:01:00","guid":{"rendered":"https:\/\/www.opinionpublica.tv\/portada\/?p=80864"},"modified":"2026-03-11T20:55:22","modified_gmt":"2026-03-12T02:55:22","slug":"senado-avala-por-unanimidad-fin-de-pensiones-doradas-es-turnada-a-san-lazaro","status":"publish","type":"post","link":"https:\/\/www.opinionpublica.tv\/portada\/senado-avala-por-unanimidad-fin-de-pensiones-doradas-es-turnada-a-san-lazaro\/","title":{"rendered":"Senado avala por unanimidad fin de \u00abpensiones doradas\u00bb; es turnada a San L\u00e1zaro"},"content":{"rendered":"\n<figure class=\"wp-block-image size-large\"><img fetchpriority=\"high\" decoding=\"async\" width=\"1024\" height=\"631\" src=\"https:\/\/www.opinionpublica.tv\/portada\/wp-content\/uploads\/2026\/03\/Senado-avala-por-unanimidad-fin-de-22pensiones-doradas22-es-turnada-a-San-Lazaro-1024x631.avif\" alt=\"Senado avala por unanimidad fin de %22pensiones doradas%22; es turnada a san la\u0301zaro\" class=\"wp-image-80866\" srcset=\"https:\/\/www.opinionpublica.tv\/portada\/wp-content\/uploads\/2026\/03\/Senado-avala-por-unanimidad-fin-de-22pensiones-doradas22-es-turnada-a-San-Lazaro-1024x631.avif 1024w, https:\/\/www.opinionpublica.tv\/portada\/wp-content\/uploads\/2026\/03\/Senado-avala-por-unanimidad-fin-de-22pensiones-doradas22-es-turnada-a-San-Lazaro-300x185.avif 300w, https:\/\/www.opinionpublica.tv\/portada\/wp-content\/uploads\/2026\/03\/Senado-avala-por-unanimidad-fin-de-22pensiones-doradas22-es-turnada-a-San-Lazaro-768x473.avif 768w, https:\/\/www.opinionpublica.tv\/portada\/wp-content\/uploads\/2026\/03\/Senado-avala-por-unanimidad-fin-de-22pensiones-doradas22-es-turnada-a-San-Lazaro.avif 1081w\" sizes=\"(max-width: 1024px) 100vw, 1024px\" \/><\/figure>\n\n\n\n<p class=\"wp-block-paragraph\"><em>Ciudad de M\u00e9xico<\/em>.- El pleno del Senado aprob\u00f3 por unanimidad en lo general la reforma presidencial que elimina las llamadas \u201cpensiones doradas\u201d en organismos paraestatales como CFE, Luz y Fuerza, as\u00ed como Pemex, entre otras, pero que no incluye terminar con esos privilegios a los exfuncionarios de las secretar\u00edas de Estado, ni tampoco a militares.<\/p>\n\n\n\n<p class=\"wp-block-paragraph\">La reforma aprobada con 116 votos a favor ser\u00e1 retroactiva por lo que los pensionados que reciben remuneraciones millonarias de m\u00e1s de 100 mil pesos y hasta un mill\u00f3n en algunos casos, una vez que sea avalada en la C\u00e1mara de Diputados, ganar\u00e1n alrededor de 70 mil pesos, que es el tope fijado a partir de la mitad del salario de la Presidenta de la Rep\u00fablica.<\/p>\n\n\n\n<p class=\"wp-block-paragraph\">En el marco de la sesi\u00f3n vespertina en el Senado, se incluy\u00f3 dicho tope a las jubilaciones de altos mandos de empresas estatales, organismos p\u00fablicos y banca de desarrollo.<\/p>\n\n\n\n<p class=\"wp-block-paragraph\">En tribuna, el senador por Morena, Javier Corral Jurado, reconoci\u00f3 que esta reforma tendr\u00e1 efecto retroactivo y precis\u00f3 que la Constituci\u00f3n no es una Ley, sino una norma fundamental.<\/p>\n\n\n\n<p class=\"wp-block-paragraph\">Por tanto, agreg\u00f3, las reformas constitucionales pueden operar sobre normas constituidas en el pasado, por lo que con estos cambios no elimina el derecho a la pensi\u00f3n y que, en cambio, limita la existencia de pensiones altas en ciertos segmentos de la llamada \u201cburocracia dorada\u201d.<\/p>\n\n\n\n<p class=\"wp-block-paragraph\">Francisco Ram\u00edrez Acu\u00f1a, senador del PAN, manifest\u00f3 preocupaci\u00f3n en el tema constitucional sobre la reforma, pues podr\u00eda incidir en el tema de derechos humanos, espec\u00edficamente sobre seguridad social, derechos adquiridos y sobre los principios de progresividad y no regresividad.<\/p>\n\n\n\n<p class=\"wp-block-paragraph\">Reconoci\u00f3 que existen pensiones excesivas, y que \u00e9stas deben cesar, no obstante, las propuestas de modificaci\u00f3n a la Constituci\u00f3n deber\u00edan tener alcance a todas las instancias p\u00fablicas, como a las Fuerzas Armadas, instituciones educativas y otras entidades del sector p\u00fablico.<\/p>\n\n\n\n<p class=\"wp-block-paragraph\">Luis Donaldo Colosio, de Movimiento Ciudadano, indic\u00f3 que esa bancada respalda la reforma, no obstante, cuestion\u00f3 que se excluyan a las Fuerzas Armadas y al Poder Judicial, as\u00ed como considerar tope la percepci\u00f3n de la persona titular del Ejecutivo Federal, siendo esta fluctuante y al considerarla, pudiera generarse incertidumbre jur\u00eddica.<\/p>\n\n\n\n<p class=\"wp-block-paragraph\">Turnan a San L\u00e1zaro reforma que elimina \u201cpensiones doradas\u201d<\/p>\n\n\n\n<p class=\"wp-block-paragraph\">El dictamen turnado a San L\u00e1zaro modifica el art\u00edculo 127 de la Constituci\u00f3n para que cualquier pensi\u00f3n otorgada en el pa\u00eds no supere la mitad del salario mensual de la presidenta, es decir, aproximadamente 70 mil pesos mensuales.<\/p>\n\n\n\n<p class=\"wp-block-paragraph\">La iniciativa presidencial fue respaldada por unanimidad por todas las fracciones parlamentarias que reconocieron que existen excesos y privilegios de personas que tienen pensiones en Luz y Fuerza, CFE y Pemex con percepciones de entre 200 mil y un mill\u00f3n de pesos.<\/p>\n\n\n\n<p class=\"wp-block-paragraph\">La implementaci\u00f3n de esta medida, el gobierno federal estima un ahorro aproximado de 5 mil millones de pesos, actualmente destinados a exfuncionarios con pensiones millonarias provenientes de organismos como la extinta Luz y Fuerza del Centro, Banobras, Pemex y Nacional Financiera.<\/p>\n\n\n\n<p class=\"wp-block-paragraph\">Seg\u00fan datos oficiales, entre 3 mil 404 y 5 mil 600 exfuncionarios y exdirectivos de empresas estatales y banca de desarrollo perciben pensiones superiores al salario presidencial.<\/p>\n\n\n\n<p class=\"wp-block-paragraph\"><em>Con informaci\u00f3n de El Universal<\/em>.<\/p>\n","protected":false},"excerpt":{"rendered":"<p>Ciudad de M\u00e9xico.- El pleno del Senado aprob\u00f3 por unanimidad en lo general la reforma presidencial que elimina las llamadas \u201cpensiones doradas\u201d en organismos paraestatales como CFE, Luz y Fuerza, as\u00ed como Pemex, entre otras, pero que no incluye terminar con esos privilegios a los exfuncionarios de las secretar\u00edas de Estado, ni tampoco a militares. [&hellip;]<\/p>\n","protected":false},"author":6,"featured_media":80866,"comment_status":"closed","ping_status":"closed","sticky":false,"template":"","format":"standard","meta":{"_acf_changed":false,"_monsterinsights_skip_tracking":false,"slim_seo":{"title":"Senado avala por unanimidad fin de \"pensiones doradas\"; es turnada a San L\u00e1zaro - Opini\u00f3n P\u00fablica","description":"Ciudad de M\u00e9xico .- El pleno del Senado aprob\u00f3 por unanimidad en lo general la reforma presidencial que elimina las llamadas \u201cpensiones doradas\u201d en organismos p"},"footnotes":""},"categories":[4],"tags":[773,161,2405,814],"class_list":["post-80864","post","type-post","status-publish","format-standard","has-post-thumbnail","hentry","category-pulsopolitico","tag-cfe","tag-pemex","tag-pensiones-doradas","tag-senado"],"acf":[],"_links":{"self":[{"href":"https:\/\/www.opinionpublica.tv\/portada\/wp-json\/wp\/v2\/posts\/80864","targetHints":{"allow":["GET"]}}],"collection":[{"href":"https:\/\/www.opinionpublica.tv\/portada\/wp-json\/wp\/v2\/posts"}],"about":[{"href":"https:\/\/www.opinionpublica.tv\/portada\/wp-json\/wp\/v2\/types\/post"}],"author":[{"embeddable":true,"href":"https:\/\/www.opinionpublica.tv\/portada\/wp-json\/wp\/v2\/users\/6"}],"replies":[{"embeddable":true,"href":"https:\/\/www.opinionpublica.tv\/portada\/wp-json\/wp\/v2\/comments?post=80864"}],"version-history":[{"count":2,"href":"https:\/\/www.opinionpublica.tv\/portada\/wp-json\/wp\/v2\/posts\/80864\/revisions"}],"predecessor-version":[{"id":80867,"href":"https:\/\/www.opinionpublica.tv\/portada\/wp-json\/wp\/v2\/posts\/80864\/revisions\/80867"}],"wp:featuredmedia":[{"embeddable":true,"href":"https:\/\/www.opinionpublica.tv\/portada\/wp-json\/wp\/v2\/media\/80866"}],"wp:attachment":[{"href":"https:\/\/www.opinionpublica.tv\/portada\/wp-json\/wp\/v2\/media?parent=80864"}],"wp:term":[{"taxonomy":"category","embeddable":true,"href":"https:\/\/www.opinionpublica.tv\/portada\/wp-json\/wp\/v2\/categories?post=80864"},{"taxonomy":"post_tag","embeddable":true,"href":"https:\/\/www.opinionpublica.tv\/portada\/wp-json\/wp\/v2\/tags?post=80864"}],"curies":[{"name":"wp","href":"https:\/\/api.w.org\/{rel}","templated":true}]}}