{"id":80846,"date":"2026-03-12T00:01:00","date_gmt":"2026-03-12T06:01:00","guid":{"rendered":"https:\/\/www.opinionpublica.tv\/portada\/?p=80846"},"modified":"2026-03-11T19:13:15","modified_gmt":"2026-03-12T01:13:15","slug":"efemerides-12-de-marzo-un-dia-como-hoy-en-la-historia","status":"publish","type":"post","link":"https:\/\/www.opinionpublica.tv\/portada\/efemerides-12-de-marzo-un-dia-como-hoy-en-la-historia\/","title":{"rendered":"Efem\u00e9rides 12 de marzo | Un d\u00eda como hoy en la historia&#8230;"},"content":{"rendered":"\n<p class=\"wp-block-paragraph\"><em>Un d\u00eda 12 de marzo como hoy, pero de 1989, el cient\u00edfico Tim Berners-Lee desarroll\u00f3 la World Wide Web, mejor conocida como la www, con la cual se revolucion\u00f3 el servicio de internet en el mundo<\/em>.<\/p>\n\n\n\n<figure class=\"wp-block-image size-full\"><img fetchpriority=\"high\" decoding=\"async\" width=\"976\" height=\"549\" src=\"https:\/\/www.opinionpublica.tv\/portada\/wp-content\/uploads\/2026\/03\/1989-el-cientifico-Tim-Berners-Lee-desarrolla-la-World-Wide-Web-mejor-conocida-como-la-www.jpg\" alt=\"1989, el cienti\u0301fico tim berners lee desarrolla la world wide web, mejor conocida como la www\" class=\"wp-image-80847\" srcset=\"https:\/\/www.opinionpublica.tv\/portada\/wp-content\/uploads\/2026\/03\/1989-el-cientifico-Tim-Berners-Lee-desarrolla-la-World-Wide-Web-mejor-conocida-como-la-www.jpg 976w, https:\/\/www.opinionpublica.tv\/portada\/wp-content\/uploads\/2026\/03\/1989-el-cientifico-Tim-Berners-Lee-desarrolla-la-World-Wide-Web-mejor-conocida-como-la-www-300x169.jpg 300w, https:\/\/www.opinionpublica.tv\/portada\/wp-content\/uploads\/2026\/03\/1989-el-cientifico-Tim-Berners-Lee-desarrolla-la-World-Wide-Web-mejor-conocida-como-la-www-768x432.jpg 768w\" sizes=\"(max-width: 976px) 100vw, 976px\" \/><\/figure>\n\n\n\n<p class=\"wp-block-paragraph\"><strong>Otras efem\u00e9rides<\/strong><\/p>\n\n\n\n<p class=\"wp-block-paragraph\">1535.- El capit\u00e1n Francisco Pacheco funda la ciudad de Puerto Viejo, la primera en la costa de Ecuador.<\/p>\n\n\n\n<p class=\"wp-block-paragraph\">1551.- C\u00e9dula de Carlos I para la fundaci\u00f3n de la Universidad de Lima.<\/p>\n\n\n\n<p class=\"wp-block-paragraph\">1622.- El papa Gregorio XV proclama santo con el nombre de San Ignacio de Loyola al fundador de la Compa\u00f1\u00eda de Jes\u00fas, Ignacio de Loyola.<\/p>\n\n\n\n<p class=\"wp-block-paragraph\">1813.- Creaci\u00f3n del escudo nacional de Argentina.<\/p>\n\n\n\n<p class=\"wp-block-paragraph\">1841.- El Congreso de Paraguay nombra a Carlos Antonio L\u00f3pez y Mariano Roque Alonso c\u00f3nsules gobernadores.<\/p>\n\n\n\n<p class=\"wp-block-paragraph\">1867.- El emperador de Francia, Napole\u00f3n III, retira su apoyo a Maximiliano de Habsburgo, emperador de M\u00e9xico, y \u00e9ste se ve obligado a buscar refugio en Quer\u00e9taro.<\/p>\n\n\n\n<p class=\"wp-block-paragraph\">1893.- Fundaci\u00f3n del Conservatorio de M\u00fasica de Buenos Aires, por iniciativa del pianista y compositor Emilio Dur\u00e1n.<\/p>\n\n\n\n<p class=\"wp-block-paragraph\">1907.- Una explosi\u00f3n en el acorazado franc\u00e9s \u00abJena\u00bb, en el dique seco de Toulon (Francia), causa la muerte a 118 personas.<\/p>\n\n\n\n<p class=\"wp-block-paragraph\">1918.- Tras el triunfo de la Revoluci\u00f3n Rusa, Vladimir Lenin traslada la capital de la Uni\u00f3n Sovi\u00e9tica a Mosc\u00fa, desplazando a San Petersburgo como centro pol\u00edtico del pa\u00eds.<\/p>\n\n\n\n<p class=\"wp-block-paragraph\">1919.- Estalla en Egipto un movimiento nacionalista contra los ingleses.<\/p>\n\n\n\n<p class=\"wp-block-paragraph\">1925.- El pol\u00edtico chino Chiang Kai Chek asume el mando del Kuomintang.<\/p>\n\n\n\n<p class=\"wp-block-paragraph\">1930.- El l\u00edder independentista indio, Mahatma Gandhi, encabeza la conocida como \u00abMarcha de la sal\u00bb, uno de los episodios m\u00e1s decisivos en la independencia de la India.<\/p>\n\n\n\n<p class=\"wp-block-paragraph\">1938.- El ej\u00e9rcito alem\u00e1n concluye la ocupaci\u00f3n de Austria, que queda anexionada a Alemania.<\/p>\n\n\n\n<p class=\"wp-block-paragraph\">1939.- Finlandia capitula ante la URSS.<\/p>\n\n\n\n<p class=\"wp-block-paragraph\">1939.- Coronaci\u00f3n del Papa P\u00edo XII.<\/p>\n\n\n\n<p class=\"wp-block-paragraph\">1947.- Plan Truman de ayuda contra la expansi\u00f3n del comunismo en Grecia y Turqu\u00eda, pa\u00edses a los que se otorgan 400 millones de d\u00f3lares.<\/p>\n\n\n\n<p class=\"wp-block-paragraph\">1950.- Los belgas aprueban en refer\u00e9ndum la vuelta al pa\u00eds del rey Leopoldo III.<\/p>\n\n\n\n<p class=\"wp-block-paragraph\">1967.- El presidente Sukarno, forzado por el ej\u00e9rcito, encarga el Gobierno de Indonesia al general Suharto.<\/p>\n\n\n\n<p class=\"wp-block-paragraph\">1971.- Hafez al-Assad comienza su mandato como jefe de Estado en Siria.<\/p>\n\n\n\n<p class=\"wp-block-paragraph\">1977.- Asesinado el sacerdote salvadore\u00f1o Rutilio Grande, v\u00edctima de los &#8216;Escuadrones de la muerte&#8217; que actuaron en El Salvador durante la Guerra Civil en el pa\u00eds centroamericano.<\/p>\n\n\n\n<p class=\"wp-block-paragraph\">1995.- Entra en vigor la Ley para el Di\u00e1logo, la Conciliaci\u00f3n y la Paz Digna en Chiapas, tras su aprobaci\u00f3n por el Congreso mexicano.<\/p>\n\n\n\n<p class=\"wp-block-paragraph\">1996.- Los espa\u00f1oles aprueban en refer\u00e9ndum la permanencia de Espa\u00f1a en la OTAN.<\/p>\n\n\n\n<p class=\"wp-block-paragraph\">1996.- El presidente de Estados Unidos, Bill Clinton, firma la Ley de la Libertad Cubana y Solidaridad Democr\u00e1tica, m\u00e1s conocida como Ley Helms Burton por los nombres de los senadores que la impulsaron: Jesse Helms y Dan Burton. La ley endurece el embargo de Estados Unidos sobre Cuba.<\/p>\n\n\n\n<p class=\"wp-block-paragraph\">1999.- La Rep\u00fablica Checa, Polonia y Hungr\u00eda, primeros pa\u00edses exmiembros del Pacto de Varsovia que ingresan en la OTAN.<\/p>\n\n\n\n<p class=\"wp-block-paragraph\">2000.- El papa Juan Pablo II pide perd\u00f3n por todos los pecados cometidos por la Iglesia Cat\u00f3lica a lo largo de la historia.<\/p>\n\n\n\n<p class=\"wp-block-paragraph\">2000.- La antigua guerrilla, Frente Farabundo Mart\u00ed para la Liberaci\u00f3n Nacional, gana las elecciones legislativas en El Salvador.<\/p>\n\n\n\n<p class=\"wp-block-paragraph\">2001.- El juez chileno Juan Guzm\u00e1n concede la libertad provisional a Augusto Pinochet, procesado como encubridor de 57 homicidios y 18 secuestros.<\/p>\n\n\n\n<p class=\"wp-block-paragraph\">2003.- Asesinado en Belgrado el primer ministro serbio, Zoran Djindijic.<\/p>\n\n\n\n<p class=\"wp-block-paragraph\">2015.- La NASA lanza una misi\u00f3n pionera para estudiar el campo magn\u00e9tico de la Tierra.<\/p>\n\n\n\n<p class=\"wp-block-paragraph\">2021.- La OMS autoriza el uso de la vacuna anticovid desarrollada por Janssen.<\/p>\n\n\n\n<p class=\"wp-block-paragraph\">2021.- Detenida la expresidenta interina de Bolivia Jeanine \u00c1\u00f1ez y dos exministros acusados de supuesta \u00absedici\u00f3n, terrorismo y conspiraci\u00f3n\u00bb en la crisis de 2019.<\/p>\n\n\n\n<p class=\"wp-block-paragraph\"><strong>Nacimientos<\/strong><\/p>\n\n\n\n<p class=\"wp-block-paragraph\">1685: George Berkeley, fil\u00f3sofo irland\u00e9s.<\/p>\n\n\n\n<p class=\"wp-block-paragraph\">1824.- Gustav R. Kirchhoff, alem\u00e1n, autor de destacados descubrimientos f\u00edsico-qu\u00edmicos.<\/p>\n\n\n\n<p class=\"wp-block-paragraph\">1863.- Gabriel D&#8217;Annunzio, escritor y pol\u00edtico italiano.<\/p>\n\n\n\n<p class=\"wp-block-paragraph\">1900.- Gustavo Rojas Pinilla, militar y pol\u00edtico colombiano.<\/p>\n\n\n\n<p class=\"wp-block-paragraph\">1915.- Alberto Burri, pintor italiano, considerado el creador del expresionismo abstracto.<\/p>\n\n\n\n<p class=\"wp-block-paragraph\">1921.- Giovanni Agnelli, italiano, fundador y ex presidente de la Fiat.<\/p>\n\n\n\n<p class=\"wp-block-paragraph\">1922.- Jack Kerouac, escritor estadounidense.<\/p>\n\n\n\n<p class=\"wp-block-paragraph\">1927.- Ra\u00fal Alfons\u00edn, expresidente argentino.<\/p>\n\n\n\n<p class=\"wp-block-paragraph\">1946.- Liza Minnelli, actriz y cantante estadounidense.<\/p>\n\n\n\n<p class=\"wp-block-paragraph\">1948.- James Taylor, m\u00fasico estadounidense.<\/p>\n\n\n\n<p class=\"wp-block-paragraph\">1979.- Pete Doherty, m\u00fasico brit\u00e1nico.<\/p>\n\n\n\n<p class=\"wp-block-paragraph\"><strong>Defunciones<\/strong><\/p>\n\n\n\n<p class=\"wp-block-paragraph\">1648.- Gabriel T\u00e9llez, \u00abTirso de Molina\u00bb, dramaturgo espa\u00f1ol.<\/p>\n\n\n\n<p class=\"wp-block-paragraph\">1906.- Manuel Quintana, presidente de la Rep\u00fablica Argentina.<\/p>\n\n\n\n<p class=\"wp-block-paragraph\">1955: Charlie Parker, m\u00fasico estadounidense de jazz.<\/p>\n\n\n\n<p class=\"wp-block-paragraph\">1990.- Philippe Saupault, pintor surrealista franc\u00e9s.<\/p>\n\n\n\n<p class=\"wp-block-paragraph\">1999.- Yehudi Menuhin, violinista brit\u00e1nico.<\/p>\n\n\n\n<p class=\"wp-block-paragraph\">2001.- Robert Ludlum, escritor estadounidense.<\/p>\n\n\n\n<p class=\"wp-block-paragraph\">2002.- Sprios Kiprianu, expresidente de Chipre.<\/p>\n\n\n\n<p class=\"wp-block-paragraph\">2004.- Franz Koenig, cardenal cat\u00f3lico austriaco.<\/p>\n\n\n\n<p class=\"wp-block-paragraph\">2004.- Milton Resnick, pintor expresionista abstracto estadounidense.<\/p>\n\n\n\n<p class=\"wp-block-paragraph\">2007.- Antonio Ortiz Mena, pol\u00edtico mexicano y ex residente del BID.<\/p>\n\n\n\n<p class=\"wp-block-paragraph\">2008.- Lazare Ponticelli, \u00faltimo combatiente franc\u00e9s de la I Guerra Mundial.<\/p>\n\n\n\n<p class=\"wp-block-paragraph\">2008.- K\u00e1roly N\u00e9meth, \u00faltimo presidente comunista h\u00fangaro.<\/p>\n\n\n\n<p class=\"wp-block-paragraph\">2015.- Terry Pratchet, escritor brit\u00e1nico, 66 a\u00f1os.<\/p>\n\n\n\n<p class=\"wp-block-paragraph\">2016.- Lloyd Shapley, matem\u00e1tico estadounidense y Nobel de Econom\u00eda.<\/p>\n\n\n\n<p class=\"wp-block-paragraph\">2017.- William Peter Blatty, escritor estadounidense.<\/p>\n\n\n\n<p class=\"wp-block-paragraph\">2018.- Oleg Tabakov, actor y director teatral ruso.<\/p>\n\n\n\n<p class=\"wp-block-paragraph\">2024.- Dick Fosbury, atleta estadounidense, creador de la t\u00e9cnica de salto de altura que lleva su nombre.<\/p>\n","protected":false},"excerpt":{"rendered":"<p>Un d\u00eda 12 de marzo como hoy, pero de 1989, el cient\u00edfico Tim Berners-Lee desarroll\u00f3 la World Wide Web, mejor conocida como la www, con la cual se revolucion\u00f3 el servicio de internet en el mundo. Otras efem\u00e9rides 1535.- El capit\u00e1n Francisco Pacheco funda la ciudad de Puerto Viejo, la primera en la costa de [&hellip;]<\/p>\n","protected":false},"author":6,"featured_media":80847,"comment_status":"closed","ping_status":"closed","sticky":false,"template":"","format":"standard","meta":{"_acf_changed":false,"_monsterinsights_skip_tracking":false,"slim_seo":{"title":"Efem\u00e9rides 12 de marzo | Un d\u00eda como hoy en la historia... - Opini\u00f3n P\u00fablica","description":"Un d\u00eda 12 de marzo como hoy, pero de 1989, el cient\u00edfico Tim Berners-Lee desarroll\u00f3 la World Wide Web, mejor conocida como la www, con la cual se revolucion\u00f3 el"},"footnotes":""},"categories":[27],"tags":[2677,440,2676,2675],"class_list":["post-80846","post","type-post","status-publish","format-standard","has-post-thumbnail","hentry","category-un-dia-como-hoy","tag-efemerides-12-de-marzo","tag-internet","tag-tim-berners-lee","tag-world-wide-web"],"acf":[],"_links":{"self":[{"href":"https:\/\/www.opinionpublica.tv\/portada\/wp-json\/wp\/v2\/posts\/80846","targetHints":{"allow":["GET"]}}],"collection":[{"href":"https:\/\/www.opinionpublica.tv\/portada\/wp-json\/wp\/v2\/posts"}],"about":[{"href":"https:\/\/www.opinionpublica.tv\/portada\/wp-json\/wp\/v2\/types\/post"}],"author":[{"embeddable":true,"href":"https:\/\/www.opinionpublica.tv\/portada\/wp-json\/wp\/v2\/users\/6"}],"replies":[{"embeddable":true,"href":"https:\/\/www.opinionpublica.tv\/portada\/wp-json\/wp\/v2\/comments?post=80846"}],"version-history":[{"count":1,"href":"https:\/\/www.opinionpublica.tv\/portada\/wp-json\/wp\/v2\/posts\/80846\/revisions"}],"predecessor-version":[{"id":80848,"href":"https:\/\/www.opinionpublica.tv\/portada\/wp-json\/wp\/v2\/posts\/80846\/revisions\/80848"}],"wp:featuredmedia":[{"embeddable":true,"href":"https:\/\/www.opinionpublica.tv\/portada\/wp-json\/wp\/v2\/media\/80847"}],"wp:attachment":[{"href":"https:\/\/www.opinionpublica.tv\/portada\/wp-json\/wp\/v2\/media?parent=80846"}],"wp:term":[{"taxonomy":"category","embeddable":true,"href":"https:\/\/www.opinionpublica.tv\/portada\/wp-json\/wp\/v2\/categories?post=80846"},{"taxonomy":"post_tag","embeddable":true,"href":"https:\/\/www.opinionpublica.tv\/portada\/wp-json\/wp\/v2\/tags?post=80846"}],"curies":[{"name":"wp","href":"https:\/\/api.w.org\/{rel}","templated":true}]}}