{"id":80841,"date":"2026-03-12T00:01:00","date_gmt":"2026-03-12T06:01:00","guid":{"rendered":"https:\/\/www.opinionpublica.tv\/portada\/?p=80841"},"modified":"2026-03-11T19:02:32","modified_gmt":"2026-03-12T01:02:32","slug":"video-los-no-elegidos-avance-oficial-netflix","status":"publish","type":"post","link":"https:\/\/www.opinionpublica.tv\/portada\/video-los-no-elegidos-avance-oficial-netflix\/","title":{"rendered":"Video: Los no elegidos | Tr\u00e1iler oficial | Netflix"},"content":{"rendered":"\n<p class=\"wp-block-paragraph\"><a href=\"https:\/\/www.youtube.com\/@NetflixLATAM\"><\/a><\/p>\n\n\n\n<figure class=\"wp-block-embed is-type-video is-provider-youtube wp-block-embed-youtube wp-embed-aspect-16-9 wp-has-aspect-ratio\"><div class=\"wp-block-embed__wrapper\">\n<iframe title=\"Los no elegidos | Avance oficial | Netflix\" width=\"800\" height=\"450\" src=\"https:\/\/www.youtube.com\/embed\/etTadB0jcbA?feature=oembed\" frameborder=\"0\" allow=\"accelerometer; autoplay; clipboard-write; encrypted-media; gyroscope; picture-in-picture; web-share\" referrerpolicy=\"strict-origin-when-cross-origin\" allowfullscreen><\/iframe>\n<\/div><\/figure>\n\n\n\n<p class=\"wp-block-paragraph\">La Comunidad de lo Divino te da la bienvenida. Aprende cu\u00e1l es tu lugar. Pr\u00f3ximamente en Netflix.<\/p>\n","protected":false},"excerpt":{"rendered":"<p>La Comunidad de lo Divino te da la bienvenida. Aprende cu\u00e1l es tu lugar. Pr\u00f3ximamente en Netflix.<\/p>\n","protected":false},"author":6,"featured_media":80843,"comment_status":"closed","ping_status":"closed","sticky":false,"template":"","format":"standard","meta":{"_acf_changed":false,"_monsterinsights_skip_tracking":false,"slim_seo":{"title":"Video: Los no elegidos | Tr\u00e1iler oficial | Netflix - Opini\u00f3n P\u00fablica","description":"https:\/\/youtu.be\/etTadB0jcbA?si=1mocJwynoYWA8aN7 La Comunidad de lo Divino te da la bienvenida. Aprende cu\u00e1l es tu lugar. Pr\u00f3ximamente en Netflix."},"footnotes":""},"categories":[13,2,8],"tags":[2674,741],"class_list":["post-80841","post","type-post","status-publish","format-standard","has-post-thumbnail","hentry","category-videos-destacados-contenido","category-videos-destacados","category-videos","tag-los-no-elegidos","tag-netflix"],"acf":[],"_links":{"self":[{"href":"https:\/\/www.opinionpublica.tv\/portada\/wp-json\/wp\/v2\/posts\/80841","targetHints":{"allow":["GET"]}}],"collection":[{"href":"https:\/\/www.opinionpublica.tv\/portada\/wp-json\/wp\/v2\/posts"}],"about":[{"href":"https:\/\/www.opinionpublica.tv\/portada\/wp-json\/wp\/v2\/types\/post"}],"author":[{"embeddable":true,"href":"https:\/\/www.opinionpublica.tv\/portada\/wp-json\/wp\/v2\/users\/6"}],"replies":[{"embeddable":true,"href":"https:\/\/www.opinionpublica.tv\/portada\/wp-json\/wp\/v2\/comments?post=80841"}],"version-history":[{"count":2,"href":"https:\/\/www.opinionpublica.tv\/portada\/wp-json\/wp\/v2\/posts\/80841\/revisions"}],"predecessor-version":[{"id":80845,"href":"https:\/\/www.opinionpublica.tv\/portada\/wp-json\/wp\/v2\/posts\/80841\/revisions\/80845"}],"wp:featuredmedia":[{"embeddable":true,"href":"https:\/\/www.opinionpublica.tv\/portada\/wp-json\/wp\/v2\/media\/80843"}],"wp:attachment":[{"href":"https:\/\/www.opinionpublica.tv\/portada\/wp-json\/wp\/v2\/media?parent=80841"}],"wp:term":[{"taxonomy":"category","embeddable":true,"href":"https:\/\/www.opinionpublica.tv\/portada\/wp-json\/wp\/v2\/categories?post=80841"},{"taxonomy":"post_tag","embeddable":true,"href":"https:\/\/www.opinionpublica.tv\/portada\/wp-json\/wp\/v2\/tags?post=80841"}],"curies":[{"name":"wp","href":"https:\/\/api.w.org\/{rel}","templated":true}]}}