{"id":80805,"date":"2026-03-11T00:01:00","date_gmt":"2026-03-11T06:01:00","guid":{"rendered":"https:\/\/www.opinionpublica.tv\/portada\/?p=80805"},"modified":"2026-03-10T20:21:15","modified_gmt":"2026-03-11T02:21:15","slug":"encabeza-maru-campos-firma-del-convenio-para-la-paz-y-la-justicia-de-las-mujeres","status":"publish","type":"post","link":"https:\/\/www.opinionpublica.tv\/portada\/encabeza-maru-campos-firma-del-convenio-para-la-paz-y-la-justicia-de-las-mujeres\/","title":{"rendered":"Encabeza Maru Campos firma del Convenio para la Paz y la Justicia de las Mujeres"},"content":{"rendered":"\n<figure class=\"wp-block-image size-large\"><img fetchpriority=\"high\" decoding=\"async\" width=\"1024\" height=\"682\" src=\"https:\/\/www.opinionpublica.tv\/portada\/wp-content\/uploads\/2026\/03\/Encabeza-Maru-Campos-firma-del-Convenio-para-la-Paz-y-la-Justicia-de-las-Mujeres-1024x682.jpeg\" alt=\"Encabeza maru campos firma del convenio para la paz y la justicia de las mujeres\" class=\"wp-image-80808\" srcset=\"https:\/\/www.opinionpublica.tv\/portada\/wp-content\/uploads\/2026\/03\/Encabeza-Maru-Campos-firma-del-Convenio-para-la-Paz-y-la-Justicia-de-las-Mujeres-1024x682.jpeg 1024w, https:\/\/www.opinionpublica.tv\/portada\/wp-content\/uploads\/2026\/03\/Encabeza-Maru-Campos-firma-del-Convenio-para-la-Paz-y-la-Justicia-de-las-Mujeres-300x200.jpeg 300w, https:\/\/www.opinionpublica.tv\/portada\/wp-content\/uploads\/2026\/03\/Encabeza-Maru-Campos-firma-del-Convenio-para-la-Paz-y-la-Justicia-de-las-Mujeres-768x511.jpeg 768w, https:\/\/www.opinionpublica.tv\/portada\/wp-content\/uploads\/2026\/03\/Encabeza-Maru-Campos-firma-del-Convenio-para-la-Paz-y-la-Justicia-de-las-Mujeres-1536x1022.jpeg 1536w, https:\/\/www.opinionpublica.tv\/portada\/wp-content\/uploads\/2026\/03\/Encabeza-Maru-Campos-firma-del-Convenio-para-la-Paz-y-la-Justicia-de-las-Mujeres.jpeg 1600w\" sizes=\"(max-width: 1024px) 100vw, 1024px\" \/><\/figure>\n\n\n\n<p class=\"wp-block-paragraph\"><em>Chihuahua, Chih<\/em>.- La gobernadora Maru Campos encabez\u00f3 la firma del Convenio para la paz y la justicia de las mujeres, que establece bases de coordinaci\u00f3n interinstitucional para dise\u00f1ar e implementar acciones de prevenci\u00f3n, atenci\u00f3n, investigaci\u00f3n, sanci\u00f3n y erradicaci\u00f3n de la violencia.<\/p>\n\n\n\n<p class=\"wp-block-paragraph\">Este acuerdo se alinea al compromiso nacional por la vida, la felicidad y el respeto a las mujeres, suscrito en noviembre pasado por la mandataria y sus hom\u00f3logos de las diferentes entidades del pa\u00eds, cuyo eje prioritario es la colaboraci\u00f3n entre instancias para conseguir resultados integrales.<\/p>\n\n\n\n<p class=\"wp-block-paragraph\">En su mensaje, la titular del Ejecutivo afirm\u00f3 que la tarea de los gobiernos humanistas es agotar voluntades para que ninguna mujer viva violencia, acompa\u00f1ar a quienes la han sufrido y abrirles caminos reales para salir adelante, en un mundo lleno de injusticias y obst\u00e1culos.<\/p>\n\n\n\n<p class=\"wp-block-paragraph\">Ejemplific\u00f3 los esfuerzos por recuperar las estancias infantiles para que las chihuahuenses puedan trabajar y fortalecer su independencia econ\u00f3mica, el transporte p\u00fablico seguro, la videovigilancia y una Fiscal\u00eda que da resultados, que se reflejan en los casi 600 violentadores llevados ante la justicia.<\/p>\n\n\n\n<p class=\"wp-block-paragraph\">\u201cHay mucho por recorrer, pero cuando el Estado responde y responde con seriedad, y pone en el centro la dignidad de las mujeres, la esperanza y la justicia se convierten en una realidad cotidiana para miles de nosotros\u201d, enfatiz\u00f3.<\/p>\n\n\n\n<p class=\"wp-block-paragraph\">Sostuvo que la instalaci\u00f3n de mesas interinstitucionales ayudar\u00e1 a reforzar la protecci\u00f3n, la atenci\u00f3n y el acceso a la justicia, para lo cual tambi\u00e9n se impulsan campa\u00f1as a favor de la igualdad, apoyo y acompa\u00f1amiento a familias vulneradas, acciones en materia educativa y el apoyo a reformas en leyes locales.<\/p>\n\n\n\n<p class=\"wp-block-paragraph\">\u201cJuntas y juntos podamos decirles a las mexicanas y a los mexicanos, sobre todo a las chihuahuenses, que no est\u00e1n solas, que su dignidad y su seguridad importan, y que el futuro del pa\u00eds y de Chihuahua, se construye solo si hay mujeres libres, seguras y fuertes\u201d, finaliz\u00f3.<\/p>\n\n\n\n<p class=\"wp-block-paragraph\">Maru Campos fungi\u00f3 como testigo de honor del acuerdo, que fue suscrito por la Fiscal\u00eda General del Estado, el Instituto Chihuahuense de las Mujeres (Ichmujeres) y el Tribunal Superior de Justicia del Estado.<\/p>\n\n\n\n<p class=\"wp-block-paragraph\">Las l\u00edneas de cooperaci\u00f3n incluyen garantizar que las denuncias por violencia contra las mujeres se reciban y atiendan con la debida diligencia y sin discriminaci\u00f3n, as\u00ed como evitar su archivo indebido sin fundamentaci\u00f3n.<\/p>\n\n\n\n<p class=\"wp-block-paragraph\">Tambi\u00e9n instalar una mesa de trabajo permanente para revisar, actualizar y fortalecer protocolos de atenci\u00f3n, investigaci\u00f3n y seguimiento, e implementar programas de capacitaci\u00f3n para que las y los servidores p\u00fablicos ejerzan sus funciones con perspectiva de g\u00e9nero, enfoque de infancia y de derechos humanos, entre otras iniciativas.<\/p>\n\n\n\n<p class=\"wp-block-paragraph\">Raquel Bravo Osuna, directora general del Ichmujeres, dijo que la firma de este documento materializa la decisi\u00f3n de continuar el trabajo para combatir la violencia de g\u00e9nero, al fortalecer la coordinaci\u00f3n de las instituciones que juegan un papel fundamental en dicha tarea.<\/p>\n\n\n\n<p class=\"wp-block-paragraph\">Por su parte, Wendy Ch\u00e1vez, fiscal especializada en Atenci\u00f3n a Mujeres V\u00edctimas del Delito por Razones de G\u00e9nero y a la Familia, indic\u00f3 que aunque ya se implementen ciertas acciones, es fundamental institucionalizarlas, por lo cual, este es un paso m\u00e1s para brindar un respaldo s\u00f3lido para las mujeres y las ni\u00f1as.<\/p>\n\n\n\n<p class=\"wp-block-paragraph\">La presidenta del Tribunal Superior de Justicia, Marcela Herrera, dijo que esto surge para responder con sensibilidad, eficacia y coordinaci\u00f3n a una de las prioridades fundamentales como sociedad: garantizar a las mujeres una vida libre de violencia.<\/p>\n\n\n\n<p class=\"wp-block-paragraph\">\u201cEl acceso a la justicia no depende de una sola instituci\u00f3n, sino de la articulaci\u00f3n eficaz entre quienes investigan, quienes acompa\u00f1an y quienes juzgan\u201d, subray\u00f3.<\/p>\n","protected":false},"excerpt":{"rendered":"<p>Chihuahua, Chih.- La gobernadora Maru Campos encabez\u00f3 la firma del Convenio para la paz y la justicia de las mujeres, que establece bases de coordinaci\u00f3n interinstitucional para dise\u00f1ar e implementar acciones de prevenci\u00f3n, atenci\u00f3n, investigaci\u00f3n, sanci\u00f3n y erradicaci\u00f3n de la violencia. Este acuerdo se alinea al compromiso nacional por la vida, la felicidad y el [&hellip;]<\/p>\n","protected":false},"author":6,"featured_media":80808,"comment_status":"closed","ping_status":"closed","sticky":false,"template":"","format":"standard","meta":{"_acf_changed":false,"_monsterinsights_skip_tracking":false,"slim_seo":{"title":"Encabeza Maru Campos firma del Convenio para la Paz y la Justicia de las Mujeres - Opini\u00f3n P\u00fablica","description":"Chihuahua, Chih .- La gobernadora Maru Campos encabez\u00f3 la firma del Convenio para la paz y la justicia de las mujeres, que establece bases de coordinaci\u00f3n inter"},"footnotes":""},"categories":[11],"tags":[88,2667,199,458,2668],"class_list":["post-80805","post","type-post","status-publish","format-standard","has-post-thumbnail","hentry","category-tendencias","tag-chihuahua","tag-instituto-chihuahuense-de-las-mujeres","tag-maru-campos","tag-mujeres","tag-tribunal-superior-de-justicia-del-estado"],"acf":[],"_links":{"self":[{"href":"https:\/\/www.opinionpublica.tv\/portada\/wp-json\/wp\/v2\/posts\/80805","targetHints":{"allow":["GET"]}}],"collection":[{"href":"https:\/\/www.opinionpublica.tv\/portada\/wp-json\/wp\/v2\/posts"}],"about":[{"href":"https:\/\/www.opinionpublica.tv\/portada\/wp-json\/wp\/v2\/types\/post"}],"author":[{"embeddable":true,"href":"https:\/\/www.opinionpublica.tv\/portada\/wp-json\/wp\/v2\/users\/6"}],"replies":[{"embeddable":true,"href":"https:\/\/www.opinionpublica.tv\/portada\/wp-json\/wp\/v2\/comments?post=80805"}],"version-history":[{"count":2,"href":"https:\/\/www.opinionpublica.tv\/portada\/wp-json\/wp\/v2\/posts\/80805\/revisions"}],"predecessor-version":[{"id":80809,"href":"https:\/\/www.opinionpublica.tv\/portada\/wp-json\/wp\/v2\/posts\/80805\/revisions\/80809"}],"wp:featuredmedia":[{"embeddable":true,"href":"https:\/\/www.opinionpublica.tv\/portada\/wp-json\/wp\/v2\/media\/80808"}],"wp:attachment":[{"href":"https:\/\/www.opinionpublica.tv\/portada\/wp-json\/wp\/v2\/media?parent=80805"}],"wp:term":[{"taxonomy":"category","embeddable":true,"href":"https:\/\/www.opinionpublica.tv\/portada\/wp-json\/wp\/v2\/categories?post=80805"},{"taxonomy":"post_tag","embeddable":true,"href":"https:\/\/www.opinionpublica.tv\/portada\/wp-json\/wp\/v2\/tags?post=80805"}],"curies":[{"name":"wp","href":"https:\/\/api.w.org\/{rel}","templated":true}]}}