{"id":80788,"date":"2026-03-11T00:01:00","date_gmt":"2026-03-11T06:01:00","guid":{"rendered":"https:\/\/www.opinionpublica.tv\/portada\/?p=80788"},"modified":"2026-03-10T16:25:37","modified_gmt":"2026-03-10T22:25:37","slug":"socio-de-lider-de-la-barredora-pago-eventos-de-precampana-de-adan-cuando-era-corcholata","status":"publish","type":"post","link":"https:\/\/www.opinionpublica.tv\/portada\/socio-de-lider-de-la-barredora-pago-eventos-de-precampana-de-adan-cuando-era-corcholata\/","title":{"rendered":"Socio de l\u00edder de La Barredora pag\u00f3 eventos de precampa\u00f1a de Ad\u00e1n como &#8216;corcholata&#8217;"},"content":{"rendered":"\n<figure class=\"wp-block-image size-large\"><img fetchpriority=\"high\" decoding=\"async\" width=\"1024\" height=\"631\" src=\"https:\/\/www.opinionpublica.tv\/portada\/wp-content\/uploads\/2026\/03\/Socio-de-lider-de-La-Barredora-pago-eventos-de-precampana-de-Adan-como-corcholata-1024x631.avif\" alt=\"Socio de li\u0301der de la barredora pago\u0301 eventos de precampan\u0303a de ada\u0301n como 'corcholata'\" class=\"wp-image-80791\" srcset=\"https:\/\/www.opinionpublica.tv\/portada\/wp-content\/uploads\/2026\/03\/Socio-de-lider-de-La-Barredora-pago-eventos-de-precampana-de-Adan-como-corcholata-1024x631.avif 1024w, https:\/\/www.opinionpublica.tv\/portada\/wp-content\/uploads\/2026\/03\/Socio-de-lider-de-La-Barredora-pago-eventos-de-precampana-de-Adan-como-corcholata-300x185.avif 300w, https:\/\/www.opinionpublica.tv\/portada\/wp-content\/uploads\/2026\/03\/Socio-de-lider-de-La-Barredora-pago-eventos-de-precampana-de-Adan-como-corcholata-768x474.avif 768w, https:\/\/www.opinionpublica.tv\/portada\/wp-content\/uploads\/2026\/03\/Socio-de-lider-de-La-Barredora-pago-eventos-de-precampana-de-Adan-como-corcholata.avif 1080w\" sizes=\"(max-width: 1024px) 100vw, 1024px\" \/><\/figure>\n\n\n\n<p class=\"wp-block-paragraph\">Entre los comprobantes de los gastos de la precampa\u00f1a presidencial de Ad\u00e1n Augusto L\u00f3pez Hern\u00e1ndez, el ex l\u00edder de la bancada de Morena en el Senado, hay un rastro que lo vincula con Humberto Berm\u00fadez Requena, hermano del presunto cabecilla de La Barredora, Hern\u00e1n Berm\u00fadez Requena, actualmente preso en el penal de m\u00e1xima seguridad de El Altiplano en espera de ser juzgado por delitos relacionados con la delincuencia organizada.<\/p>\n\n\n\n<p class=\"wp-block-paragraph\">Uno de los socios de Humberto Berm\u00fadez en Inmobiliaria y Constructora Samaria ha sido el empresario Fernando Paniagua Gardu\u00f1o, quien financi\u00f3 con 189 mil pesos nueve asambleas ciudadanas o m\u00edtines de Ad\u00e1n Augusto L\u00f3pez celebradas en Jalisco, Aguascalientes y Sonora en agosto de 2023.<\/p>\n\n\n\n<p class=\"wp-block-paragraph\">Humberto Berm\u00fadez y Fernando Paniagua fundaron Inmobiliaria y Constructora Samaria el 20 de julio de 2000 en Villahermosa, Tabasco. Entre los socios incluyeron a dos estudiantes: los hermanos Embriz Cruz, Manuel y Luis Enrique, de acuerdo con el Registro P\u00fablico de la Propiedad con el Folio Mercantil Electr\u00f3nico (FME) 5513.<\/p>\n\n\n\n<p class=\"wp-block-paragraph\">Las pruebas de este v\u00ednculo, hasta ahora desconocido, entre uno de los financistas en la precampa\u00f1a de Ad\u00e1n Augusto L\u00f3pez y el socio del hermano del presunto cabecilla de La Barredora, fueron obtenidas a trav\u00e9s de un cruce de informaci\u00f3n de documentos provenientes de una solicitud de acceso a la informaci\u00f3n presentada ante el Instituto Nacional Electoral (INE) y los registros p\u00fablicos de la propiedad de Tabasco.<\/p>\n\n\n\n<p class=\"wp-block-paragraph\">La relaci\u00f3n entre Fernando Paniagua, los hermanos Berm\u00fadez Requena y el exl\u00edder de Morena en el Senado, tambi\u00e9n pasa a trav\u00e9s de una arista pol\u00edtica: Rafael Paniagua Gardu\u00f1o, hermano del financista, fue designado director de la Junta Estatal de Caminos (JEC) por Ad\u00e1n Augusto L\u00f3pez cuando inici\u00f3 su mandato como gobernador de Tabasco en enero del 2019 y, al final de ese a\u00f1o, el 11 de diciembre, Hern\u00e1n Berm\u00fadez se incorpor\u00f3, a este mismo gabinete, como secretario de Seguridad P\u00fablica y Ciudadana (SSPC).<\/p>\n\n\n\n<p class=\"wp-block-paragraph\">Ad\u00e1n Augusto L\u00f3pez puso en manos de Rafael Paniagua Gardu\u00f1o la Junta Estatal de Caminos a pesar de un posible conflicto de inter\u00e9s, toda vez que era copropietario de Transportes Especiales Olmeca, dedicada al traslado de carga pesada, fundada desde hac\u00eda 21 a\u00f1os, el 7 de septiembre de 1998. En esta compa\u00f1\u00eda, abierta en Villahermosa, uno de los socios ha sido su hermano, Fernando Paniagua, que financi\u00f3 su frustrada campa\u00f1a para hacerse de la candidatura presidencial.<\/p>\n\n\n\n<p class=\"wp-block-paragraph\">Los hermanos Paniagua Gardu\u00f1o, Fernando y Rafael, tambi\u00e9n han sido due\u00f1os o representantes de Industria Manufacturera de la Construcci\u00f3n y Constructora Paniagua Gardu\u00f1o. Las empresas no han sido disueltas y, por otra parte, tampoco est\u00e1n incluidas en la lista de empresas con operaciones inexistentes actualizada hasta diciembre de 2025 por el Sistema de Administraci\u00f3n Tributaria (SAT).<\/p>\n\n\n\n<p class=\"wp-block-paragraph\">El viernes 20 de junio de 2025, la Unidad de Inteligencia Financiera (UIF) logr\u00f3 que las cuentas bancarias de los hermanos Berm\u00fadez Requena, Hern\u00e1n, Ra\u00fal, Elba Guadalupe y Humberto, fueran congeladas. Un juez federal consider\u00f3 que los especialistas de la Secretar\u00eda de Hacienda demostraron su posible complicidad con \u201cLa Barredora\u201d. Por aquel entonces, el primero de ellos andaba a salto de mata; era un pr\u00f3fugo de la justicia buscado, incluso, por la Interpol.<\/p>\n\n\n\n<p class=\"wp-block-paragraph\">El 26 de diciembre de 2025, una jueza federal en Villahermosa, Sandra Adriana Carvajal D\u00edaz, neg\u00f3 una suspensi\u00f3n provisional a Hern\u00e1n Berm\u00fadez Requena contra el congelamiento de sus cuentas bancarias. En la b\u00fasqueda de un amparo, el exjefe policiaco asegur\u00f3 que tanto \u00e9l como su familia se han visto envueltos en una persecuci\u00f3n pol\u00edtica. Entre la informaci\u00f3n p\u00fablica disponible no fue posible saber si en este juicio incluy\u00f3 a sus hermanos, sobre todo, a Humberto.<\/p>\n\n\n\n<p class=\"wp-block-paragraph\">Sin embargo, dos distintas fuentes, el \u00d3rgano de Administraci\u00f3n Judicial y la Secretar\u00eda de Seguridad y Protecci\u00f3n Ciudadana (SSPC), informaron que hasta la primera semana de febrero de 2026, no recibieron notificaciones que modifiquen, al menos temporalmente, la medida precautoria solicitada por la UIF.<\/p>\n\n\n\n<p class=\"wp-block-paragraph\">La precampa\u00f1a<\/p>\n\n\n\n<p class=\"wp-block-paragraph\">Pese a sus antecedentes como hombre de negocios, Fernando Paniagua se present\u00f3 como un simple donador ante Morena y el INE.<\/p>\n\n\n\n<p class=\"wp-block-paragraph\">El viernes 27 de octubre de 2023 llen\u00f3, de pu\u00f1o y letra, el Cuestionario de Evaluaci\u00f3n de Riesgo de Aportaciones en el cual dijo que el dinero proven\u00eda de sus ahorros y sueldos, pero, sobre todo, asegur\u00f3 que no era socio o accionista de alguna \u201cpersona moral\u201d. En este documento plasm\u00f3 su firma s\u00f3lo como \u201cpersona aportante\u201d.<\/p>\n\n\n\n<p class=\"wp-block-paragraph\">Entre el 13 y el 15 de agosto de 2023, Morena expidi\u00f3 cuatro \u00f3rdenes de servicio firmadas por Rafel D\u00edaz R\u00edos, enlace de fiscalizaci\u00f3n del delegado Ad\u00e1n Augusto L\u00f3pez. Los aspirantes a la candidatura presidencial, en el papel, s\u00f3lo eran encargados de difundir, por todo el pa\u00eds, el proyecto de la Cuarta Transformaci\u00f3n.<\/p>\n\n\n\n<p class=\"wp-block-paragraph\">Las \u00f3rdenes de servicio contemplaron nueve m\u00edtines. En Jalisco, Ad\u00e1n Augusto L\u00f3pez estar\u00eda en Ocotl\u00e1n, Tonal\u00e1, Huentit\u00e1n el Bajo, Zapopan, Encarnaci\u00f3n de D\u00edaz y San Jos\u00e9 de Gracia. En Aguascalientes, tendr\u00eda un solo evento en la antigua Plaza de Toros de San Marcos y, por \u00faltimo, visitar\u00eda Hermosillo, Sonora.<\/p>\n\n\n\n<p class=\"wp-block-paragraph\">En el desglose del donativo a nombre de Fernando Paniagua, el INE entreg\u00f3 cuatro carpetas sobre las nueve asambleas. Cada una de ellas tra\u00eda fotos y documentos que desglosaron el destino del dinero.<\/p>\n\n\n\n<p class=\"wp-block-paragraph\">Rafael D\u00edaz R\u00edos, el encargado de Fiscalizaci\u00f3n en la precampa\u00f1a fue, al menos hasta febrero pasado, el director de la Unidad de Transparencia en el Senado. Antes estuvo entre los colaboradores m\u00e1s cercanos de Ad\u00e1n Augusto L\u00f3pez durante su gobierno en Tabasco, primero como director, y luego de coordinador general de la Unidad T\u00e9cnica de su despacho.<\/p>\n\n\n\n<p class=\"wp-block-paragraph\">En 2023, el entonces director de Finanzas del Comit\u00e9 Ejecutivo Nacional de Morena, Javier Cabeides Uranga, firm\u00f3 tres contratos con Fernando Panigua por distintas cantidades, dos de ellos expedidos el mismo d\u00eda. El 20 de agosto aprobaron los acuerdos ORD-CEN-249-2003 por 21 mil 765 pesos, y el ORD-CEN-252-2003 por 27 mil 790 pesos.<\/p>\n\n\n\n<p class=\"wp-block-paragraph\">El m\u00e1s cuantioso, por 139 mil 450 pesos, se concret\u00f3 un d\u00eda antes, el 19 de agosto. Javier Cabeides actualmente se desempe\u00f1a como director del Instituto Nacional de Infraestructura F\u00edsica Educativa (INIFED), organismo vinculado a la Secretar\u00eda de Educaci\u00f3n P\u00fablica (SEP), cuyo titular es Mario Delgado, el l\u00edder nacional del Morena cuando ocurrieron las campa\u00f1as en el 2023.<\/p>\n\n\n\n<p class=\"wp-block-paragraph\">En los contratos 249 y 253, Fernando Paniagua dijo que viv\u00eda en el n\u00famero 217 de la calle Comalcalco, en el Fraccionamiento Club Campestre de Villahermosa. Esta misma direcci\u00f3n apareci\u00f3 vinculada a su nombre durante la fundaci\u00f3n de Inmobiliaria y Constructora Samaria, aunque en la Notar\u00eda 15 omitieron el n\u00famero de la casa, algo que tambi\u00e9n se hizo con el resto de los socios entre los cuales est\u00e1 Humberto Berm\u00fadez, quien asegur\u00f3 habitar en una propiedad ubicada en la calle Balanc\u00e1n, colonia Electricistas.<\/p>\n\n\n\n<p class=\"wp-block-paragraph\">Esta constructora pudo firmar sus primeros contratos a partir del jueves 20 de julio de 2000. Esta fecha significa que, cuando Fernando Paniagua don\u00f3 los 189 mil pesos a Morena para la precampa\u00f1a de Ad\u00e1n Augusto L\u00f3pez ten\u00eda 23 a\u00f1os en operaci\u00f3n. En el archivo con el FME 5513 del Registro P\u00fablico de la Propiedad de Villahermosa, consta que no ha sido liquidada, y tampoco hay venta de acciones hasta febrero de 2025.<\/p>\n\n\n\n<p class=\"wp-block-paragraph\">Morena us\u00f3 los 189 mil pesos donados por Fernando Paniagua para pagar los servicios de la empresa Live Producci\u00f3n de Eventos, representada por Claudia Cecilia Liz\u00e1rraga Vergara, la cual se encarg\u00f3 de todo lo necesario para las nueve asambleas celebradas en agosto de 2023.<\/p>\n\n\n\n<p class=\"wp-block-paragraph\">En estos m\u00edtines se instalaron bocinas, consolas de audio, micr\u00f3fonos inal\u00e1mbricos, templetes, lonas impresas y escenarios alternos. Adem\u00e1s, colocaron 600 sillas, zonas de hidrataci\u00f3n \u2014con 300 bolsas de agua\u2014, mallas, plantas de luz, vallas met\u00e1licas y un grupo de animaci\u00f3n art\u00edstica y musical.<\/p>\n\n\n\n<p class=\"wp-block-paragraph\">En la plataforma web del Registro P\u00fablico del Comercio, donde se asientan los nombres de las empresas en M\u00e9xico, no aparece ninguna sociedad an\u00f3nima llamada Live Producci\u00f3n de Eventos, y tampoco existen datos asociados a Claudia Cecilia Liz\u00e1rraga Vergara. Sin embargo, una persona con el mismo nombre aparece en las listas de Proveedores de Bienes Inmuebles y Servicios de Tabasco correspondientes a los a\u00f1os 2022, 2023 y 2024.<\/p>\n\n\n\n<p class=\"wp-block-paragraph\">Morena puso un tope de gastos para las precampa\u00f1as de 5 millones de pesos. Ad\u00e1n Augusto L\u00f3pez, p\u00fablicamente, pidi\u00f3 que el monto que le correspond\u00eda fuera canalizado a los programas sociales, toda vez que utilizar\u00eda sus ahorros para moverse por el pa\u00eds.<\/p>\n\n\n\n<p class=\"wp-block-paragraph\">Al concluir las precampa\u00f1as de Morena, el equipo de Ad\u00e1n Augusto L\u00f3pez report\u00f3 ante el INE gastos totales por 3.5 millones de pesos. No obstante, el an\u00e1lisis de los reportes elaborados por la Unidad T\u00e9cnica de Fiscalizaci\u00f3n concluy\u00f3 que, cuando menos, desembolsaron siete veces m\u00e1s: 26 millones de pesos, de los cuales, alrededor de 17 millones corresponden a espectaculares.<\/p>\n\n\n\n<p class=\"wp-block-paragraph\">El pasado domingo 1 de febrero, Ad\u00e1n Augusto L\u00f3pez renunci\u00f3 como coordinador de Morena en el Senado. El legislador dijo que era el momento de sumarse al trabajo territorial de su partido en la IV Circunscripci\u00f3n electoral. Dos d\u00edas m\u00e1s tarde afirm\u00f3 que le \u201ctienen sin cuidado\u201d los se\u00f1alamientos en su contra por su cercan\u00eda con Hern\u00e1n Berm\u00fadez, a quien eligi\u00f3 jefe de Seguridad P\u00fablica y Protecci\u00f3n Ciudadana cuando fue gobernador de Tabasco.<\/p>\n\n\n\n<p class=\"wp-block-paragraph\">\u201cHoy [el martes 3 de febrero] lo dijo la presidenta, que no hab\u00eda ninguna investigaci\u00f3n. Yo de mi patrimonio no me averg\u00fcenzo; platiqu\u00e9 de d\u00f3nde ven\u00eda. No ha habido un pol\u00edtico, al menos en los tiempos recientes, que haya presentado como yo lo hice los detalles sobre los impuestos que he venido pagando\u201d, a\u00f1adi\u00f3.<\/p>\n\n\n\n<p class=\"wp-block-paragraph\">Para este trabajo se busc\u00f3 a Fernando Paniagua Gardu\u00f1o, el financista de la campa\u00f1a de Ad\u00e1n Augusto L\u00f3pez, pero fue imposible localizarlo por dos circunstancias: ninguna de las empresas en las que ha participado como socio, representante o miembro de los consejos de administraci\u00f3n tienen sitios web, y tampoco aparecen como proveedores o contratistas. En redes sociales, hay personas con el mismo nombre. A una de ellas, un maratonista, se le envi\u00f3 un mensaje a trav\u00e9s de Facebook, pero nunca hubo respuesta, cuando menos, hasta la publicaci\u00f3n de este trabajo.<\/p>\n\n\n\n<p class=\"wp-block-paragraph\">Tambi\u00e9n se buscaron las posturas de Ad\u00e1n Augusto L\u00f3pez Hern\u00e1ndez y del partido Morena, pero hasta el cierre de edici\u00f3n no se hab\u00edan logrado.<\/p>\n\n\n\n<p class=\"wp-block-paragraph\">Los socios<\/p>\n\n\n\n<p class=\"wp-block-paragraph\">Adem\u00e1s del financista de la precampa\u00f1a de Ad\u00e1n Augusto L\u00f3pez y de Humberto Berm\u00fadez, los otros fundadores de la Inmobiliaria y Constructora Samaria fueron Manuel Felipe Ord\u00f3\u00f1ez Gal\u00e1n, Ricardo D\u00edaz Leal Aldana, Andr\u00e9s Escudero Aguilar, Guillermo Rafael Osorio Giorgana y Manuel Santandreu Hern\u00e1ndez, as\u00ed como una sociedad an\u00f3nima de nombre Compa\u00f1\u00eda Constructora D\u00edaz Leal.<\/p>\n\n\n\n<p class=\"wp-block-paragraph\">En este grupo de inversionistas destaca la presencia de Manuel Santandreu porque cuenta, cuando menos, con 18 compa\u00f1\u00edas. Una de ellas, Pavimentos y Agregados del Sureste, fue dada de alta en la Notar\u00eda 27, a cargo de Ad\u00e1n Augusto L\u00f3pez, el 7 de septiembre de 1998 y, en la lista de fundadores, est\u00e1 Humberto Berm\u00fadez.<\/p>\n\n\n\n<p class=\"wp-block-paragraph\">Cinco a\u00f1os despu\u00e9s de haberse puesto en operaci\u00f3n, el hermano del presunto cabecilla de La Barredora vendi\u00f3 sus 200 t\u00edtulos de propiedad en 200 mil pesos a Inocencio Gallegos Vidal. Este movimiento tambi\u00e9n se efectu\u00f3 en el despacho del exl\u00edder de Morena en el Senado, seg\u00fan el FME 1730.<\/p>\n\n\n\n<p class=\"wp-block-paragraph\">Manuel Santandreu y Humberto Berm\u00fadez tienen otro v\u00ednculo de negocios. El 23 de agosto de 2000 firmaron el acta constitutiva de Grupo Industrial Samaria, de acuerdo con el FME 1915. Esta sociedad an\u00f3nima, tiene un nombre similar al de Inmobiliaria y Constructora Samaria, donde particip\u00f3 Fernando Paniagua Gardu\u00f1o, quien pag\u00f3 los nueve m\u00edtines encabezados por Ad\u00e1n Augusto L\u00f3pez.<\/p>\n\n\n\n<p class=\"wp-block-paragraph\">La buena marcha de Grupo Industrial Samaria facilit\u00f3 que, tan solo dos a\u00f1os despu\u00e9s, aumentara significativamente su capital. El 26 de diciembre de 2002 compraron todas las acciones de Escudero Construcciones tasadas en 8 millones de pesos. La mitad qued\u00f3 a nombre de Manuel Santandreu, y la otra parte fue para Humberto Berm\u00fadez. Este movimiento se concret\u00f3 en la Notar\u00eda de Ad\u00e1n Augusto L\u00f3pez. La compa\u00f1\u00eda, a 25 a\u00f1os de su fundaci\u00f3n, a\u00fan est\u00e1 abierta.<\/p>\n\n\n\n<p class=\"wp-block-paragraph\">En el Registro P\u00fablico de la Propiedad, FME 175, no hay avisos sobre venta de los t\u00edtulos de propiedad ni sobre una liquidaci\u00f3n. Incluso, seg\u00fan estos documentos, la empresa podr\u00eda seguir prestando servicios, tanto en la iniciativa privada como en los tres niveles de gobierno.<\/p>\n\n\n\n<p class=\"wp-block-paragraph\">Los Paniagua Gardu\u00f1o<\/p>\n\n\n\n<p class=\"wp-block-paragraph\">Rafael y Fernando Paniagua Gardu\u00f1o figuran entre los due\u00f1os de Industria Manufacturera de la Construcci\u00f3n, abierta en la capital tabasque\u00f1a el 30 de octubre de 2000 (FME 2564).<\/p>\n\n\n\n<p class=\"wp-block-paragraph\">En la Notar\u00eda 27, dirigida por Ad\u00e1n Augusto L\u00f3pez, conoc\u00edan bien la trayectoria empresarial de ambos: el 5 de agosto de 1998 validaron el nacimiento de PAGHNOS CORP \u2014otra constructora\u2014 en la cual Rafael Paniagua, quien a la postre ser\u00eda llamado a su gabinete, cuenta con t\u00edtulos de propiedad (FME 309).<\/p>\n\n\n\n<p class=\"wp-block-paragraph\">En 1998, Fernando Paniagua particip\u00f3 en la creaci\u00f3n de Transportaciones Especiales Olmeca. Cuatro a\u00f1os despu\u00e9s, el 21 de noviembre de 2002, su hermano y representante, Gildardo Paniagua Gardu\u00f1o, tramit\u00f3 su fusi\u00f3n con Inmobiliaria del Tr\u00f3pico Fr\u00edo. Sin embargo, este movimiento no implic\u00f3 la desaparici\u00f3n de la primera de ellas.<\/p>\n\n\n\n<p class=\"wp-block-paragraph\">En el archivo FME 1725 del Registro P\u00fablico de Villahermosa aparecen dos actas de asambleas fechadas al 3 de noviembre de 2004 \u2014dos a\u00f1os despu\u00e9s de la fusi\u00f3n\u2014 donde aprobaron los reportes financieros, cambios en el Consejo de Administraci\u00f3n y un reacomodo del capital. Ese d\u00eda eliminaron las acciones emitidas antes con un valor cercano a los 70 mil pesos y emitieron nuevos t\u00edtulos de propiedad tasados en 9.9 millones de pesos. Los due\u00f1os seguir\u00edan siendo las mismas personas, de hecho, ah\u00ed mismo los invitaron a firmar el nuevo paquete accionario.<\/p>\n\n\n\n<p class=\"wp-block-paragraph\">A pesar de que los antecedentes empresariales de Fernando Paniagua se remontan hasta el final de la d\u00e9cada de los noventa, las sociedades an\u00f3nimas en las que aparece su nombre, tanto como accionista o miembro de los consejos de administraci\u00f3n permanecen abiertas.<\/p>\n\n\n\n<p class=\"wp-block-paragraph\">En Constructora Paniagua Gardu\u00f1o, por ejemplo, fundada el 9 de octubre de 1998, \u00e9l aparece como administrador \u00fanico, sin cambios hasta el momento, seg\u00fan el Registro P\u00fablico de la Propiedad de Huimanguillo, Tabasco, FME 2245.<\/p>\n\n\n\n<p class=\"wp-block-paragraph\"><em>Con informaci\u00f3n de El Universal<\/em>.<\/p>\n","protected":false},"excerpt":{"rendered":"<p>Entre los comprobantes de los gastos de la precampa\u00f1a presidencial de Ad\u00e1n Augusto L\u00f3pez Hern\u00e1ndez, el ex l\u00edder de la bancada de Morena en el Senado, hay un rastro que lo vincula con Humberto Berm\u00fadez Requena, hermano del presunto cabecilla de La Barredora, Hern\u00e1n Berm\u00fadez Requena, actualmente preso en el penal de m\u00e1xima seguridad de [&hellip;]<\/p>\n","protected":false},"author":6,"featured_media":80791,"comment_status":"closed","ping_status":"closed","sticky":false,"template":"","format":"standard","meta":{"_acf_changed":false,"_monsterinsights_skip_tracking":false,"slim_seo":{"title":"Socio de l\u00edder de La Barredora pag\u00f3 eventos de precampa\u00f1a de Ad\u00e1n como 'corcholata' - Opini\u00f3n P\u00fablica","description":"Entre los comprobantes de los gastos de la precampa\u00f1a presidencial de Ad\u00e1n Augusto L\u00f3pez Hern\u00e1ndez, el ex l\u00edder de la bancada de Morena en el Senado, hay un ras"},"footnotes":""},"categories":[4],"tags":[473,702,1389],"class_list":["post-80788","post","type-post","status-publish","format-standard","has-post-thumbnail","hentry","category-pulsopolitico","tag-adan-augusto-lopez","tag-corcholatas-de-morena","tag-la-barredora"],"acf":[],"_links":{"self":[{"href":"https:\/\/www.opinionpublica.tv\/portada\/wp-json\/wp\/v2\/posts\/80788","targetHints":{"allow":["GET"]}}],"collection":[{"href":"https:\/\/www.opinionpublica.tv\/portada\/wp-json\/wp\/v2\/posts"}],"about":[{"href":"https:\/\/www.opinionpublica.tv\/portada\/wp-json\/wp\/v2\/types\/post"}],"author":[{"embeddable":true,"href":"https:\/\/www.opinionpublica.tv\/portada\/wp-json\/wp\/v2\/users\/6"}],"replies":[{"embeddable":true,"href":"https:\/\/www.opinionpublica.tv\/portada\/wp-json\/wp\/v2\/comments?post=80788"}],"version-history":[{"count":3,"href":"https:\/\/www.opinionpublica.tv\/portada\/wp-json\/wp\/v2\/posts\/80788\/revisions"}],"predecessor-version":[{"id":80792,"href":"https:\/\/www.opinionpublica.tv\/portada\/wp-json\/wp\/v2\/posts\/80788\/revisions\/80792"}],"wp:featuredmedia":[{"embeddable":true,"href":"https:\/\/www.opinionpublica.tv\/portada\/wp-json\/wp\/v2\/media\/80791"}],"wp:attachment":[{"href":"https:\/\/www.opinionpublica.tv\/portada\/wp-json\/wp\/v2\/media?parent=80788"}],"wp:term":[{"taxonomy":"category","embeddable":true,"href":"https:\/\/www.opinionpublica.tv\/portada\/wp-json\/wp\/v2\/categories?post=80788"},{"taxonomy":"post_tag","embeddable":true,"href":"https:\/\/www.opinionpublica.tv\/portada\/wp-json\/wp\/v2\/tags?post=80788"}],"curies":[{"name":"wp","href":"https:\/\/api.w.org\/{rel}","templated":true}]}}