{"id":80775,"date":"2026-03-11T00:01:00","date_gmt":"2026-03-11T06:01:00","guid":{"rendered":"https:\/\/www.opinionpublica.tv\/portada\/?p=80775"},"modified":"2026-03-10T14:30:14","modified_gmt":"2026-03-10T20:30:14","slug":"efemerides-11-de-marzo-un-dia-como-hoy-en-la-historia","status":"publish","type":"post","link":"https:\/\/www.opinionpublica.tv\/portada\/efemerides-11-de-marzo-un-dia-como-hoy-en-la-historia\/","title":{"rendered":"Efem\u00e9rides 11 de marzo | Un d\u00eda como hoy en la historia&#8230;"},"content":{"rendered":"\n<p class=\"wp-block-paragraph\"><em>Un d\u00eda 11 de marzo como hoy, pero de 2004, una c\u00e9lula yihadista comete en Madrid el mayor atentado terrorista de la historia de Espa\u00f1a al explosionar diez artefactos en cuatro trenes de cercan\u00edas, con un resultado final de 193 muertos y m\u00e1s de 2 mil heridos<\/em>.<\/p>\n\n\n\n<figure class=\"wp-block-image size-large\"><img fetchpriority=\"high\" decoding=\"async\" width=\"1024\" height=\"576\" src=\"https:\/\/www.opinionpublica.tv\/portada\/wp-content\/uploads\/2026\/03\/2004-una-celula-yihadista-comete-en-Madrid-el-mayor-atentado-terrorista-de-la-historia-de-Espana-al-explosionar-diez-artefactos-en-cuatro-trenes-1024x576.jpg\" alt=\"2004, una ce\u0301lula yihadista comete en madrid el mayor atentado terrorista de la historia de espan\u0303a al explosionar diez artefactos en cuatro trenes\" class=\"wp-image-80776\" srcset=\"https:\/\/www.opinionpublica.tv\/portada\/wp-content\/uploads\/2026\/03\/2004-una-celula-yihadista-comete-en-Madrid-el-mayor-atentado-terrorista-de-la-historia-de-Espana-al-explosionar-diez-artefactos-en-cuatro-trenes-1024x576.jpg 1024w, https:\/\/www.opinionpublica.tv\/portada\/wp-content\/uploads\/2026\/03\/2004-una-celula-yihadista-comete-en-Madrid-el-mayor-atentado-terrorista-de-la-historia-de-Espana-al-explosionar-diez-artefactos-en-cuatro-trenes-300x169.jpg 300w, https:\/\/www.opinionpublica.tv\/portada\/wp-content\/uploads\/2026\/03\/2004-una-celula-yihadista-comete-en-Madrid-el-mayor-atentado-terrorista-de-la-historia-de-Espana-al-explosionar-diez-artefactos-en-cuatro-trenes-768x432.jpg 768w, https:\/\/www.opinionpublica.tv\/portada\/wp-content\/uploads\/2026\/03\/2004-una-celula-yihadista-comete-en-Madrid-el-mayor-atentado-terrorista-de-la-historia-de-Espana-al-explosionar-diez-artefactos-en-cuatro-trenes.jpg 1280w\" sizes=\"(max-width: 1024px) 100vw, 1024px\" \/><\/figure>\n\n\n\n<p class=\"wp-block-paragraph\"><strong>Otras efem\u00e9rides<\/strong><\/p>\n\n\n\n<p class=\"wp-block-paragraph\">1542.- Alvar N\u00fa\u00f1ez Cabeza de Vaca, primer gobernador de nombramiento real de Asunci\u00f3n, hace su entrada en esta ciudad paraguaya.<\/p>\n\n\n\n<p class=\"wp-block-paragraph\">1560.- Colocaci\u00f3n de la primera piedra de la catedral de Cuzco (Per\u00fa).<\/p>\n\n\n\n<p class=\"wp-block-paragraph\">1704.- Sale a la venta The Daily Courant, el primer diario en circulaci\u00f3n en el Reino Unido.<\/p>\n\n\n\n<p class=\"wp-block-paragraph\">1851.- Verdi estrena la \u00f3pera \u00abRigoletto\u00bb, en La Fenice de Venecia.<\/p>\n\n\n\n<p class=\"wp-block-paragraph\">1915.- Revoluci\u00f3n de M\u00e9xico: El general Obreg\u00f3n huye tras la entrada de las tropas de Zapata en la capital mexicana.<\/p>\n\n\n\n<p class=\"wp-block-paragraph\">1917.- Primera Guerra Mundial: Los ingleses se apoderan de Bagdad (Irak).<\/p>\n\n\n\n<p class=\"wp-block-paragraph\">1949.- Se promulga una nueva Constituci\u00f3n en Argentina.<\/p>\n\n\n\n<p class=\"wp-block-paragraph\">1964.- Ra\u00fal Leoni asume la Presidencia de Venezuela en sustituci\u00f3n de R\u00f3mulo Betancourt.<\/p>\n\n\n\n<p class=\"wp-block-paragraph\">1975.- Fracasa un golpe de estado en Portugal, encabezado por el general portugu\u00e9s Antonio Sp\u00ednola que sali\u00f3 del pa\u00eds para refugiarse en Brasil.<\/p>\n\n\n\n<p class=\"wp-block-paragraph\">1985.- Mijail Gorbachov nombrado presidente del presidium del Soviet Supremo de la URSS, cuatro horas despu\u00e9s de la muerte de su antecesor, Konstantin Chernienko.<\/p>\n\n\n\n<p class=\"wp-block-paragraph\">1990.- Lituania se separa de la Uni\u00f3n Sovi\u00e9tica y se proclama Estado soberano con el nombre de Rep\u00fablica de Lituania.<\/p>\n\n\n\n<p class=\"wp-block-paragraph\">1994.- Ordenadas las primeras 32 sacerdotisas de la Iglesia Anglicana.<\/p>\n\n\n\n<p class=\"wp-block-paragraph\">1998.- La compa\u00f1\u00eda surcoreana SaeHan Information Systems presenta el primer reproductor de m\u00fasica en MP3 de la historia, el Eiger MPMan F10.<\/p>\n\n\n\n<p class=\"wp-block-paragraph\">2000.- Ricardo Lagos se convierte en el primer socialista elegido presidente desde la ca\u00edda de la dictadura en Chile.<\/p>\n\n\n\n<p class=\"wp-block-paragraph\">2001.- Miles de personas reciben en el Z\u00f3calo de Ciudad de M\u00e9xico a la caravana zapatista encabezada por el \u00absubcomandante Marcos\u00bb.<\/p>\n\n\n\n<p class=\"wp-block-paragraph\">2001.- El gobierno talib\u00e1n de Afganist\u00e1n comunica a la ONU que ha completado la destrucci\u00f3n de los budas gigantes de Bamiy\u00e1n.<\/p>\n\n\n\n<p class=\"wp-block-paragraph\">2003.- Comienzan en La Haya (Holanda) los trabajos del Tribunal Penal Internacional, el \u00f3rgano judicial de la ONU para resolver controversias jur\u00eddicas planteadas por los pa\u00edses miembros.<\/p>\n\n\n\n<p class=\"wp-block-paragraph\">2006.- La socialista, Michelle Bachelet, es investida como primera mujer en alcanzar la jefatura de Estado en Chile.<\/p>\n\n\n\n<p class=\"wp-block-paragraph\">2006.- Un infarto acaba con la vida del expresidente yugoslavo Slobodan Milosevic en su celda del Tribunal Internacional de La Haya para la Antigua Yugoslavia, que le juzgaba por cr\u00edmenes contra la humanidad.<\/p>\n\n\n\n<p class=\"wp-block-paragraph\">2009.- Francia anuncia su regreso a la estructura militar de la OTAN, 43 a\u00f1os despu\u00e9s de que el general De Gaulle decidiese su salida.<\/p>\n\n\n\n<p class=\"wp-block-paragraph\">2011.- Un terremoto de magnitud 9 en la escala de Richter y un posterior tsunami arrasan parte de la costa noreste de Jap\u00f3n, causando m\u00e1s de 15.000 muertes, miles de desaparecidos y un accidente nuclear en la central nuclear de Fukushima.<\/p>\n\n\n\n<p class=\"wp-block-paragraph\">2014.- El Parlamento de Crimea declara su independencia de Ucrania.<\/p>\n\n\n\n<p class=\"wp-block-paragraph\">2016.- Cuba y la Uni\u00f3n Europea firman el documento de su nuevo acuerdo de di\u00e1logo pol\u00edtico y cooperaci\u00f3n, para normalizar su relaci\u00f3n bilateral, marcada desde 1996 por la restrictiva \u00abposici\u00f3n com\u00fan\u00bb.<\/p>\n\n\n\n<p class=\"wp-block-paragraph\">2018.- Rusia prueba el misil hipers\u00f3nico \u00abKinzhai\u00bb que seg\u00fan aseguran las autoridades del pa\u00eds es capaz de burlar el escudo antimisiles de Estados Unidos.<\/p>\n\n\n\n<p class=\"wp-block-paragraph\">2020.- La OMS declara como pandemia la covid-19, que infect\u00f3 y mat\u00f3 a millones de personas en todo el mundo.<\/p>\n\n\n\n<p class=\"wp-block-paragraph\">2021.- Mike Winkelmann, conocido como Beeple, vende en subasta una obra totalmente digital (NFT) por 69 millones de d\u00f3lares el mayor precio alcanzado por un trabajo de este tipo hasta ese momento.<\/p>\n\n\n\n<p class=\"wp-block-paragraph\">2022.- El progresista Gabriel Boric toma posesi\u00f3n como presidente de Chile e inaugura un nuevo ciclo de la izquierda en el pa\u00eds sudamericano.<\/p>\n\n\n\n<p class=\"wp-block-paragraph\">2022.- Una corte de paz de El Salvador ordena la detenci\u00f3n del expresidente Alfredo Cristiani (1989-1994) por la masacre de seis padres jesuitas, cinco de ellos espa\u00f1oles, y dos mujeres en 1989 durante la guerra civil (1980-1992).<\/p>\n\n\n\n<p class=\"wp-block-paragraph\"><strong>Nacimientos<\/strong><\/p>\n\n\n\n<p class=\"wp-block-paragraph\">1544.- Torquato Tasso, poeta italiano.<\/p>\n\n\n\n<p class=\"wp-block-paragraph\">1887.- Raoul Walsh, director de cine estadounidense.<\/p>\n\n\n\n<p class=\"wp-block-paragraph\">1902.- Luis Gowland Moreno, pintor argentino.<\/p>\n\n\n\n<p class=\"wp-block-paragraph\">1915.- Raquel Rodrigo, actriz espa\u00f1ola de origen cubano.<\/p>\n\n\n\n<p class=\"wp-block-paragraph\">1921.- Astor Piazzola, bandoneonista y compositor musical argentino.<\/p>\n\n\n\n<p class=\"wp-block-paragraph\">1931.- Rupert Murdoch, empresario y editor estadounidense nacido en Australia.<\/p>\n\n\n\n<p class=\"wp-block-paragraph\">1940.- Alberto Cortez, cantante argentino.<\/p>\n\n\n\n<p class=\"wp-block-paragraph\">1955.- Nina Hagen, cantante alemana.<\/p>\n\n\n\n<p class=\"wp-block-paragraph\">1978.- Didier Drogba, futbolista de Costa de Marfil.<\/p>\n\n\n\n<p class=\"wp-block-paragraph\"><strong>Defunciones<\/strong><\/p>\n\n\n\n<p class=\"wp-block-paragraph\">1931.- F. W. Murnau, director de cine alem\u00e1n.<\/p>\n\n\n\n<p class=\"wp-block-paragraph\">1950.- Heinrich Mann escritor alem\u00e1n.<\/p>\n\n\n\n<p class=\"wp-block-paragraph\">1955.- Alexander Fleming, m\u00e9dico brit\u00e1nico, descubridor de la penicilina.<\/p>\n\n\n\n<p class=\"wp-block-paragraph\">1986.- Sonny Terry, m\u00fasico estadounidense de blues.<\/p>\n\n\n\n<p class=\"wp-block-paragraph\">1992.- Richard Brooks, escritor y cineasta estadounidense.<\/p>\n\n\n\n<p class=\"wp-block-paragraph\">2000.- Kazimierz Brandys, escritor polaco autor de \u00abEntre dos guerras\u00bb.<\/p>\n\n\n\n<p class=\"wp-block-paragraph\">2002.- James Tobin, economista estadounidense, N\u00f3bel de Econom\u00eda en 1981.<\/p>\n\n\n\n<p class=\"wp-block-paragraph\">2006.- Slobodan Milosevic, ex presidente de Yugoslavia.<\/p>\n\n\n\n<p class=\"wp-block-paragraph\">2007.- Betty Hutton, actriz estadounidense.<\/p>\n\n\n\n<p class=\"wp-block-paragraph\">2016.- Keith Emerson, m\u00fasico brit\u00e1nico, miembro fundador de la banda de rock progresivo \u00abEmerson, Lake and Palmer\u00bb.<\/p>\n\n\n\n<p class=\"wp-block-paragraph\">2023.- Ignacio L\u00f3pez Tarso, actor mexicano.<\/p>\n","protected":false},"excerpt":{"rendered":"<p>Un d\u00eda 11 de marzo como hoy, pero de 2004, una c\u00e9lula yihadista comete en Madrid el mayor atentado terrorista de la historia de Espa\u00f1a al explosionar diez artefactos en cuatro trenes de cercan\u00edas, con un resultado final de 193 muertos y m\u00e1s de 2 mil heridos. Otras efem\u00e9rides 1542.- Alvar N\u00fa\u00f1ez Cabeza de Vaca, [&hellip;]<\/p>\n","protected":false},"author":6,"featured_media":80776,"comment_status":"closed","ping_status":"closed","sticky":false,"template":"","format":"standard","meta":{"_acf_changed":false,"_monsterinsights_skip_tracking":false,"slim_seo":{"title":"Efem\u00e9rides 11 de marzo | Un d\u00eda como hoy en la historia... - Opini\u00f3n P\u00fablica","description":"Un d\u00eda 11 de marzo como hoy, pero de 2004, una c\u00e9lula yihadista comete en Madrid el mayor atentado terrorista de la historia de Espa\u00f1a al explosionar diez artef"},"footnotes":""},"categories":[27],"tags":[2664,2663],"class_list":["post-80775","post","type-post","status-publish","format-standard","has-post-thumbnail","hentry","category-un-dia-como-hoy","tag-atentado-terrorista-en-madrid","tag-efemerides-11-de-marzo"],"acf":[],"_links":{"self":[{"href":"https:\/\/www.opinionpublica.tv\/portada\/wp-json\/wp\/v2\/posts\/80775","targetHints":{"allow":["GET"]}}],"collection":[{"href":"https:\/\/www.opinionpublica.tv\/portada\/wp-json\/wp\/v2\/posts"}],"about":[{"href":"https:\/\/www.opinionpublica.tv\/portada\/wp-json\/wp\/v2\/types\/post"}],"author":[{"embeddable":true,"href":"https:\/\/www.opinionpublica.tv\/portada\/wp-json\/wp\/v2\/users\/6"}],"replies":[{"embeddable":true,"href":"https:\/\/www.opinionpublica.tv\/portada\/wp-json\/wp\/v2\/comments?post=80775"}],"version-history":[{"count":1,"href":"https:\/\/www.opinionpublica.tv\/portada\/wp-json\/wp\/v2\/posts\/80775\/revisions"}],"predecessor-version":[{"id":80777,"href":"https:\/\/www.opinionpublica.tv\/portada\/wp-json\/wp\/v2\/posts\/80775\/revisions\/80777"}],"wp:featuredmedia":[{"embeddable":true,"href":"https:\/\/www.opinionpublica.tv\/portada\/wp-json\/wp\/v2\/media\/80776"}],"wp:attachment":[{"href":"https:\/\/www.opinionpublica.tv\/portada\/wp-json\/wp\/v2\/media?parent=80775"}],"wp:term":[{"taxonomy":"category","embeddable":true,"href":"https:\/\/www.opinionpublica.tv\/portada\/wp-json\/wp\/v2\/categories?post=80775"},{"taxonomy":"post_tag","embeddable":true,"href":"https:\/\/www.opinionpublica.tv\/portada\/wp-json\/wp\/v2\/tags?post=80775"}],"curies":[{"name":"wp","href":"https:\/\/api.w.org\/{rel}","templated":true}]}}