{"id":80512,"date":"2026-03-07T00:01:00","date_gmt":"2026-03-07T07:01:00","guid":{"rendered":"https:\/\/www.opinionpublica.tv\/portada\/?p=80512"},"modified":"2026-03-06T19:49:38","modified_gmt":"2026-03-07T02:49:38","slug":"siete-de-cada-10-mujeres-en-mexico-reportan-haber-sufrido-algun-tipo-de-violencia","status":"publish","type":"post","link":"https:\/\/www.opinionpublica.tv\/portada\/siete-de-cada-10-mujeres-en-mexico-reportan-haber-sufrido-algun-tipo-de-violencia\/","title":{"rendered":"Siete de cada diez mujeres en M\u00e9xico han sufrido alg\u00fan tipo de violencia"},"content":{"rendered":"\n<figure class=\"wp-block-image size-full\"><img fetchpriority=\"high\" decoding=\"async\" width=\"990\" height=\"557\" src=\"https:\/\/www.opinionpublica.tv\/portada\/wp-content\/uploads\/2026\/03\/Siete-de-cada-10-mujeres-en-Mexico-reportan-haber-sufrido-algun-tipo-de-violencia.jpg\" alt=\"Siete de cada 10 mujeres en me\u0301xico reportan haber sufrido algu\u0301n tipo de violencia\" class=\"wp-image-80516\" srcset=\"https:\/\/www.opinionpublica.tv\/portada\/wp-content\/uploads\/2026\/03\/Siete-de-cada-10-mujeres-en-Mexico-reportan-haber-sufrido-algun-tipo-de-violencia.jpg 990w, https:\/\/www.opinionpublica.tv\/portada\/wp-content\/uploads\/2026\/03\/Siete-de-cada-10-mujeres-en-Mexico-reportan-haber-sufrido-algun-tipo-de-violencia-300x169.jpg 300w, https:\/\/www.opinionpublica.tv\/portada\/wp-content\/uploads\/2026\/03\/Siete-de-cada-10-mujeres-en-Mexico-reportan-haber-sufrido-algun-tipo-de-violencia-768x432.jpg 768w\" sizes=\"(max-width: 990px) 100vw, 990px\" \/><\/figure>\n\n\n\n<p class=\"wp-block-paragraph\">La violencia contra las mujeres contin\u00faa siendo uno de los problemas m\u00e1s extendidos en el pa\u00eds. Una gran proporci\u00f3n de mujeres ha experimentado alg\u00fan tipo de violencia a lo largo de su vida.<\/p>\n\n\n\n<p class=\"wp-block-paragraph\">En 2021, el 70.1% de las mujeres en M\u00e9xico declar\u00f3 haber sido v\u00edctima de violencia psicol\u00f3gica, f\u00edsica, sexual, econ\u00f3mica o patrimonial, de acuerdo con las cifras m\u00e1s recientes disponibles de la Encuesta Nacional sobre la Din\u00e1mica de las Relaciones en los Hogares (ENDIREH).<\/p>\n\n\n\n<p class=\"wp-block-paragraph\">El indicador ha mostrado variaciones en los \u00faltimos a\u00f1os. En 2006, la proporci\u00f3n era de 67%; en 2011 descendi\u00f3 a 63%, pero volvi\u00f3 a aumentar a 66% en 2016.<\/p>\n\n\n\n<p class=\"wp-block-paragraph\">Esta cifra s\u00f3lo considera a la poblaci\u00f3n de mujeres encuestadas que admitieron sufrir alguna agresi\u00f3n a lo largo de su vida, pero excluye a las mujeres que, aunque fueron v\u00edctimas de alg\u00fan tipo de violencia, no la reconocen o prefieren no denunciar.<\/p>\n\n\n\n<p class=\"wp-block-paragraph\">Pese a los esfuerzos p\u00fablicos y colectivos, en M\u00e9xico violencia contra mujeres, adolescentes y ni\u00f1as sigue siendo un fen\u00f3meno estructural que afecta el acceso efectivo a derechos b\u00e1sicos y sociales.<\/p>\n\n\n\n<p class=\"wp-block-paragraph\"><em>Con informaci\u00f3n de El Economista<\/em>.<\/p>\n","protected":false},"excerpt":{"rendered":"<p>La violencia contra las mujeres contin\u00faa siendo uno de los problemas m\u00e1s extendidos en el pa\u00eds. Una gran proporci\u00f3n de mujeres ha experimentado alg\u00fan tipo de violencia a lo largo de su vida. En 2021, el 70.1% de las mujeres en M\u00e9xico declar\u00f3 haber sido v\u00edctima de violencia psicol\u00f3gica, f\u00edsica, sexual, econ\u00f3mica o patrimonial, de [&hellip;]<\/p>\n","protected":false},"author":6,"featured_media":80516,"comment_status":"closed","ping_status":"closed","sticky":false,"template":"","format":"standard","meta":{"_acf_changed":false,"_monsterinsights_skip_tracking":false,"slim_seo":{"title":"Siete de cada diez mujeres en M\u00e9xico han sufrido alg\u00fan tipo de violencia - Opini\u00f3n P\u00fablica","description":"La violencia contra las mujeres contin\u00faa siendo uno de los problemas m\u00e1s extendidos en el pa\u00eds. Una gran proporci\u00f3n de mujeres ha experimentado alg\u00fan tipo de vi"},"footnotes":""},"categories":[3],"tags":[936,458,454],"class_list":["post-80512","post","type-post","status-publish","format-standard","has-post-thumbnail","hentry","category-principal","tag-dia-internacional-de-la-mujer","tag-mujeres","tag-violencia-de-genero"],"acf":[],"_links":{"self":[{"href":"https:\/\/www.opinionpublica.tv\/portada\/wp-json\/wp\/v2\/posts\/80512","targetHints":{"allow":["GET"]}}],"collection":[{"href":"https:\/\/www.opinionpublica.tv\/portada\/wp-json\/wp\/v2\/posts"}],"about":[{"href":"https:\/\/www.opinionpublica.tv\/portada\/wp-json\/wp\/v2\/types\/post"}],"author":[{"embeddable":true,"href":"https:\/\/www.opinionpublica.tv\/portada\/wp-json\/wp\/v2\/users\/6"}],"replies":[{"embeddable":true,"href":"https:\/\/www.opinionpublica.tv\/portada\/wp-json\/wp\/v2\/comments?post=80512"}],"version-history":[{"count":4,"href":"https:\/\/www.opinionpublica.tv\/portada\/wp-json\/wp\/v2\/posts\/80512\/revisions"}],"predecessor-version":[{"id":80518,"href":"https:\/\/www.opinionpublica.tv\/portada\/wp-json\/wp\/v2\/posts\/80512\/revisions\/80518"}],"wp:featuredmedia":[{"embeddable":true,"href":"https:\/\/www.opinionpublica.tv\/portada\/wp-json\/wp\/v2\/media\/80516"}],"wp:attachment":[{"href":"https:\/\/www.opinionpublica.tv\/portada\/wp-json\/wp\/v2\/media?parent=80512"}],"wp:term":[{"taxonomy":"category","embeddable":true,"href":"https:\/\/www.opinionpublica.tv\/portada\/wp-json\/wp\/v2\/categories?post=80512"},{"taxonomy":"post_tag","embeddable":true,"href":"https:\/\/www.opinionpublica.tv\/portada\/wp-json\/wp\/v2\/tags?post=80512"}],"curies":[{"name":"wp","href":"https:\/\/api.w.org\/{rel}","templated":true}]}}