{"id":80461,"date":"2026-03-07T00:01:00","date_gmt":"2026-03-07T07:01:00","guid":{"rendered":"https:\/\/www.opinionpublica.tv\/portada\/?p=80461"},"modified":"2026-03-06T12:46:46","modified_gmt":"2026-03-06T19:46:46","slug":"efemerides-7-de-marzo-un-dia-como-hoy-en-la-historia","status":"publish","type":"post","link":"https:\/\/www.opinionpublica.tv\/portada\/efemerides-7-de-marzo-un-dia-como-hoy-en-la-historia\/","title":{"rendered":"Efem\u00e9rides 7 de marzo | Un d\u00eda como hoy en la historia&#8230;"},"content":{"rendered":"\n<p class=\"wp-block-paragraph\"><em>Un d\u00eda 7 de marzo como hoy, pero de 1965, la polic\u00eda estadounidense ataca brutalmente en Alabama a 600 manifestantes concentrados por los derechos civiles de los afroamericanos que intentaban realizar la marcha de Selma a Montgomery<\/em>.<\/p>\n\n\n\n<figure class=\"wp-block-image size-full\"><img fetchpriority=\"high\" decoding=\"async\" width=\"640\" height=\"360\" src=\"https:\/\/www.opinionpublica.tv\/portada\/wp-content\/uploads\/2026\/03\/1965-la-policia-estadounidense-ataca-brutalmente-en-Alabama-a-600-manifestantes-concentrados-por-los-derechos-civiles-de-los-afroamericanos.webp\" alt=\"1965, la polici\u0301a estadounidense ataca brutalmente en alabama a 600 manifestantes concentrados por los derechos civiles de los afroamericanos\" class=\"wp-image-80463\" srcset=\"https:\/\/www.opinionpublica.tv\/portada\/wp-content\/uploads\/2026\/03\/1965-la-policia-estadounidense-ataca-brutalmente-en-Alabama-a-600-manifestantes-concentrados-por-los-derechos-civiles-de-los-afroamericanos.webp 640w, https:\/\/www.opinionpublica.tv\/portada\/wp-content\/uploads\/2026\/03\/1965-la-policia-estadounidense-ataca-brutalmente-en-Alabama-a-600-manifestantes-concentrados-por-los-derechos-civiles-de-los-afroamericanos-300x169.webp 300w\" sizes=\"(max-width: 640px) 100vw, 640px\" \/><\/figure>\n\n\n\n<p class=\"wp-block-paragraph\"><strong>Otras efem\u00e9rides<\/strong><\/p>\n\n\n\n<p class=\"wp-block-paragraph\">1793.- La Rep\u00fablica francesa declara la guerra a la monarqu\u00eda de Carlos IV de Espa\u00f1a, un conflicto b\u00e9lico que deriv\u00f3 en la denominada guerra del Rosell\u00f3n\u0094.<\/p>\n\n\n\n<p class=\"wp-block-paragraph\">1821.- Juan VI de Brasil promulga un decreto que anuncia el regreso de la corte a Portugal y la transmisi\u00f3n del poder a su hijo don Pedro.<\/p>\n\n\n\n<p class=\"wp-block-paragraph\">1876.- El inventor estadounidense Alexander Graham Bell patenta el tel\u00e9fono, el sistema de comunicaci\u00f3n que transmite sonidos a distancia por medio de se\u00f1ales el\u00e9ctricas.<\/p>\n\n\n\n<p class=\"wp-block-paragraph\">1906.- La princesa Victoria Eugenia de Battenberg se convierte al catolicismo en Espa\u00f1a para poder contraer matrimonio con el rey Alfonso XIII.<\/p>\n\n\n\n<p class=\"wp-block-paragraph\">1912.- El explorador noruego Roald Amundsen anuncia el descubrimiento del Polo Sur, el punto m\u00e1s austral de la superficie terrestre, donde convergen todos los meridianos.<\/p>\n\n\n\n<p class=\"wp-block-paragraph\">1933.- Se estrena en Nueva York (EEUU) la pel\u00edcula de aventuras &#8216;King Kong&#8217;, la historia del gigantesco gorila que se convirti\u00f3 en icono de la cultura popular.<\/p>\n\n\n\n<p class=\"wp-block-paragraph\">1936.- Las tropas alemanas de Adolf Hitler ocupan la zona desmilitarizada de Renania, vulnerando uno de los puntos establecidos en el Tratado de Versalles.<\/p>\n\n\n\n<p class=\"wp-block-paragraph\">1947.- Comienza la Guerra Civil en Paraguay con el asalto de excombatientes de la guerra del Chaco al cuartel de polic\u00eda en Asunci\u00f3n seguido de una sublevaci\u00f3n de la Regi\u00f3n Militar de la ciudad de Concepci\u00f3n el 8 de marzo.<\/p>\n\n\n\n<p class=\"wp-block-paragraph\">1955.- Estados Unidos detona una bomba at\u00f3mica de 43 kilotones en el emplazamiento de pruebas de Nevada.<\/p>\n\n\n\n<p class=\"wp-block-paragraph\">1980.- La Junta de Gobierno de El Salvador decreta la nacionalizaci\u00f3n de los bancos y asociaciones de ahorro y pr\u00e9stamo.<\/p>\n\n\n\n<p class=\"wp-block-paragraph\">1983.- El palacio real de El Pardo en Madrid, residencia oficial del dictador Franco, es habilitado como alojamiento para jefes de Estado extranjeros en visita oficial a Espa\u00f1a.<\/p>\n\n\n\n<p class=\"wp-block-paragraph\">1992.- Se estrena el primer cap\u00edtulo de \u00abSailor Moon\u00bb, la serie de televisi\u00f3n de anime basada en el manga que populariz\u00f3 el g\u00e9nero de las magical girls.<\/p>\n\n\n\n<p class=\"wp-block-paragraph\">2001.- El militar y pol\u00edtico Ariel Sharon, que particip\u00f3 como estratega en los conflictos b\u00e9licos de su pa\u00eds, es nombrado primer ministro del Estado de Israel.<\/p>\n\n\n\n<p class=\"wp-block-paragraph\">2003.- La corte de Derechos Humanos de Bosnia condena a la autonom\u00eda serbia de Bosnia a indemnizar a las familias de las v\u00edctimas de la masacre de Srebrenica.<\/p>\n\n\n\n<p class=\"wp-block-paragraph\">2005.- El CommWarrior se convierte en el primer virus detectado que se difunde por mensajer\u00eda multimedia entre los tel\u00e9fonos m\u00f3viles.<\/p>\n\n\n\n<p class=\"wp-block-paragraph\">2008.- La crisis diplom\u00e1tica entre Ecuador y Venezuela con Colombia se resuelve en la Cumbre del Grupo R\u00edo celebrada en Santo Domingo (Rep\u00fablica Dominicana).<\/p>\n\n\n\n<p class=\"wp-block-paragraph\">2010.- La directora Kathryn Bigelow se convierte en la primera mujer en ganar el \u00d3scar a Mejor direcci\u00f3n por &#8216;The Hurt Locker &#8216; (&#8216;En tierra hostil&#8217;), gran vencedora con seis premios.<\/p>\n\n\n\n<p class=\"wp-block-paragraph\">2015.- Los integristas religiosos del Estado Isl\u00e1mico destruyen por completo la antigua ciudad iraqu\u00ed de Hatra, capital de imperio Parto que fue declarada patrimonio de la humanidad por la Unesco.<\/p>\n\n\n\n<p class=\"wp-block-paragraph\">2017.- El presidente de la Federaci\u00f3n Espa\u00f1ola de F\u00fatbol, \u00c1ngel Mar\u00eda Villar, es imputado por malversaci\u00f3n de 1,2 millones de euros en el \u00abcaso Hait\u00ed\u00bb.<\/p>\n\n\n\n<p class=\"wp-block-paragraph\">2019.- El cardenal franc\u00e9s y arzobispo de Lyon, Philippe Barbarin es condenado a seis meses de c\u00e1rcel por encubrir abusos sexuales cometidos contra menores por un sacerdote de su di\u00f3cesis.<\/p>\n\n\n\n<p class=\"wp-block-paragraph\">2019.- Venezuela es v\u00edctima del apag\u00f3n el\u00e9ctrico m\u00e1s grande en su historia a nivel nacional, con una duraci\u00f3n de entre cinco y siete d\u00edas continuos en algunos estados.<\/p>\n\n\n\n<p class=\"wp-block-paragraph\">2021.- Meghan Markle acusa a la familia real brit\u00e1nica de racismo en una entrevista con Oprah Winfrey en la cadena de televisi\u00f3n CBS.<\/p>\n\n\n\n<p class=\"wp-block-paragraph\">2021.- Suiza aprueba en refer\u00e9ndum prohibir la ocultaci\u00f3n del rostro en espacios p\u00fablicos, lo que incluye el veto al burka o el niqab, en todo el pa\u00eds.<\/p>\n\n\n\n<p class=\"wp-block-paragraph\">2021.- La invasi\u00f3n rusa en Ucrania provoca una espiral inflacionista en Europa y sacude las Bolsas internacionales.<\/p>\n\n\n\n<p class=\"wp-block-paragraph\"><strong>Nacimientos<\/strong><\/p>\n\n\n\n<p class=\"wp-block-paragraph\">1765.- Nic\u00e9foro Niepce, qu\u00edmico franc\u00e9s, inventor de la fotograf\u00eda.<\/p>\n\n\n\n<p class=\"wp-block-paragraph\">1785.- Alessandro Manzoni, poeta y novelista italiano.<\/p>\n\n\n\n<p class=\"wp-block-paragraph\">1875.- Maurice Joseph Ravel, compositor y pianista franc\u00e9s.<\/p>\n\n\n\n<p class=\"wp-block-paragraph\">1908.- Anna Magnani, actriz italiana.<\/p>\n\n\n\n<p class=\"wp-block-paragraph\">1936.- Antonio Mercero, director espa\u00f1ol de cine y televisi\u00f3n.<\/p>\n\n\n\n<p class=\"wp-block-paragraph\">1940.- Rudi Dutschke, l\u00edder del movimiento estudiantil alem\u00e1n en los sesenta.<\/p>\n\n\n\n<p class=\"wp-block-paragraph\">1956.- Bryan Cranston, actor estadounidense.<\/p>\n\n\n\n<p class=\"wp-block-paragraph\">1960.- Ivan Lendl, tenista estadounidense de origen checoslovaco.<\/p>\n\n\n\n<p class=\"wp-block-paragraph\">1963.- Carlos Bardem, actor y guionista espa\u00f1ol.<\/p>\n\n\n\n<p class=\"wp-block-paragraph\">1964.- Bret Easton Ellis, escritor estadounidense.<\/p>\n\n\n\n<p class=\"wp-block-paragraph\">1970.- Raquel Weisz, actriz brit\u00e1nica.<\/p>\n\n\n\n<p class=\"wp-block-paragraph\">1972.- Nathalie Poza, actriz espa\u00f1ola.<\/p>\n\n\n\n<p class=\"wp-block-paragraph\">1977.- Nunes, futbolista portugu\u00e9s.<\/p>\n\n\n\n<p class=\"wp-block-paragraph\">1983.- Sebasti\u00e1n Viera, futbolista uruguayo.<\/p>\n\n\n\n<p class=\"wp-block-paragraph\">1989.- Ante Pavic, tenista croata.<\/p>\n\n\n\n<p class=\"wp-block-paragraph\">1993.- Vin\u00edcius de Freitas Ribeiro, futbolista brasile\u00f1o.<\/p>\n\n\n\n<p class=\"wp-block-paragraph\">1995.- Haley Lu Richardson, actriz estadounidense.<\/p>\n\n\n\n<p class=\"wp-block-paragraph\">1999.- Ronald Ara\u00fajo, futbolista uruguayo.<\/p>\n\n\n\n<p class=\"wp-block-paragraph\"><strong>Defunciones<\/strong><\/p>\n\n\n\n<p class=\"wp-block-paragraph\">1274.- Tom\u00e1s de Aquino, santo, te\u00f3logo y fil\u00f3sofo italiano.<\/p>\n\n\n\n<p class=\"wp-block-paragraph\">1983.- Igor Markevitch, m\u00fasico italiano de origen ruso.<\/p>\n\n\n\n<p class=\"wp-block-paragraph\">1986.- Georgia O&#8217;Keefe, pintora estadounidense.<\/p>\n\n\n\n<p class=\"wp-block-paragraph\">1993.- Albert Crommelynck, pintor y grabador belga.<\/p>\n\n\n\n<p class=\"wp-block-paragraph\">1999.- Stanley Kubrick, director de cine estadounidense.<\/p>\n\n\n\n<p class=\"wp-block-paragraph\">2008.- Luisa Isabel \u00c1lvarez de Toledo, Duquesa de Medina Sidonia, conocida como la \u00abDuquesa Roja\u00bb.<\/p>\n\n\n\n<p class=\"wp-block-paragraph\">2011.- Adri\u00e1n Escudero Garc\u00eda, futbolista espa\u00f1ol.<\/p>\n\n\n\n<p class=\"wp-block-paragraph\">2017.- Isabel Escudero, poetisa espa\u00f1ola.<\/p>\n\n\n\n<p class=\"wp-block-paragraph\">2021.- Olivier Dassault, pol\u00edtico y empresario franc\u00e9s.<\/p>\n\n\n\n<p class=\"wp-block-paragraph\">2023.- Ian Falconer, ilustrador estadounidense.<\/p>\n\n\n\n<p class=\"wp-block-paragraph\">2023.- Salvador Garc\u00eda-Boda\u00f1o Zunzunegui, escritor espa\u00f1ol.<\/p>\n","protected":false},"excerpt":{"rendered":"<p>Un d\u00eda 7 de marzo como hoy, pero de 1965, la polic\u00eda estadounidense ataca brutalmente en Alabama a 600 manifestantes concentrados por los derechos civiles de los afroamericanos que intentaban realizar la marcha de Selma a Montgomery. Otras efem\u00e9rides 1793.- La Rep\u00fablica francesa declara la guerra a la monarqu\u00eda de Carlos IV de Espa\u00f1a, un [&hellip;]<\/p>\n","protected":false},"author":6,"featured_media":80463,"comment_status":"closed","ping_status":"closed","sticky":false,"template":"","format":"standard","meta":{"_acf_changed":false,"_monsterinsights_skip_tracking":false,"slim_seo":{"title":"Efem\u00e9rides 7 de marzo | Un d\u00eda como hoy en la historia... - Opini\u00f3n P\u00fablica","description":"Un d\u00eda 7 de marzo como hoy, pero de 1965, la polic\u00eda estadounidense ataca brutalmente en Alabama a 600 manifestantes concentrados por los derechos civiles de lo"},"footnotes":""},"categories":[27],"tags":[2626,2625],"class_list":["post-80461","post","type-post","status-publish","format-standard","has-post-thumbnail","hentry","category-un-dia-como-hoy","tag-domingo-sangriento-eu","tag-efemerides-7-de-marzo"],"acf":[],"_links":{"self":[{"href":"https:\/\/www.opinionpublica.tv\/portada\/wp-json\/wp\/v2\/posts\/80461","targetHints":{"allow":["GET"]}}],"collection":[{"href":"https:\/\/www.opinionpublica.tv\/portada\/wp-json\/wp\/v2\/posts"}],"about":[{"href":"https:\/\/www.opinionpublica.tv\/portada\/wp-json\/wp\/v2\/types\/post"}],"author":[{"embeddable":true,"href":"https:\/\/www.opinionpublica.tv\/portada\/wp-json\/wp\/v2\/users\/6"}],"replies":[{"embeddable":true,"href":"https:\/\/www.opinionpublica.tv\/portada\/wp-json\/wp\/v2\/comments?post=80461"}],"version-history":[{"count":1,"href":"https:\/\/www.opinionpublica.tv\/portada\/wp-json\/wp\/v2\/posts\/80461\/revisions"}],"predecessor-version":[{"id":80464,"href":"https:\/\/www.opinionpublica.tv\/portada\/wp-json\/wp\/v2\/posts\/80461\/revisions\/80464"}],"wp:featuredmedia":[{"embeddable":true,"href":"https:\/\/www.opinionpublica.tv\/portada\/wp-json\/wp\/v2\/media\/80463"}],"wp:attachment":[{"href":"https:\/\/www.opinionpublica.tv\/portada\/wp-json\/wp\/v2\/media?parent=80461"}],"wp:term":[{"taxonomy":"category","embeddable":true,"href":"https:\/\/www.opinionpublica.tv\/portada\/wp-json\/wp\/v2\/categories?post=80461"},{"taxonomy":"post_tag","embeddable":true,"href":"https:\/\/www.opinionpublica.tv\/portada\/wp-json\/wp\/v2\/tags?post=80461"}],"curies":[{"name":"wp","href":"https:\/\/api.w.org\/{rel}","templated":true}]}}