{"id":80314,"date":"2026-03-04T00:01:00","date_gmt":"2026-03-04T07:01:00","guid":{"rendered":"https:\/\/www.opinionpublica.tv\/portada\/?p=80314"},"modified":"2026-03-03T23:21:51","modified_gmt":"2026-03-04T06:21:51","slug":"presentan-convocatoria-para-la-primera-edicion-del-kuira-festival-de-cine-fronterizo","status":"publish","type":"post","link":"https:\/\/www.opinionpublica.tv\/portada\/presentan-convocatoria-para-la-primera-edicion-del-kuira-festival-de-cine-fronterizo\/","title":{"rendered":"Presentan convocatoria para la primera edici\u00f3n del Kuir\u00e1 Festival de Cine Fronterizo"},"content":{"rendered":"\n<figure class=\"wp-block-image size-large\"><img fetchpriority=\"high\" decoding=\"async\" width=\"1024\" height=\"683\" src=\"https:\/\/www.opinionpublica.tv\/portada\/wp-content\/uploads\/2026\/03\/Presentan-convocatoria-para-la-primera-edicion-del-Kuira-Festival-de-Cine-Fronterizo-1024x683.jpeg\" alt=\"Presentan convocatoria para la primera edicio\u0301n del kuira\u0301 festival de cine fronterizo\" class=\"wp-image-80316\" srcset=\"https:\/\/www.opinionpublica.tv\/portada\/wp-content\/uploads\/2026\/03\/Presentan-convocatoria-para-la-primera-edicion-del-Kuira-Festival-de-Cine-Fronterizo-1024x683.jpeg 1024w, https:\/\/www.opinionpublica.tv\/portada\/wp-content\/uploads\/2026\/03\/Presentan-convocatoria-para-la-primera-edicion-del-Kuira-Festival-de-Cine-Fronterizo-300x200.jpeg 300w, https:\/\/www.opinionpublica.tv\/portada\/wp-content\/uploads\/2026\/03\/Presentan-convocatoria-para-la-primera-edicion-del-Kuira-Festival-de-Cine-Fronterizo-768x512.jpeg 768w, https:\/\/www.opinionpublica.tv\/portada\/wp-content\/uploads\/2026\/03\/Presentan-convocatoria-para-la-primera-edicion-del-Kuira-Festival-de-Cine-Fronterizo.jpeg 1280w\" sizes=\"(max-width: 1024px) 100vw, 1024px\" \/><\/figure>\n\n\n\n<p><em>Ciudad Ju\u00e1rez, Chih<\/em>.- El equipo organizador del Kuir\u00e1 Festival de Cine Fronterizo present\u00f3 la convocatoria para su primera edici\u00f3n, que se llevar\u00e1 a cabo del 18 de abril al 3 de mayo de 2026, con el objetivo de utilizar el cine como una herramienta de di\u00e1logo, reflexi\u00f3n social y cohesi\u00f3n comunitaria en la frontera.<\/p>\n\n\n\n<p>En rueda de prensa, la directora del festival, Paloma Rinc\u00f3n, explic\u00f3 que la convocatoria ya se encuentra abierta para cineastas y aficionados interesados en participar con cortometrajes y largometrajes, sin restricci\u00f3n de g\u00e9nero, en esta primera edici\u00f3n. El prop\u00f3sito del festival es impulsar y celebrar el talento cinematogr\u00e1fico local, estatal y nacional, con una mirada centrada en las m\u00faltiples realidades que se viven en la regi\u00f3n fronteriza.<\/p>\n\n\n\n<p>Por su parte, Dayr\u00e9 Bujanda, encargada del \u00e1rea de comunicaci\u00f3n, detall\u00f3 que la convocatoria abri\u00f3 el pasado 13 de enero y cerrar\u00e1 el 28 de febrero.<\/p>\n\n\n\n<p>Se\u00f1al\u00f3 que el festival contempla tres ejes tem\u00e1ticos principales: K\u00f3rima, enfocado en la comunidad, el apoyo mutuo y la solidaridad; Zipachi, que aborda la migraci\u00f3n, identidad y pertenencia desde la experiencia fronteriza; y Cherame, centrado en la resiliencia urbana, la justicia social y las transformaciones sociales, tanto desde el documental como la ficci\u00f3n.<\/p>\n\n\n\n<p>Las bases completas y el registro de proyectos pueden consultarse en el sitio web oficial www.cuirafestival.com, as\u00ed como en redes sociales bajo el usuario @cuirafestival.<\/p>\n\n\n\n<p>En cuanto a las sedes, Virginia Molina, encargada del \u00e1rea de redes sociales, inform\u00f3 que el festival contar\u00e1 con la colaboraci\u00f3n de diversos espacios culturales y colectivos de la ciudad, entre ellos Cuarito Rifa, El Edificio de los Sue\u00f1os, Alusha Chitoloaches, el Cinito de la UACJ \u2013 Sala Ripstein, el Museo de Arte y el Parque Central, consolidando una red de colaboraci\u00f3n que fortalece la difusi\u00f3n del cine local.<\/p>\n\n\n\n<p>Finalmente, Sasha Reyes, tambi\u00e9n del \u00e1rea de comunicaci\u00f3n, subray\u00f3 que Kuir\u00e1 nace del amor al cine, a la comunidad y al barrio, con la convicci\u00f3n de que el cine es para todos y todas.<\/p>\n\n\n\n<p>Invit\u00f3 a creadores, so\u00f1adores y personas interesadas en el \u00e1mbito audiovisual a registrar sus proyectos y formar parte de este nuevo espacio cultural en Ciudad Ju\u00e1rez.<\/p>\n\n\n\n<p>El Kuir\u00e1 Festival de Cine Fronterizo busca convertirse en una plataforma de visibilizaci\u00f3n y encuentro para el talento cinematogr\u00e1fico de la regi\u00f3n, fomentando el di\u00e1logo y la participaci\u00f3n comunitaria a trav\u00e9s del arte.<\/p>\n","protected":false},"excerpt":{"rendered":"<p>Ciudad Ju\u00e1rez, Chih.- El equipo organizador del Kuir\u00e1 Festival de Cine Fronterizo present\u00f3 la convocatoria para su primera edici\u00f3n, que se llevar\u00e1 a cabo del 18 de abril al 3 de mayo de 2026, con el objetivo de utilizar el cine como una herramienta de di\u00e1logo, reflexi\u00f3n social y cohesi\u00f3n comunitaria en la frontera. En [&hellip;]<\/p>\n","protected":false},"author":6,"featured_media":80316,"comment_status":"closed","ping_status":"closed","sticky":false,"template":"","format":"standard","meta":{"_acf_changed":false,"_monsterinsights_skip_tracking":false,"_monsterinsights_sitenote_active":false,"_monsterinsights_sitenote_note":"","_monsterinsights_sitenote_category":0,"slim_seo":{"title":"Presentan convocatoria para la primera edici\u00f3n del Kuir\u00e1 Festival de Cine Fronterizo - Opini\u00f3n P\u00fablica","description":"Ciudad Ju\u00e1rez, Chih .- El equipo organizador del Kuir\u00e1 Festival de Cine Fronterizo present\u00f3 la convocatoria para su primera edici\u00f3n, que se llevar\u00e1 a cabo del 1"},"footnotes":""},"categories":[41],"tags":[608,2597],"class_list":["post-80314","post","type-post","status-publish","format-standard","has-post-thumbnail","hentry","category-juarez","tag-ciudad-juarez","tag-kuira-festival-de-cine-fronterizo"],"acf":[],"_links":{"self":[{"href":"https:\/\/www.opinionpublica.tv\/portada\/wp-json\/wp\/v2\/posts\/80314","targetHints":{"allow":["GET"]}}],"collection":[{"href":"https:\/\/www.opinionpublica.tv\/portada\/wp-json\/wp\/v2\/posts"}],"about":[{"href":"https:\/\/www.opinionpublica.tv\/portada\/wp-json\/wp\/v2\/types\/post"}],"author":[{"embeddable":true,"href":"https:\/\/www.opinionpublica.tv\/portada\/wp-json\/wp\/v2\/users\/6"}],"replies":[{"embeddable":true,"href":"https:\/\/www.opinionpublica.tv\/portada\/wp-json\/wp\/v2\/comments?post=80314"}],"version-history":[{"count":2,"href":"https:\/\/www.opinionpublica.tv\/portada\/wp-json\/wp\/v2\/posts\/80314\/revisions"}],"predecessor-version":[{"id":80317,"href":"https:\/\/www.opinionpublica.tv\/portada\/wp-json\/wp\/v2\/posts\/80314\/revisions\/80317"}],"wp:featuredmedia":[{"embeddable":true,"href":"https:\/\/www.opinionpublica.tv\/portada\/wp-json\/wp\/v2\/media\/80316"}],"wp:attachment":[{"href":"https:\/\/www.opinionpublica.tv\/portada\/wp-json\/wp\/v2\/media?parent=80314"}],"wp:term":[{"taxonomy":"category","embeddable":true,"href":"https:\/\/www.opinionpublica.tv\/portada\/wp-json\/wp\/v2\/categories?post=80314"},{"taxonomy":"post_tag","embeddable":true,"href":"https:\/\/www.opinionpublica.tv\/portada\/wp-json\/wp\/v2\/tags?post=80314"}],"curies":[{"name":"wp","href":"https:\/\/api.w.org\/{rel}","templated":true}]}}