{"id":80291,"date":"2026-03-04T00:01:00","date_gmt":"2026-03-04T07:01:00","guid":{"rendered":"https:\/\/www.opinionpublica.tv\/portada\/?p=80291"},"modified":"2026-03-03T21:17:42","modified_gmt":"2026-03-04T04:17:42","slug":"ignacio-mier-descarta-ruptura-de-coalicion-y-confirma-prep-en-reforma-electoral","status":"publish","type":"post","link":"https:\/\/www.opinionpublica.tv\/portada\/ignacio-mier-descarta-ruptura-de-coalicion-y-confirma-prep-en-reforma-electoral\/","title":{"rendered":"Ignacio Mier descarta ruptura de coalici\u00f3n y confirma PREP en la reforma electoral"},"content":{"rendered":"\n<figure class=\"wp-block-image size-large\"><img fetchpriority=\"high\" decoding=\"async\" width=\"1024\" height=\"684\" src=\"https:\/\/www.opinionpublica.tv\/portada\/wp-content\/uploads\/2026\/03\/Ignacio-Mier-descarta-ruptura-de-coalicion-y-confirma-PREP-en-la-reforma-electoral-1024x684.webp\" alt=\"Ignacio mier descarta ruptura de coalicio\u0301n y confirma prep en la reforma electoral\" class=\"wp-image-80294\" srcset=\"https:\/\/www.opinionpublica.tv\/portada\/wp-content\/uploads\/2026\/03\/Ignacio-Mier-descarta-ruptura-de-coalicion-y-confirma-PREP-en-la-reforma-electoral-1024x684.webp 1024w, https:\/\/www.opinionpublica.tv\/portada\/wp-content\/uploads\/2026\/03\/Ignacio-Mier-descarta-ruptura-de-coalicion-y-confirma-PREP-en-la-reforma-electoral-300x200.webp 300w, https:\/\/www.opinionpublica.tv\/portada\/wp-content\/uploads\/2026\/03\/Ignacio-Mier-descarta-ruptura-de-coalicion-y-confirma-PREP-en-la-reforma-electoral-768x513.webp 768w, https:\/\/www.opinionpublica.tv\/portada\/wp-content\/uploads\/2026\/03\/Ignacio-Mier-descarta-ruptura-de-coalicion-y-confirma-PREP-en-la-reforma-electoral.webp 1200w\" sizes=\"(max-width: 1024px) 100vw, 1024px\" \/><\/figure>\n\n\n\n<p><em>Ciudad de M\u00e9xico<\/em>.- El coordinador de Morena en el Senado, Ignacio Mier, descart\u00f3 la ruptura de la coalici\u00f3n con los Partidos del Trabajo y el Verde Ecologista de M\u00e9xico (PVEM) y revel\u00f3 que, en la iniciativa de reforma electoral, que se prev\u00e9 ser\u00e1 presentada este mi\u00e9rcoles al Congreso, se mantiene el Programa de Resultados Electorales Preliminares (PREP).<\/p>\n\n\n\n<p>Al concluir la sesi\u00f3n senatorial, explic\u00f3 que el PREP se realizar\u00e1 al mismo tiempo que el c\u00f3mputo oficial de los votos, el cual iniciar\u00e1 cuando se entreguen los paquetes electorales en las juntas distritales. No se esperar\u00e1 hasta el mi\u00e9rcoles siguiente u ocho d\u00edas despu\u00e9s, como sucede actualmente en la elecci\u00f3n federal y en algunas estatales.<\/p>\n\n\n\n<p>El PREP estar\u00e1 como siempre, puntualiz\u00f3 el morenista, quien, por otra parte, hizo un reconocimiento al PT y al PVEM, con quienes se tiene una \u201ccoalici\u00f3n virtuosa\u201d que ha permitido modificar el andamiaje constitucional.<\/p>\n\n\n\n<p>De hecho, consider\u00f3 que la Cuarta Transformaci\u00f3n no se puede imaginar sin ellos. \u201cNo va a haber ruptura. La alianza se mantiene\u201d, apunt\u00f3 en entrevista.<\/p>\n\n\n\n<p>Se\u00f1al\u00f3 que Morena har\u00e1 un esfuerzo porque esos dos partidos lo acompa\u00f1en en la reforma electoral. Pero si no es as\u00ed, se respetar\u00e1 lo que ellos decidan.<\/p>\n\n\n\n<p>Mier apunt\u00f3 que la coalici\u00f3n garantiza a M\u00e9xico gobernabilidad en las c\u00e1maras y el cumplimiento de los principios de la Cuarta Transformaci\u00f3n. A\u00f1adi\u00f3 que hay temas pendientes del Plan C, en los que se requiere su participaci\u00f3n. Entre ellos, se encuentra la reforma de pensiones.<\/p>\n\n\n\n<p><em>Con informaci\u00f3n de La Jornada<\/em>.<\/p>\n","protected":false},"excerpt":{"rendered":"<p>Ciudad de M\u00e9xico.- El coordinador de Morena en el Senado, Ignacio Mier, descart\u00f3 la ruptura de la coalici\u00f3n con los Partidos del Trabajo y el Verde Ecologista de M\u00e9xico (PVEM) y revel\u00f3 que, en la iniciativa de reforma electoral, que se prev\u00e9 ser\u00e1 presentada este mi\u00e9rcoles al Congreso, se mantiene el Programa de Resultados Electorales [&hellip;]<\/p>\n","protected":false},"author":6,"featured_media":80294,"comment_status":"closed","ping_status":"closed","sticky":false,"template":"","format":"standard","meta":{"_acf_changed":false,"_monsterinsights_skip_tracking":false,"_monsterinsights_sitenote_active":false,"_monsterinsights_sitenote_note":"","_monsterinsights_sitenote_category":0,"slim_seo":{"title":"Ignacio Mier descarta ruptura de coalici\u00f3n y confirma PREP en la reforma electoral - Opini\u00f3n P\u00fablica","description":"Ciudad de M\u00e9xico .- El coordinador de Morena en el Senado, Ignacio Mier, descart\u00f3 la ruptura de la coalici\u00f3n con los Partidos del Trabajo y el Verde Ecologista"},"footnotes":""},"categories":[4],"tags":[2591,2590,499],"class_list":["post-80291","post","type-post","status-publish","format-standard","has-post-thumbnail","hentry","category-pulsopolitico","tag-ignacio-mier","tag-prep","tag-reforma-electoral"],"acf":[],"_links":{"self":[{"href":"https:\/\/www.opinionpublica.tv\/portada\/wp-json\/wp\/v2\/posts\/80291","targetHints":{"allow":["GET"]}}],"collection":[{"href":"https:\/\/www.opinionpublica.tv\/portada\/wp-json\/wp\/v2\/posts"}],"about":[{"href":"https:\/\/www.opinionpublica.tv\/portada\/wp-json\/wp\/v2\/types\/post"}],"author":[{"embeddable":true,"href":"https:\/\/www.opinionpublica.tv\/portada\/wp-json\/wp\/v2\/users\/6"}],"replies":[{"embeddable":true,"href":"https:\/\/www.opinionpublica.tv\/portada\/wp-json\/wp\/v2\/comments?post=80291"}],"version-history":[{"count":2,"href":"https:\/\/www.opinionpublica.tv\/portada\/wp-json\/wp\/v2\/posts\/80291\/revisions"}],"predecessor-version":[{"id":80295,"href":"https:\/\/www.opinionpublica.tv\/portada\/wp-json\/wp\/v2\/posts\/80291\/revisions\/80295"}],"wp:featuredmedia":[{"embeddable":true,"href":"https:\/\/www.opinionpublica.tv\/portada\/wp-json\/wp\/v2\/media\/80294"}],"wp:attachment":[{"href":"https:\/\/www.opinionpublica.tv\/portada\/wp-json\/wp\/v2\/media?parent=80291"}],"wp:term":[{"taxonomy":"category","embeddable":true,"href":"https:\/\/www.opinionpublica.tv\/portada\/wp-json\/wp\/v2\/categories?post=80291"},{"taxonomy":"post_tag","embeddable":true,"href":"https:\/\/www.opinionpublica.tv\/portada\/wp-json\/wp\/v2\/tags?post=80291"}],"curies":[{"name":"wp","href":"https:\/\/api.w.org\/{rel}","templated":true}]}}