{"id":80277,"date":"2026-03-04T00:01:00","date_gmt":"2026-03-04T07:01:00","guid":{"rendered":"https:\/\/www.opinionpublica.tv\/portada\/?p=80277"},"modified":"2026-03-03T21:02:00","modified_gmt":"2026-03-04T04:02:00","slug":"recibe-senado-iniciativa-para-acortar-altas-pensiones-de-ex-funcionarios-de-cfe-y-pemex","status":"publish","type":"post","link":"https:\/\/www.opinionpublica.tv\/portada\/recibe-senado-iniciativa-para-acortar-altas-pensiones-de-ex-funcionarios-de-cfe-y-pemex\/","title":{"rendered":"Recibe Senado iniciativa para acortar altas pensiones de ex funcionarios de CFE y Pemex"},"content":{"rendered":"\n<figure class=\"wp-block-image size-large\"><img fetchpriority=\"high\" decoding=\"async\" width=\"1024\" height=\"631\" src=\"https:\/\/www.opinionpublica.tv\/portada\/wp-content\/uploads\/2026\/03\/Recibe-Senado-iniciativa-para-acortar-altas-pensiones-de-ex-funcionarios-de-CFE-y-Pemex-1024x631.avif\" alt=\"Recibe senado iniciativa para acortar altas pensiones de ex funcionarios de cfe y pemex\" class=\"wp-image-80279\" srcset=\"https:\/\/www.opinionpublica.tv\/portada\/wp-content\/uploads\/2026\/03\/Recibe-Senado-iniciativa-para-acortar-altas-pensiones-de-ex-funcionarios-de-CFE-y-Pemex-1024x631.avif 1024w, https:\/\/www.opinionpublica.tv\/portada\/wp-content\/uploads\/2026\/03\/Recibe-Senado-iniciativa-para-acortar-altas-pensiones-de-ex-funcionarios-de-CFE-y-Pemex-300x185.avif 300w, https:\/\/www.opinionpublica.tv\/portada\/wp-content\/uploads\/2026\/03\/Recibe-Senado-iniciativa-para-acortar-altas-pensiones-de-ex-funcionarios-de-CFE-y-Pemex-768x473.avif 768w, https:\/\/www.opinionpublica.tv\/portada\/wp-content\/uploads\/2026\/03\/Recibe-Senado-iniciativa-para-acortar-altas-pensiones-de-ex-funcionarios-de-CFE-y-Pemex.avif 1081w\" sizes=\"(max-width: 1024px) 100vw, 1024px\" \/><\/figure>\n\n\n\n<p><em>Ciudad de M\u00e9xico<\/em>.- La presidenta Claudia Sheinbaum envi\u00f3 al Senado de la Rep\u00fablica su iniciativa de reforma al art\u00edculo 127 constitucional para limitar las altas pensiones que reciben exfuncionarios p\u00fablicos, en algunos casos muy superiores al salario de la titular del Ejecutivo, y que representan un abuso que afecta el erario.<\/p>\n\n\n\n<p>En un video difundido en redes sociales, la presidenta de la Mesa Directiva del Senado, Laura Itzel Castillo Ju\u00e1rez, inform\u00f3 que de aprobarse esta propuesta, se generar\u00e1n ahorros por cinco mil millones de pesos al a\u00f1o.<\/p>\n\n\n\n<p>\u201cEl objetivo de este proyecto es que los exfuncionarios de organismos como el Banco de M\u00e9xico, Pemex o la CFE no ganen m\u00e1s que el 50 por ciento de lo que gana la presidenta de la Rep\u00fablica, en sus pensiones. Es decir, que no ganen m\u00e1s de 70 mil pesos mensuales.<\/p>\n\n\n\n<p>\u201c\u00bfEn qu\u00e9 beneficia esto? Bueno, en primer lugar, en que haya justicia, pero adem\u00e1s que va a haber un ahorro important\u00edsimo, ni m\u00e1s ni menos que 5 mil millones de pesos anuales, que pueden servir para programas sociales\u201d.<\/p>\n\n\n\n<p>Detall\u00f3 que la ruta de esta iniciativa ser\u00e1 que se turne para su discusi\u00f3n a las comisiones unidas de Puntos Constitucionales y Estudios Legislativos, quienes tendr\u00e1n que elaborar el dictamen que posteriormente pasar\u00e1 al pleno para su debida votaci\u00f3n.<\/p>\n\n\n\n<p>\u201cEste tema, que es tan sentido para la poblaci\u00f3n, se atender\u00e1 de cara a la naci\u00f3n con la mayor responsabilidad por parte de este \u00f3rgano legislativo\u201d, garantiz\u00f3 la senadora Castillo Ju\u00e1rez.<\/p>\n\n\n\n<p><em>Con informaci\u00f3n de El Universal<\/em>.<\/p>\n","protected":false},"excerpt":{"rendered":"<p>Ciudad de M\u00e9xico.- La presidenta Claudia Sheinbaum envi\u00f3 al Senado de la Rep\u00fablica su iniciativa de reforma al art\u00edculo 127 constitucional para limitar las altas pensiones que reciben exfuncionarios p\u00fablicos, en algunos casos muy superiores al salario de la titular del Ejecutivo, y que representan un abuso que afecta el erario. En un video difundido [&hellip;]<\/p>\n","protected":false},"author":6,"featured_media":80279,"comment_status":"closed","ping_status":"closed","sticky":false,"template":"","format":"standard","meta":{"_acf_changed":false,"_monsterinsights_skip_tracking":false,"_monsterinsights_sitenote_active":false,"_monsterinsights_sitenote_note":"","_monsterinsights_sitenote_category":0,"slim_seo":{"title":"Recibe Senado iniciativa para acortar altas pensiones de ex funcionarios de CFE y Pemex - Opini\u00f3n P\u00fablica","description":"Ciudad de M\u00e9xico .- La presidenta Claudia Sheinbaum envi\u00f3 al Senado de la Rep\u00fablica su iniciativa de reforma al art\u00edculo 127 constitucional para limitar las alt"},"footnotes":""},"categories":[4],"tags":[773,161,2405,814],"class_list":["post-80277","post","type-post","status-publish","format-standard","has-post-thumbnail","hentry","category-pulsopolitico","tag-cfe","tag-pemex","tag-pensiones-doradas","tag-senado"],"acf":[],"_links":{"self":[{"href":"https:\/\/www.opinionpublica.tv\/portada\/wp-json\/wp\/v2\/posts\/80277","targetHints":{"allow":["GET"]}}],"collection":[{"href":"https:\/\/www.opinionpublica.tv\/portada\/wp-json\/wp\/v2\/posts"}],"about":[{"href":"https:\/\/www.opinionpublica.tv\/portada\/wp-json\/wp\/v2\/types\/post"}],"author":[{"embeddable":true,"href":"https:\/\/www.opinionpublica.tv\/portada\/wp-json\/wp\/v2\/users\/6"}],"replies":[{"embeddable":true,"href":"https:\/\/www.opinionpublica.tv\/portada\/wp-json\/wp\/v2\/comments?post=80277"}],"version-history":[{"count":2,"href":"https:\/\/www.opinionpublica.tv\/portada\/wp-json\/wp\/v2\/posts\/80277\/revisions"}],"predecessor-version":[{"id":80280,"href":"https:\/\/www.opinionpublica.tv\/portada\/wp-json\/wp\/v2\/posts\/80277\/revisions\/80280"}],"wp:featuredmedia":[{"embeddable":true,"href":"https:\/\/www.opinionpublica.tv\/portada\/wp-json\/wp\/v2\/media\/80279"}],"wp:attachment":[{"href":"https:\/\/www.opinionpublica.tv\/portada\/wp-json\/wp\/v2\/media?parent=80277"}],"wp:term":[{"taxonomy":"category","embeddable":true,"href":"https:\/\/www.opinionpublica.tv\/portada\/wp-json\/wp\/v2\/categories?post=80277"},{"taxonomy":"post_tag","embeddable":true,"href":"https:\/\/www.opinionpublica.tv\/portada\/wp-json\/wp\/v2\/tags?post=80277"}],"curies":[{"name":"wp","href":"https:\/\/api.w.org\/{rel}","templated":true}]}}