{"id":80274,"date":"2026-03-04T00:01:00","date_gmt":"2026-03-04T07:01:00","guid":{"rendered":"https:\/\/www.opinionpublica.tv\/portada\/?p=80274"},"modified":"2026-03-03T20:57:45","modified_gmt":"2026-03-04T03:57:45","slug":"apple-lanza-sus-nuevas-macbook-con-procesadores-m5-m5-pro-y-m5-max","status":"publish","type":"post","link":"https:\/\/www.opinionpublica.tv\/portada\/apple-lanza-sus-nuevas-macbook-con-procesadores-m5-m5-pro-y-m5-max\/","title":{"rendered":"Apple lanza sus nuevas MacBook con procesadores M5, M5 Pro y M5 Max"},"content":{"rendered":"\n<figure class=\"wp-block-image size-full\"><img fetchpriority=\"high\" decoding=\"async\" width=\"800\" height=\"450\" src=\"https:\/\/www.opinionpublica.tv\/portada\/wp-content\/uploads\/2026\/03\/Apple-lanza-sus-nuevas-MacBook-con-procesadores-M5-M5-Pro-y-M5-Max.jpeg\" alt=\"Apple lanza sus nuevas macbook con procesadores m5, m5 pro y m5 max\" class=\"wp-image-80275\" srcset=\"https:\/\/www.opinionpublica.tv\/portada\/wp-content\/uploads\/2026\/03\/Apple-lanza-sus-nuevas-MacBook-con-procesadores-M5-M5-Pro-y-M5-Max.jpeg 800w, https:\/\/www.opinionpublica.tv\/portada\/wp-content\/uploads\/2026\/03\/Apple-lanza-sus-nuevas-MacBook-con-procesadores-M5-M5-Pro-y-M5-Max-300x169.jpeg 300w, https:\/\/www.opinionpublica.tv\/portada\/wp-content\/uploads\/2026\/03\/Apple-lanza-sus-nuevas-MacBook-con-procesadores-M5-M5-Pro-y-M5-Max-768x432.jpeg 768w\" sizes=\"(max-width: 800px) 100vw, 800px\" \/><\/figure>\n\n\n\n<p>Apple dio un paso clave en el mercado de laptops premium al presentar su nueva generaci\u00f3n de procesadores: M5 Pro y M5 Max, integrados en la renovada MacBook Pro, adem\u00e1s de una actualizaci\u00f3n estrat\u00e9gica de la MacBook Air con chip M5.<\/p>\n\n\n\n<p>La apuesta va por m\u00e1s potencia, mayor enfoque en inteligencia artificial y mejor rendimiento sin depender de la nube.<\/p>\n\n\n\n<p><strong>\u00bfQu\u00e9 son los chips M5 Pro y M5 Max y por qu\u00e9 importan?<\/strong><\/p>\n\n\n\n<p>Desde 2020, Apple dej\u00f3 de usar procesadores de Intel en sus computadoras y comenz\u00f3 a desarrollar sus propios chips bajo la arquitectura Apple Silicon. Esto le permiti\u00f3 controlar rendimiento, consumo energ\u00e9tico y optimizaci\u00f3n de software.<\/p>\n\n\n\n<p>Ahora, los nuevos M5 Pro y M5 Max representan el salto m\u00e1s ambicioso hasta la fecha.<\/p>\n\n\n\n<p>Ambos integran:<\/p>\n\n\n\n<p>CPU de 18 n\u00facleos<\/p>\n\n\n\n<p>Seis \u201csuper cores\u201d enfocados en tareas de alto rendimiento<\/p>\n\n\n\n<p>Hasta 40 n\u00facleos de GPU en el modelo Max<\/p>\n\n\n\n<p>Arquitectura Fusion que combina dos matrices de procesador<\/p>\n\n\n\n<p>Apple asegura que el rendimiento en tareas espec\u00edficas puede ser hasta 4 veces superior respecto a generaciones recientes y hasta 8 veces comparado con los primeros M1 en cargas avanzadas.<\/p>\n\n\n\n<p>Esto impacta directamente en:<\/p>\n\n\n\n<p>Renderizado 3D<\/p>\n\n\n\n<p>Edici\u00f3n de video profesional<\/p>\n\n\n\n<p>Compilaci\u00f3n de c\u00f3digo<\/p>\n\n\n\n<p>Entrenamiento de modelos de inteligencia artificial<\/p>\n\n\n\n<p>No se trata solo de potencia bruta. El foco est\u00e1 en ejecutar procesos complejos directamente en el dispositivo, sin enviar datos a servidores externos.&nbsp;<\/p>\n\n\n\n<p><strong>\u00bfPor qu\u00e9 Apple insiste en la inteligencia artificial local?<\/strong><\/p>\n\n\n\n<p>Uno de los mensajes centrales del lanzamiento es el procesamiento de inteligencia artificial en el dispositivo.<\/p>\n\n\n\n<p>En lugar de depender completamente de servicios en la nube, los nuevos chips permiten ejecutar modelos de IA directamente en la laptop. Esto ofrece tres ventajas principales:<\/p>\n\n\n\n<p>Mayor privacidad, ya que los datos no salen del equipo.<\/p>\n\n\n\n<p>Menor latencia (respuesta m\u00e1s r\u00e1pida).<\/p>\n\n\n\n<p>Mejor eficiencia energ\u00e9tica.<\/p>\n\n\n\n<p>La potencia multicore mejora hasta un 30 % frente a la generaci\u00f3n anterior, lo que beneficia tareas paralelas como edici\u00f3n de video mientras se renderiza otro proyecto.<\/p>\n\n\n\n<p><strong>\u00bfQu\u00e9 cambia en la nueva MacBook Pro?<\/strong><\/p>\n\n\n\n<p>La nueva MacBook Pro se ofrece en versiones de 14 y 16 pulgadas con los M5 Pro y M5 Max.<\/p>\n\n\n\n<p>Entre los cambios m\u00e1s relevantes:<\/p>\n\n\n\n<p>Almacenamiento base de 1 TB en modelos Pro<\/p>\n\n\n\n<p>2 TB base en versiones Max<\/p>\n\n\n\n<p>Soporte para Wi-Fi 7<\/p>\n\n\n\n<p>Bluetooth 6<\/p>\n\n\n\n<p>Thunderbolt 5<\/p>\n\n\n\n<p>Pantalla Liquid Retina XDR<\/p>\n\n\n\n<p>C\u00e1mara de 12 MP con Center Stage<\/p>\n\n\n\n<p>Hasta 24 horas de bater\u00eda<\/p>\n\n\n\n<p>El aumento en almacenamiento base es especialmente importante para profesionales que trabajan con archivos pesados. En generaciones anteriores, muchos usuarios deb\u00edan pagar por configuraciones superiores o usar discos externos.<\/p>\n\n\n\n<p>Con esta actualizaci\u00f3n, Apple apunta directamente a creadores de contenido, desarrolladores y estudios de dise\u00f1o que requieren alto rendimiento sostenido.<\/p>\n\n\n\n<p><strong>\u00bfQu\u00e9 ofrece la MacBook Air con chip M5?<\/strong><\/p>\n\n\n\n<p>La MacBook Air con chip M5 2026 mantiene su enfoque en portabilidad y eficiencia, pero ahora incorpora mejoras de rendimiento y capacidades de IA.<\/p>\n\n\n\n<p>Apple tambi\u00e9n duplic\u00f3 el almacenamiento base y mejor\u00f3 la conectividad, reforzando su posici\u00f3n como laptop ideal para:<\/p>\n\n\n\n<p>Estudiantes<\/p>\n\n\n\n<p>Profesionales m\u00f3viles<\/p>\n\n\n\n<p>Creadores de contenido ligero<\/p>\n\n\n\n<p>Usuarios que necesitan rendimiento s\u00f3lido sin llegar al segmento Pro<\/p>\n\n\n\n<p>La diferencia principal frente a la l\u00ednea Pro radica en potencia gr\u00e1fica extrema y opciones avanzadas de configuraci\u00f3n, pero para la mayor\u00eda de usuarios, la Air representa un equilibrio entre precio y desempe\u00f1o.&nbsp;<\/p>\n\n\n\n<p><strong>\u00bfCu\u00e1ndo llegan a M\u00e9xico las nuevas MacBook?<\/strong><\/p>\n\n\n\n<p>Las preventas en M\u00e9xico comienzan el 4 de marzo, con env\u00edos el 11 de marzo.<\/p>\n\n\n\n<p>Al integrar m\u00e1s capacidades de potencia e inteligencia artificial en MacBook, Apple fortalece su ecosistema y aumenta la dependencia positiva entre hardware y software.<\/p>\n\n\n\n<p>Adem\u00e1s, el soporte para est\u00e1ndares como Thunderbolt 5 y Wi-Fi 7 prepara a estos equipos para los pr\u00f3ximos a\u00f1os, evitando que queden obsoletos r\u00e1pidamente.<\/p>\n\n\n\n<p><em>Con informaci\u00f3n de Exc\u00e9lsior<\/em>.<\/p>\n","protected":false},"excerpt":{"rendered":"<p>Apple dio un paso clave en el mercado de laptops premium al presentar su nueva generaci\u00f3n de procesadores: M5 Pro y M5 Max, integrados en la renovada MacBook Pro, adem\u00e1s de una actualizaci\u00f3n estrat\u00e9gica de la MacBook Air con chip M5. La apuesta va por m\u00e1s potencia, mayor enfoque en inteligencia artificial y mejor rendimiento [&hellip;]<\/p>\n","protected":false},"author":6,"featured_media":80275,"comment_status":"closed","ping_status":"closed","sticky":false,"template":"","format":"standard","meta":{"_acf_changed":false,"_monsterinsights_skip_tracking":false,"_monsterinsights_sitenote_active":false,"_monsterinsights_sitenote_note":"","_monsterinsights_sitenote_category":0,"slim_seo":{"title":"Apple lanza sus nuevas MacBook con procesadores M5, M5 Pro y M5 Max - Opini\u00f3n P\u00fablica","description":"Apple dio un paso clave en el mercado de laptops premium al presentar su nueva generaci\u00f3n de procesadores: M5 Pro y M5 Max, integrados en la renovada MacBook Pr"},"footnotes":""},"categories":[22],"tags":[208,2587,2377,221,2586],"class_list":["post-80274","post","type-post","status-publish","format-standard","has-post-thumbnail","hentry","category-ciencia-y-tecnologia","tag-apple","tag-m5-procesadores-pro-y-m5-max","tag-macbook","tag-macbook-pro","tag-procesadores-m5"],"acf":[],"_links":{"self":[{"href":"https:\/\/www.opinionpublica.tv\/portada\/wp-json\/wp\/v2\/posts\/80274","targetHints":{"allow":["GET"]}}],"collection":[{"href":"https:\/\/www.opinionpublica.tv\/portada\/wp-json\/wp\/v2\/posts"}],"about":[{"href":"https:\/\/www.opinionpublica.tv\/portada\/wp-json\/wp\/v2\/types\/post"}],"author":[{"embeddable":true,"href":"https:\/\/www.opinionpublica.tv\/portada\/wp-json\/wp\/v2\/users\/6"}],"replies":[{"embeddable":true,"href":"https:\/\/www.opinionpublica.tv\/portada\/wp-json\/wp\/v2\/comments?post=80274"}],"version-history":[{"count":1,"href":"https:\/\/www.opinionpublica.tv\/portada\/wp-json\/wp\/v2\/posts\/80274\/revisions"}],"predecessor-version":[{"id":80276,"href":"https:\/\/www.opinionpublica.tv\/portada\/wp-json\/wp\/v2\/posts\/80274\/revisions\/80276"}],"wp:featuredmedia":[{"embeddable":true,"href":"https:\/\/www.opinionpublica.tv\/portada\/wp-json\/wp\/v2\/media\/80275"}],"wp:attachment":[{"href":"https:\/\/www.opinionpublica.tv\/portada\/wp-json\/wp\/v2\/media?parent=80274"}],"wp:term":[{"taxonomy":"category","embeddable":true,"href":"https:\/\/www.opinionpublica.tv\/portada\/wp-json\/wp\/v2\/categories?post=80274"},{"taxonomy":"post_tag","embeddable":true,"href":"https:\/\/www.opinionpublica.tv\/portada\/wp-json\/wp\/v2\/tags?post=80274"}],"curies":[{"name":"wp","href":"https:\/\/api.w.org\/{rel}","templated":true}]}}