{"id":80241,"date":"2026-03-03T00:01:00","date_gmt":"2026-03-03T07:01:00","guid":{"rendered":"https:\/\/www.opinionpublica.tv\/portada\/?p=80241"},"modified":"2026-03-02T21:13:40","modified_gmt":"2026-03-03T04:13:40","slug":"reporta-jmas-juarez-avance-del-91-de-avance-en-la-construccion-de-la-presa-filtro-ii","status":"publish","type":"post","link":"https:\/\/www.opinionpublica.tv\/portada\/reporta-jmas-juarez-avance-del-91-de-avance-en-la-construccion-de-la-presa-filtro-ii\/","title":{"rendered":"Reporta JMAS Ju\u00e1rez avance del 91% de avance en la construcci\u00f3n de Presa Filtro II"},"content":{"rendered":"\n<figure class=\"wp-block-image size-large\"><img fetchpriority=\"high\" decoding=\"async\" width=\"1024\" height=\"576\" src=\"https:\/\/www.opinionpublica.tv\/portada\/wp-content\/uploads\/2026\/03\/Reporta-JMAS-Juarez-avance-del-91-de-avance-en-la-construccion-de-Presa-Filtro-II-1024x576.jpeg\" alt=\"Reporta jmas jua\u0301rez avance del 91% de avance en la construccio\u0301n de presa filtro ii\" class=\"wp-image-80245\" srcset=\"https:\/\/www.opinionpublica.tv\/portada\/wp-content\/uploads\/2026\/03\/Reporta-JMAS-Juarez-avance-del-91-de-avance-en-la-construccion-de-Presa-Filtro-II-1024x576.jpeg 1024w, https:\/\/www.opinionpublica.tv\/portada\/wp-content\/uploads\/2026\/03\/Reporta-JMAS-Juarez-avance-del-91-de-avance-en-la-construccion-de-Presa-Filtro-II-300x169.jpeg 300w, https:\/\/www.opinionpublica.tv\/portada\/wp-content\/uploads\/2026\/03\/Reporta-JMAS-Juarez-avance-del-91-de-avance-en-la-construccion-de-Presa-Filtro-II-768x432.jpeg 768w, https:\/\/www.opinionpublica.tv\/portada\/wp-content\/uploads\/2026\/03\/Reporta-JMAS-Juarez-avance-del-91-de-avance-en-la-construccion-de-Presa-Filtro-II-1536x864.jpeg 1536w, https:\/\/www.opinionpublica.tv\/portada\/wp-content\/uploads\/2026\/03\/Reporta-JMAS-Juarez-avance-del-91-de-avance-en-la-construccion-de-Presa-Filtro-II.jpeg 1600w\" sizes=\"(max-width: 1024px) 100vw, 1024px\" \/><\/figure>\n\n\n\n<p class=\"wp-block-paragraph\"><em>Ciudad Ju\u00e1rez, Chih<\/em>.- La Presa Filtro II, es una de las obras hidr\u00e1ulicas m\u00e1s relevantes ejecutadas por la Junta de Agua y Saneamiento de Ju\u00e1rez, con un 91 por ciento de avance, este proyecto se ejecuta para la seguridad y protecci\u00f3n de la poblaci\u00f3n, ante fen\u00f3menos meteorol\u00f3gicos de alta intensidad.<\/p>\n\n\n\n<p class=\"wp-block-paragraph\">Catalogada a nivel internacional como una presa grande de control de avenidas, por sus 21 metros de altura en concreto y una capacidad de almacenamiento de 385 millones de litros, esta infraestructura se posiciona como un proyecto de talla mundial, de acuerdo con C\u00e9sar Triana, director de Obra de la JMAS.<\/p>\n\n\n\n<p class=\"wp-block-paragraph\">\u201cA nivel mundial hay un poco m\u00e1s de 62 mil presas de este tipo, se escucha un n\u00famero grande, pero para todo el mundo no es tan grande, se agrega una m\u00e1s a esta red internacional de presas, que tiene una capacidad de m\u00e1s de 140 metros c\u00fabicos por segundo, para el primer retorno de 10 mil a\u00f1os hablando de datos t\u00e9cnicos y es para los juarenses\u201d, destac\u00f3.<\/p>\n\n\n\n<p class=\"wp-block-paragraph\">La presa est\u00e1 ubicada en el cauce m\u00e1s violento del Arroyo Colorado, punto estrat\u00e9gico para salvaguardar la integridad de m\u00e1s de 35 mil personas que habitan en una zona identificada como de alto riesgo.<\/p>\n\n\n\n<p class=\"wp-block-paragraph\">Con una inversi\u00f3n aproximada de 123 millones de pesos, de recursos federales, se prev\u00e9 que la obra concluya en un plazo de dos meses, una vez en operaci\u00f3n, esta infraestructura permitir\u00e1 reducir hasta en un 95 por ciento el riesgo de p\u00e9rdida de vidas humanas en el sector, al contener y canalizar las corrientes m\u00e1s peligrosas durante eventos extraordinarios de lluvia.<\/p>\n\n\n\n<p class=\"wp-block-paragraph\">La Junta de Agua y Saneamiento de Ju\u00e1rez asegur\u00f3 que se trabaja desde la detecci\u00f3n de problem\u00e1ticas hasta la ejecuci\u00f3n de soluciones, anticip\u00e1ndose a los riesgos, para la protecci\u00f3n de la ciudadan\u00eda frente a fen\u00f3menos naturales cada vez m\u00e1s intensos.<\/p>\n","protected":false},"excerpt":{"rendered":"<p>Ciudad Ju\u00e1rez, Chih.- La Presa Filtro II, es una de las obras hidr\u00e1ulicas m\u00e1s relevantes ejecutadas por la Junta de Agua y Saneamiento de Ju\u00e1rez, con un 91 por ciento de avance, este proyecto se ejecuta para la seguridad y protecci\u00f3n de la poblaci\u00f3n, ante fen\u00f3menos meteorol\u00f3gicos de alta intensidad. Catalogada a nivel internacional como [&hellip;]<\/p>\n","protected":false},"author":6,"featured_media":80245,"comment_status":"closed","ping_status":"closed","sticky":false,"template":"","format":"standard","meta":{"_acf_changed":false,"_monsterinsights_skip_tracking":false,"slim_seo":{"title":"Reporta JMAS Ju\u00e1rez avance del 91% de avance en la construcci\u00f3n de Presa Filtro II - Opini\u00f3n P\u00fablica","description":"Ciudad Ju\u00e1rez, Chih .- La Presa Filtro II, es una de las obras hidr\u00e1ulicas m\u00e1s relevantes ejecutadas por la Junta de Agua y Saneamiento de Ju\u00e1rez, con un 91 por"},"footnotes":""},"categories":[11],"tags":[608,423,2581],"class_list":["post-80241","post","type-post","status-publish","format-standard","has-post-thumbnail","hentry","category-tendencias","tag-ciudad-juarez","tag-jmas-juarez","tag-presa-filtro-ii"],"acf":[],"_links":{"self":[{"href":"https:\/\/www.opinionpublica.tv\/portada\/wp-json\/wp\/v2\/posts\/80241","targetHints":{"allow":["GET"]}}],"collection":[{"href":"https:\/\/www.opinionpublica.tv\/portada\/wp-json\/wp\/v2\/posts"}],"about":[{"href":"https:\/\/www.opinionpublica.tv\/portada\/wp-json\/wp\/v2\/types\/post"}],"author":[{"embeddable":true,"href":"https:\/\/www.opinionpublica.tv\/portada\/wp-json\/wp\/v2\/users\/6"}],"replies":[{"embeddable":true,"href":"https:\/\/www.opinionpublica.tv\/portada\/wp-json\/wp\/v2\/comments?post=80241"}],"version-history":[{"count":3,"href":"https:\/\/www.opinionpublica.tv\/portada\/wp-json\/wp\/v2\/posts\/80241\/revisions"}],"predecessor-version":[{"id":80246,"href":"https:\/\/www.opinionpublica.tv\/portada\/wp-json\/wp\/v2\/posts\/80241\/revisions\/80246"}],"wp:featuredmedia":[{"embeddable":true,"href":"https:\/\/www.opinionpublica.tv\/portada\/wp-json\/wp\/v2\/media\/80245"}],"wp:attachment":[{"href":"https:\/\/www.opinionpublica.tv\/portada\/wp-json\/wp\/v2\/media?parent=80241"}],"wp:term":[{"taxonomy":"category","embeddable":true,"href":"https:\/\/www.opinionpublica.tv\/portada\/wp-json\/wp\/v2\/categories?post=80241"},{"taxonomy":"post_tag","embeddable":true,"href":"https:\/\/www.opinionpublica.tv\/portada\/wp-json\/wp\/v2\/tags?post=80241"}],"curies":[{"name":"wp","href":"https:\/\/api.w.org\/{rel}","templated":true}]}}