{"id":80230,"date":"2026-03-03T00:01:00","date_gmt":"2026-03-03T07:01:00","guid":{"rendered":"https:\/\/www.opinionpublica.tv\/portada\/?p=80230"},"modified":"2026-03-02T20:53:59","modified_gmt":"2026-03-03T03:53:59","slug":"nombran-a-la-coordinadora-del-centro-municipal-de-los-pueblos-originarios-en-juarez","status":"publish","type":"post","link":"https:\/\/www.opinionpublica.tv\/portada\/nombran-a-la-coordinadora-del-centro-municipal-de-los-pueblos-originarios-en-juarez\/","title":{"rendered":"Nombran a la coordinadora del Centro Municipal de los Pueblos Originarios"},"content":{"rendered":"\n<figure class=\"wp-block-image size-large\"><img fetchpriority=\"high\" decoding=\"async\" width=\"1024\" height=\"682\" src=\"https:\/\/www.opinionpublica.tv\/portada\/wp-content\/uploads\/2026\/03\/Nombran-a-la-coordinadora-del-Centro-Municipal-de-los-Pueblos-Originarios-1024x682.jpeg\" alt=\"Nombran a la coordinadora del centro municipal de los pueblos originarios\" class=\"wp-image-80233\" srcset=\"https:\/\/www.opinionpublica.tv\/portada\/wp-content\/uploads\/2026\/03\/Nombran-a-la-coordinadora-del-Centro-Municipal-de-los-Pueblos-Originarios-1024x682.jpeg 1024w, https:\/\/www.opinionpublica.tv\/portada\/wp-content\/uploads\/2026\/03\/Nombran-a-la-coordinadora-del-Centro-Municipal-de-los-Pueblos-Originarios-300x200.jpeg 300w, https:\/\/www.opinionpublica.tv\/portada\/wp-content\/uploads\/2026\/03\/Nombran-a-la-coordinadora-del-Centro-Municipal-de-los-Pueblos-Originarios-768x512.jpeg 768w, https:\/\/www.opinionpublica.tv\/portada\/wp-content\/uploads\/2026\/03\/Nombran-a-la-coordinadora-del-Centro-Municipal-de-los-Pueblos-Originarios-1536x1023.jpeg 1536w, https:\/\/www.opinionpublica.tv\/portada\/wp-content\/uploads\/2026\/03\/Nombran-a-la-coordinadora-del-Centro-Municipal-de-los-Pueblos-Originarios.jpeg 1600w\" sizes=\"(max-width: 1024px) 100vw, 1024px\" \/><\/figure>\n\n\n\n<p class=\"wp-block-paragraph\"><em>Ciudad Ju\u00e1rez, Chih<\/em>.- Diana Laura Lozano Linares, de la etnia chinanteca, fue presentada como la coordinadora del Centro Municipal de los Pueblos Originarios (CEMPO).<\/p>\n\n\n\n<p class=\"wp-block-paragraph\">La directora del Instituto Municipal de las Mujeres, Elvira Urrutia Castro, fue la encargada de presentar a la coordinadora y a sus colaboradores.<\/p>\n\n\n\n<p class=\"wp-block-paragraph\">Por su parte, el secretario Ortiz Orpinel, le dio la bienvenida la coordinadora y al equipo de trabajo.<\/p>\n\n\n\n<p class=\"wp-block-paragraph\">Expres\u00f3 que el alcalde est\u00e1 muy contento porque de nueva cuenta se pone a Ciudad Ju\u00e1rez como principal impulsador de pol\u00edticas p\u00fablicas en beneficio de todos.<\/p>\n\n\n\n<p class=\"wp-block-paragraph\">\u201cEste centro es el \u00fanico en su especie en todo el estado de Chihuahua, ya que no existe uno donde est\u00e9n todos los pueblos y comunidades ind\u00edgenas como est\u00e1n en este centro de manera organizada y donde la toma de decisi\u00f3n se dar\u00e1 por ellos mismos\u201d, se\u00f1al\u00f3 el secretario.<\/p>\n\n\n\n<p class=\"wp-block-paragraph\">\u201cDiana es originaria de Oaxaca, licenciada en Derecho por la Universidad Aut\u00f3noma de Ciudad Ju\u00e1rez, traductora e int\u00e9rprete certificada en lengua chinanteca y perito traductor del Supremo Tribunal de Justicia del Estado de Chihuahua\u201d, mencion\u00f3 Urrutia.<\/p>\n\n\n\n<p class=\"wp-block-paragraph\">Adem\u00e1s, ha trabajado por el acceso a la justicia con pertinencia cultural para comunidades ind\u00edgenas radicadas en Ciudad Ju\u00e1rez, acompa\u00f1ando procesos legales y promoviendo los derechos de las mujeres ind\u00edgenas y la participaci\u00f3n pol\u00edtico-electoral de los pueblos originarios.<\/p>\n\n\n\n<p class=\"wp-block-paragraph\">\u201cHa trabajado en la administraci\u00f3n municipal desde el 2019, por lo que para nosotras en un placer que este como coordinadora del Cempo\u201d, dijo la directora del IMM.<\/p>\n\n\n\n<p class=\"wp-block-paragraph\">\u201cHoy asumo la coordinaci\u00f3n del Centro Municipal de los Pueblos Originarios con un profundo compromiso y responsabilidad, ya que este espacio representa la memoria, la identidad, los derechos de los pueblos originarios y una promesa cumplida\u201d, expres\u00f3 Diana Lozano.<\/p>\n\n\n\n<p class=\"wp-block-paragraph\">Resalt\u00f3 que el objetivo es fortalecer el dialogo, la participaci\u00f3n y el trabajo conjunto con cada pueblo, promoviendo pol\u00edticas p\u00fablicas que respeten su cultura, su cosmovisi\u00f3n y su historia.<\/p>\n\n\n\n<p class=\"wp-block-paragraph\">\u201cQueremos un centro abierto, cercano y activo que acompa\u00f1e las demandas de las comunidades, para que sigan construyendo una sociedad m\u00e1s justa e intercultural diversa\u201d, agreg\u00f3.<\/p>\n\n\n\n<p class=\"wp-block-paragraph\">La coordinadora present\u00f3 a su equipo de trabajo, integrado por Mar\u00eda Rosalinda Guadalajara Reyes, quien estar\u00e1 a cargo de la promoci\u00f3n de interculturalidad; Ver\u00f3nica Palma Cruz, como responsable del tema de deporte intercultural; Isabel Carrillo P\u00e9rez, trabajar\u00e1 en el \u00e1rea de Participaci\u00f3n Ciudadana y Liderazgo Comunitario, as\u00ed como David Maldonado P\u00e9rez, que se encargar\u00e1 de las gestiones sociales y estrategia tur\u00edstica.<\/p>\n\n\n\n<p class=\"wp-block-paragraph\">Por su parte, la regidora Mayra Karina Castillo Tapia dijo que hoy se present\u00f3 formalmente al equipo que integrar\u00e1 al Cempo, recalcando que este Centro representa un paso firme hacia una pol\u00edtica p\u00fablica m\u00e1s incluyente enfocada en reconocer, atender y fortalecer a las comunidades ind\u00edgenas garantizando accesos a servicios acompa\u00f1amiento institucional y espacios de participaci\u00f3n.<\/p>\n\n\n\n<p class=\"wp-block-paragraph\">\u201cAgradezco al presidente municipal, Cruz P\u00e9rez Cu\u00e9llar, por su respaldo y compromiso con el proyecto que prioriza la justicia social y la igualdad de oportunidades para las comunidades ind\u00edgenas\u201d, se\u00f1al\u00f3.<\/p>\n\n\n\n<p class=\"wp-block-paragraph\">Dijo que este equipo que hoy se present\u00f3 asume con responsabilidad la tarea de trabajar de manera cercana profesional y comprometida con los pueblos originarios.<\/p>\n","protected":false},"excerpt":{"rendered":"<p>Ciudad Ju\u00e1rez, Chih.- Diana Laura Lozano Linares, de la etnia chinanteca, fue presentada como la coordinadora del Centro Municipal de los Pueblos Originarios (CEMPO). La directora del Instituto Municipal de las Mujeres, Elvira Urrutia Castro, fue la encargada de presentar a la coordinadora y a sus colaboradores. Por su parte, el secretario Ortiz Orpinel, le [&hellip;]<\/p>\n","protected":false},"author":6,"featured_media":80233,"comment_status":"closed","ping_status":"closed","sticky":false,"template":"","format":"standard","meta":{"_acf_changed":false,"_monsterinsights_skip_tracking":false,"slim_seo":{"title":"Nombran a la coordinadora del Centro Municipal de los Pueblos Originarios - Opini\u00f3n P\u00fablica","description":"Ciudad Ju\u00e1rez, Chih .- Diana Laura Lozano Linares, de la etnia chinanteca, fue presentada como la coordinadora del Centro Municipal de los Pueblos Originarios ("},"footnotes":""},"categories":[41],"tags":[2129,608,1561],"class_list":["post-80230","post","type-post","status-publish","format-standard","has-post-thumbnail","hentry","category-juarez","tag-centro-municipal-de-pueblos-originarios","tag-ciudad-juarez","tag-instituto-municipal-de-las-mujeres"],"acf":[],"_links":{"self":[{"href":"https:\/\/www.opinionpublica.tv\/portada\/wp-json\/wp\/v2\/posts\/80230","targetHints":{"allow":["GET"]}}],"collection":[{"href":"https:\/\/www.opinionpublica.tv\/portada\/wp-json\/wp\/v2\/posts"}],"about":[{"href":"https:\/\/www.opinionpublica.tv\/portada\/wp-json\/wp\/v2\/types\/post"}],"author":[{"embeddable":true,"href":"https:\/\/www.opinionpublica.tv\/portada\/wp-json\/wp\/v2\/users\/6"}],"replies":[{"embeddable":true,"href":"https:\/\/www.opinionpublica.tv\/portada\/wp-json\/wp\/v2\/comments?post=80230"}],"version-history":[{"count":2,"href":"https:\/\/www.opinionpublica.tv\/portada\/wp-json\/wp\/v2\/posts\/80230\/revisions"}],"predecessor-version":[{"id":80234,"href":"https:\/\/www.opinionpublica.tv\/portada\/wp-json\/wp\/v2\/posts\/80230\/revisions\/80234"}],"wp:featuredmedia":[{"embeddable":true,"href":"https:\/\/www.opinionpublica.tv\/portada\/wp-json\/wp\/v2\/media\/80233"}],"wp:attachment":[{"href":"https:\/\/www.opinionpublica.tv\/portada\/wp-json\/wp\/v2\/media?parent=80230"}],"wp:term":[{"taxonomy":"category","embeddable":true,"href":"https:\/\/www.opinionpublica.tv\/portada\/wp-json\/wp\/v2\/categories?post=80230"},{"taxonomy":"post_tag","embeddable":true,"href":"https:\/\/www.opinionpublica.tv\/portada\/wp-json\/wp\/v2\/tags?post=80230"}],"curies":[{"name":"wp","href":"https:\/\/api.w.org\/{rel}","templated":true}]}}