{"id":80225,"date":"2026-03-03T00:01:00","date_gmt":"2026-03-03T07:01:00","guid":{"rendered":"https:\/\/www.opinionpublica.tv\/portada\/?p=80225"},"modified":"2026-03-02T20:44:21","modified_gmt":"2026-03-03T03:44:21","slug":"amlo-se-puso-autocritico-en-su-mudanza","status":"publish","type":"post","link":"https:\/\/www.opinionpublica.tv\/portada\/amlo-se-puso-autocritico-en-su-mudanza\/","title":{"rendered":"AMLO se puso autocr\u00edtico en su mudanza"},"content":{"rendered":"\n<h4 class=\"wp-block-heading\">Carlos Loret de Mola<\/h4>\n\n\n\n<p class=\"wp-block-paragraph\">___________________________<\/p>\n\n\n\n<p class=\"wp-block-paragraph\">El l\u00edder empresarial hab\u00eda logrado establecer una relaci\u00f3n personal, \u00edntima, de amigos, con el presidente L\u00f3pez Obrador. No hab\u00eda sido f\u00e1cil: los prejuicios del mandatario con respecto de los hombres de negocios \u2014para \u00e9l, todo aquel que tiene es porque alg\u00fan delito cometi\u00f3\u2014 fue siempre una barrera de entrada a Palacio Nacional.<\/p>\n\n\n\n<p class=\"wp-block-paragraph\">Pero esa barrera se fue derribando conforme grandes empresarios fueron poniendo rodilla en tierra ante el presidente, empezando por el m\u00e1s rico de todos.<\/p>\n\n\n\n<p class=\"wp-block-paragraph\">Andr\u00e9s Manuel invit\u00f3 al l\u00edder empresarial a su departamento de Tlalpan, del que sali\u00f3 cuando gan\u00f3 las elecciones para mudarse a Palacio Nacional. L\u00f3pez Obrador estaba desmantelando la propiedad. Empacando sus cosas porque se iba a vivir a Palenque. El \u00e1nimo, pues, era nost\u00e1lgico, reflexivo, de corte de caja. De pensar y repensar su lugar en la Historia. Eso que le obsesiona tanto.<\/p>\n\n\n\n<p class=\"wp-block-paragraph\">Y ah\u00ed sucedi\u00f3 algo que nunca se hab\u00eda visto en los seis a\u00f1os de ma\u00f1aneras en el gobierno: un L\u00f3pez Obrador autocr\u00edtico. Hablando sobre su sexenio, por momentos parec\u00eda triste y deprimido. Conversando de c\u00f3mo no hab\u00eda logrado pacificar al pa\u00eds, de c\u00f3mo no hab\u00eda terminado o no hab\u00edan funcionado las grandes obras.<\/p>\n\n\n\n<p class=\"wp-block-paragraph\">En su interlocutor, el asombro absoluto. Estaba atestiguando a un AMLO que finalmente aceptaba que el \u201cabrazos no balazos\u201d fue una mala estrategia y que cosas como el Tren Maya, el AIFA, la Megafarmacia no cuajaron, se convirtieron en un tiradero de dinero que dejaron a su sucesora atada de manos \u2014tambi\u00e9n\u2014 presupuestalmente.<\/p>\n\n\n\n<p class=\"wp-block-paragraph\">Al cabo que los dos en esa sala ya estaban en gira del adi\u00f3s. Ah\u00ed queda para el registro.<\/p>\n\n\n\n<p class=\"wp-block-paragraph\">Saciamorbos<\/p>\n\n\n\n<p class=\"wp-block-paragraph\">El \u201cabrazos no balazos\u201d empez\u00f3 a morir el 1 de octubre de 2024, cuando Omar Garc\u00eda Harfuch asumi\u00f3 la Secretar\u00eda de Seguridad federal. Su enfoque para combatir la violencia fue desde un inicio diametralmente opuesto al del expresidente AMLO. Harfuch no lo hab\u00eda escondido cuando fue secretario de Seguridad en la capital del pa\u00eds.<\/p>\n\n\n\n<p class=\"wp-block-paragraph\">Por eso L\u00f3pez Obrador lo ha detestado siempre. Porque le recuerda a Garc\u00eda Luna y a La Guerra de Calder\u00f3n. Hubo resistencias en Morena para el cambio de pol\u00edtica de seguridad. Porque el l\u00edder no acepta contradicciones y porque en muchos estados el \u201cabrazos no balazos\u201d garantiz\u00f3 al partido en el poder un \u00e9xito electoral impulsado por el narco. Esas resistencias se quedaron sin ox\u00edgeno cuando Trump gan\u00f3 las elecciones.<\/p>\n\n\n\n<p class=\"wp-block-paragraph\">El nuevo presidente de Estados Unidos no dej\u00f3 espacio a la duda: era actuar contra los narcos o arriesgarse lo mismo a aranceles que a una intervenci\u00f3n militar del vecino. Trump se volvi\u00f3 el mejor aliado de la extinci\u00f3n del \u201cabrazos no balazos\u201d.<\/p>\n\n\n\n<p class=\"wp-block-paragraph\">Su certificado de defunci\u00f3n se expidi\u00f3 el domingo 22 de febrero de 2026. Ese d\u00eda termin\u00f3 de confirmarse que lo que tenemos hoy bien podr\u00eda llamarse La Guerra de Claudia Sheinbaum. Ella no lo puede decir, pero es la realidad. Y a ver c\u00f3mo se pone.<\/p>\n","protected":false},"excerpt":{"rendered":"<p>Carlos Loret de Mola ___________________________ El l\u00edder empresarial hab\u00eda logrado establecer una relaci\u00f3n personal, \u00edntima, de amigos, con el presidente L\u00f3pez Obrador. No hab\u00eda sido f\u00e1cil: los prejuicios del mandatario con respecto de los hombres de negocios \u2014para \u00e9l, todo aquel que tiene es porque alg\u00fan delito cometi\u00f3\u2014 fue siempre una barrera de entrada a [&hellip;]<\/p>\n","protected":false},"author":6,"featured_media":63833,"comment_status":"closed","ping_status":"closed","sticky":false,"template":"","format":"standard","meta":{"_acf_changed":false,"_monsterinsights_skip_tracking":false,"slim_seo":{"title":"AMLO se puso autocr\u00edtico en su mudanza - Opini\u00f3n P\u00fablica","description":"Carlos Loret de Mola ___________________________ El l\u00edder empresarial hab\u00eda logrado establecer una relaci\u00f3n personal, \u00edntima, de amigos, con el presidente L\u00f3pez"},"footnotes":""},"categories":[38],"tags":[64,1013],"class_list":["post-80225","post","type-post","status-publish","format-standard","has-post-thumbnail","hentry","category-columna-invitada","tag-amlo","tag-carlos-loret-de-mola"],"acf":[],"_links":{"self":[{"href":"https:\/\/www.opinionpublica.tv\/portada\/wp-json\/wp\/v2\/posts\/80225","targetHints":{"allow":["GET"]}}],"collection":[{"href":"https:\/\/www.opinionpublica.tv\/portada\/wp-json\/wp\/v2\/posts"}],"about":[{"href":"https:\/\/www.opinionpublica.tv\/portada\/wp-json\/wp\/v2\/types\/post"}],"author":[{"embeddable":true,"href":"https:\/\/www.opinionpublica.tv\/portada\/wp-json\/wp\/v2\/users\/6"}],"replies":[{"embeddable":true,"href":"https:\/\/www.opinionpublica.tv\/portada\/wp-json\/wp\/v2\/comments?post=80225"}],"version-history":[{"count":3,"href":"https:\/\/www.opinionpublica.tv\/portada\/wp-json\/wp\/v2\/posts\/80225\/revisions"}],"predecessor-version":[{"id":80229,"href":"https:\/\/www.opinionpublica.tv\/portada\/wp-json\/wp\/v2\/posts\/80225\/revisions\/80229"}],"wp:featuredmedia":[{"embeddable":true,"href":"https:\/\/www.opinionpublica.tv\/portada\/wp-json\/wp\/v2\/media\/63833"}],"wp:attachment":[{"href":"https:\/\/www.opinionpublica.tv\/portada\/wp-json\/wp\/v2\/media?parent=80225"}],"wp:term":[{"taxonomy":"category","embeddable":true,"href":"https:\/\/www.opinionpublica.tv\/portada\/wp-json\/wp\/v2\/categories?post=80225"},{"taxonomy":"post_tag","embeddable":true,"href":"https:\/\/www.opinionpublica.tv\/portada\/wp-json\/wp\/v2\/tags?post=80225"}],"curies":[{"name":"wp","href":"https:\/\/api.w.org\/{rel}","templated":true}]}}