{"id":80203,"date":"2026-03-03T00:01:00","date_gmt":"2026-03-03T07:01:00","guid":{"rendered":"https:\/\/www.opinionpublica.tv\/portada\/?p=80203"},"modified":"2026-03-02T18:30:05","modified_gmt":"2026-03-03T01:30:05","slug":"motorola-lanza-una-coleccion-enfocada-en-la-copa-mundial-de-futbol-2026","status":"publish","type":"post","link":"https:\/\/www.opinionpublica.tv\/portada\/motorola-lanza-una-coleccion-enfocada-en-la-copa-mundial-de-futbol-2026\/","title":{"rendered":"Motorola lanza una colecci\u00f3n especial enfocada en la Copa Mundial de F\u00fatbol 2026"},"content":{"rendered":"\n<figure class=\"wp-block-image size-large\"><img fetchpriority=\"high\" decoding=\"async\" width=\"1024\" height=\"634\" src=\"https:\/\/www.opinionpublica.tv\/portada\/wp-content\/uploads\/2026\/03\/Motorola-lanza-una-coleccion-especial-enfocada-en-la-Copa-Mundial-de-Futbol-2026-1024x634.avif\" alt=\"Motorola lanza una coleccio\u0301n especial enfocada en la copa mundial de fu\u0301tbol 2026\" class=\"wp-image-80206\" srcset=\"https:\/\/www.opinionpublica.tv\/portada\/wp-content\/uploads\/2026\/03\/Motorola-lanza-una-coleccion-especial-enfocada-en-la-Copa-Mundial-de-Futbol-2026-1024x634.avif 1024w, https:\/\/www.opinionpublica.tv\/portada\/wp-content\/uploads\/2026\/03\/Motorola-lanza-una-coleccion-especial-enfocada-en-la-Copa-Mundial-de-Futbol-2026-300x186.avif 300w, https:\/\/www.opinionpublica.tv\/portada\/wp-content\/uploads\/2026\/03\/Motorola-lanza-una-coleccion-especial-enfocada-en-la-Copa-Mundial-de-Futbol-2026-768x475.avif 768w, https:\/\/www.opinionpublica.tv\/portada\/wp-content\/uploads\/2026\/03\/Motorola-lanza-una-coleccion-especial-enfocada-en-la-Copa-Mundial-de-Futbol-2026.avif 1076w\" sizes=\"(max-width: 1024px) 100vw, 1024px\" \/><\/figure>\n\n\n\n<p class=\"wp-block-paragraph\">La pasi\u00f3n por el futbol ya se siente en los smartphones. Motorola anunci\u00f3 la Colecci\u00f3n FIFA World Cup 2026, una l\u00ednea especial de dispositivos que combinan dise\u00f1o, tecnolog\u00eda de \u00faltima generaci\u00f3n y cultura futbolera.<\/p>\n\n\n\n<p class=\"wp-block-paragraph\">\u201cEste a\u00f1o va a ser muy especial, sobre todo para Am\u00e9rica Latina, con la pasi\u00f3n que nos identifica a todos nosotros por el f\u00fatbol. Durante el 2026 vamos a continuar y a expandir nuestra colaboraci\u00f3n con FIFA siendo el socio oficial de smartphones de la Copa Mundial\u201d, expres\u00f3 Rub\u00e9n Castano, vicepresidente de dise\u00f1o y experiencia al cliente de la compa\u00f1\u00eda.<\/p>\n\n\n\n<p class=\"wp-block-paragraph\">La colecci\u00f3n incorpora nuevos integrantes a la serie Collections by Motorola: el razr fold y el Motorola edge 70 fusion. Todos comparten un rasgo distintivo: detalles ba\u00f1ados en oro de 24 quilates y el logotipo oficial del torneo como elemento central de dise\u00f1o.<\/p>\n\n\n\n<p class=\"wp-block-paragraph\">Un tel\u00e9fono plegable que celebra el futbol<\/p>\n\n\n\n<p class=\"wp-block-paragraph\">El razr fold lleva la inspiraci\u00f3n mundialista al formato plegable. Su cubierta posterior muestra un patr\u00f3n de puntos en relieve que remite a las texturas del juego y mejora el agarre, y al centro destaca el logotipo oficial de la Copa Mundial 2026. Lo que Motorola busca es que sea un objeto conmemorativo para los aficionados.<\/p>\n\n\n\n<p class=\"wp-block-paragraph\">El equipo ofrece una pantalla externa de 6.6 pulgadas para consultas r\u00e1pidas de notificaciones o redes sociales, y al desplegarse alcanza las 8.1 pulgadas con resoluci\u00f3n 2K LTPO, es decir, con alta resoluci\u00f3n de imagen y tecnolog\u00eda avanzada que permite ahorrar bater\u00eda, ideal para seguir el torneo en movimiento y ver repeticiones de los juegos.<\/p>\n\n\n\n<p class=\"wp-block-paragraph\">Incluye un sistema de triple c\u00e1mara de 50 megap\u00edxeles, impulsado por un sensor Sony LYTIA, adem\u00e1s de grabaci\u00f3n en Dolby Vision, estabilizaci\u00f3n avanzada, una de las bater\u00edas m\u00e1s grandes en su categor\u00eda y compatibilidad con moto pen ultra.<\/p>\n\n\n\n<p class=\"wp-block-paragraph\">Motorola apuesta por un smartphone con identidad mundialista<\/p>\n\n\n\n<p class=\"wp-block-paragraph\">La colecci\u00f3n tambi\u00e9n suma el motorola edge 70 fusion en edici\u00f3n especial. Este modelo retoma su dise\u00f1o ligero, pero a\u00f1ade una cubierta posterior con acabado inspirado en cuero que evoca la textura de un bal\u00f3n y los distintivos de la Copa Mundial.<\/p>\n\n\n\n<p class=\"wp-block-paragraph\">En desempe\u00f1o, integra el primer sensor Sony LYTIA 710 en un smartphone y cuenta con certificaci\u00f3n de color validado por Pantone, lo que se traduce en im\u00e1genes fluidas y colores m\u00e1s precisos para fotos y videos.<\/p>\n\n\n\n<p class=\"wp-block-paragraph\">En el interior, el procesador Snapdragon 7s Gen 3 gestiona m\u00faltiples tareas y funciones impulsadas por inteligencia artificial que optimizan el uso diario. Adem\u00e1s de resistencia mejorada y un rendimiento pensado tanto para fans del futbol como para la rutina cotidiana.<\/p>\n\n\n\n<p class=\"wp-block-paragraph\">La experiencia se completa con contenido tem\u00e1tico, como fondos de pantalla exclusivos del torneo, tonos con la melod\u00eda oficial y marcas de agua personalizadas en la c\u00e1mara.<\/p>\n\n\n\n<p class=\"wp-block-paragraph\">\u201cEstamos hablando del deporte m\u00e1s popular del mundo y queremos que m\u00e1s personas tengan acceso a esta exclusiva colecci\u00f3n y vivan la pasi\u00f3n por este evento mundial\u201d, afirm\u00f3 Castano.<\/p>\n\n\n\n<p class=\"wp-block-paragraph\"><em>Con informaci\u00f3n de El Universal<\/em>.<\/p>\n","protected":false},"excerpt":{"rendered":"<p>La pasi\u00f3n por el futbol ya se siente en los smartphones. Motorola anunci\u00f3 la Colecci\u00f3n FIFA World Cup 2026, una l\u00ednea especial de dispositivos que combinan dise\u00f1o, tecnolog\u00eda de \u00faltima generaci\u00f3n y cultura futbolera. \u201cEste a\u00f1o va a ser muy especial, sobre todo para Am\u00e9rica Latina, con la pasi\u00f3n que nos identifica a todos nosotros [&hellip;]<\/p>\n","protected":false},"author":6,"featured_media":80206,"comment_status":"closed","ping_status":"closed","sticky":false,"template":"","format":"standard","meta":{"_acf_changed":false,"_monsterinsights_skip_tracking":false,"slim_seo":{"title":"Motorola lanza una colecci\u00f3n especial enfocada en la Copa Mundial de F\u00fatbol 2026 - Opini\u00f3n P\u00fablica","description":"La pasi\u00f3n por el futbol ya se siente en los smartphones. Motorola anunci\u00f3 la Colecci\u00f3n FIFA World Cup 2026, una l\u00ednea especial de dispositivos que combinan dise"},"footnotes":""},"categories":[22],"tags":[771,624],"class_list":["post-80203","post","type-post","status-publish","format-standard","has-post-thumbnail","hentry","category-ciencia-y-tecnologia","tag-motorola","tag-mundial-de-futbol-2026"],"acf":[],"_links":{"self":[{"href":"https:\/\/www.opinionpublica.tv\/portada\/wp-json\/wp\/v2\/posts\/80203","targetHints":{"allow":["GET"]}}],"collection":[{"href":"https:\/\/www.opinionpublica.tv\/portada\/wp-json\/wp\/v2\/posts"}],"about":[{"href":"https:\/\/www.opinionpublica.tv\/portada\/wp-json\/wp\/v2\/types\/post"}],"author":[{"embeddable":true,"href":"https:\/\/www.opinionpublica.tv\/portada\/wp-json\/wp\/v2\/users\/6"}],"replies":[{"embeddable":true,"href":"https:\/\/www.opinionpublica.tv\/portada\/wp-json\/wp\/v2\/comments?post=80203"}],"version-history":[{"count":2,"href":"https:\/\/www.opinionpublica.tv\/portada\/wp-json\/wp\/v2\/posts\/80203\/revisions"}],"predecessor-version":[{"id":80207,"href":"https:\/\/www.opinionpublica.tv\/portada\/wp-json\/wp\/v2\/posts\/80203\/revisions\/80207"}],"wp:featuredmedia":[{"embeddable":true,"href":"https:\/\/www.opinionpublica.tv\/portada\/wp-json\/wp\/v2\/media\/80206"}],"wp:attachment":[{"href":"https:\/\/www.opinionpublica.tv\/portada\/wp-json\/wp\/v2\/media?parent=80203"}],"wp:term":[{"taxonomy":"category","embeddable":true,"href":"https:\/\/www.opinionpublica.tv\/portada\/wp-json\/wp\/v2\/categories?post=80203"},{"taxonomy":"post_tag","embeddable":true,"href":"https:\/\/www.opinionpublica.tv\/portada\/wp-json\/wp\/v2\/tags?post=80203"}],"curies":[{"name":"wp","href":"https:\/\/api.w.org\/{rel}","templated":true}]}}