{"id":79821,"date":"2026-02-26T00:01:00","date_gmt":"2026-02-26T07:01:00","guid":{"rendered":"https:\/\/www.opinionpublica.tv\/portada\/?p=79821"},"modified":"2026-02-25T18:14:10","modified_gmt":"2026-02-26T01:14:10","slug":"video-la-psicologia-de-las-personas-que-aman-quedarse-en-casa","status":"publish","type":"post","link":"https:\/\/www.opinionpublica.tv\/portada\/video-la-psicologia-de-las-personas-que-aman-quedarse-en-casa\/","title":{"rendered":"Video: La psicolog\u00eda de las personas que aman quedarse en casa"},"content":{"rendered":"\n<figure class=\"wp-block-embed is-type-video is-provider-youtube wp-block-embed-youtube wp-embed-aspect-16-9 wp-has-aspect-ratio\"><div class=\"wp-block-embed__wrapper\">\n<iframe title=\"La psicolog\u00eda de las personas que aman quedarse en casa\" width=\"800\" height=\"450\" src=\"https:\/\/www.youtube.com\/embed\/PkpmV10k8d4?feature=oembed\" frameborder=\"0\" allow=\"accelerometer; autoplay; clipboard-write; encrypted-media; gyroscope; picture-in-picture; web-share\" referrerpolicy=\"strict-origin-when-cross-origin\" allowfullscreen><\/iframe>\n<\/div><\/figure>\n\n\n\n<p class=\"wp-block-paragraph\">Descubre por qu\u00e9 algunas personas encuentran su mayor felicidad entre las paredes de su hogar. Este video explora la psicolog\u00eda detr\u00e1s de quienes aman quedarse en casa, desmitificando la idea de que son antisociales o solitarios.<\/p>\n\n\n\n<p class=\"wp-block-paragraph\">Este video analiza tambi\u00e9n los rasgos de personalidad de los \u00abhomebodies\u00bb, los beneficios mentales del tiempo en soledad, y por qu\u00e9 recargar energ\u00edas en casa es completamente saludable.<a href=\"https:\/\/www.youtube.com\/@eresinteligente2\"><\/a><\/p>\n","protected":false},"excerpt":{"rendered":"<p>Descubre por qu\u00e9 algunas personas encuentran su mayor felicidad entre las paredes de su hogar. Este video explora la psicolog\u00eda detr\u00e1s de quienes aman quedarse en casa, desmitificando la idea de que son antisociales o solitarios. Este video analiza tambi\u00e9n los rasgos de personalidad de los \u00abhomebodies\u00bb, los beneficios mentales del tiempo en soledad, y [&hellip;]<\/p>\n","protected":false},"author":6,"featured_media":79823,"comment_status":"closed","ping_status":"closed","sticky":false,"template":"","format":"standard","meta":{"_acf_changed":false,"_monsterinsights_skip_tracking":false,"slim_seo":{"title":"Video: La psicolog\u00eda de las personas que aman quedarse en casa - Opini\u00f3n P\u00fablica","description":"https:\/\/youtu.be\/PkpmV10k8d4?si=WBdbRS1dKmQEZEe3 Descubre por qu\u00e9 algunas personas encuentran su mayor felicidad entre las paredes de su hogar. Este video explo"},"footnotes":""},"categories":[13,2,8],"tags":[2500,2499],"class_list":["post-79821","post","type-post","status-publish","format-standard","has-post-thumbnail","hentry","category-videos-destacados-contenido","category-videos-destacados","category-videos","tag-personas-que-aman-quedarse-en-casa","tag-psicologia"],"acf":[],"_links":{"self":[{"href":"https:\/\/www.opinionpublica.tv\/portada\/wp-json\/wp\/v2\/posts\/79821","targetHints":{"allow":["GET"]}}],"collection":[{"href":"https:\/\/www.opinionpublica.tv\/portada\/wp-json\/wp\/v2\/posts"}],"about":[{"href":"https:\/\/www.opinionpublica.tv\/portada\/wp-json\/wp\/v2\/types\/post"}],"author":[{"embeddable":true,"href":"https:\/\/www.opinionpublica.tv\/portada\/wp-json\/wp\/v2\/users\/6"}],"replies":[{"embeddable":true,"href":"https:\/\/www.opinionpublica.tv\/portada\/wp-json\/wp\/v2\/comments?post=79821"}],"version-history":[{"count":1,"href":"https:\/\/www.opinionpublica.tv\/portada\/wp-json\/wp\/v2\/posts\/79821\/revisions"}],"predecessor-version":[{"id":79822,"href":"https:\/\/www.opinionpublica.tv\/portada\/wp-json\/wp\/v2\/posts\/79821\/revisions\/79822"}],"wp:featuredmedia":[{"embeddable":true,"href":"https:\/\/www.opinionpublica.tv\/portada\/wp-json\/wp\/v2\/media\/79823"}],"wp:attachment":[{"href":"https:\/\/www.opinionpublica.tv\/portada\/wp-json\/wp\/v2\/media?parent=79821"}],"wp:term":[{"taxonomy":"category","embeddable":true,"href":"https:\/\/www.opinionpublica.tv\/portada\/wp-json\/wp\/v2\/categories?post=79821"},{"taxonomy":"post_tag","embeddable":true,"href":"https:\/\/www.opinionpublica.tv\/portada\/wp-json\/wp\/v2\/tags?post=79821"}],"curies":[{"name":"wp","href":"https:\/\/api.w.org\/{rel}","templated":true}]}}