{"id":79603,"date":"2026-02-23T00:01:00","date_gmt":"2026-02-23T07:01:00","guid":{"rendered":"https:\/\/www.opinionpublica.tv\/portada\/?p=79603"},"modified":"2026-02-22T17:51:00","modified_gmt":"2026-02-23T00:51:00","slug":"exportaciones-record","status":"publish","type":"post","link":"https:\/\/www.opinionpublica.tv\/portada\/exportaciones-record\/","title":{"rendered":"Exportaciones r\u00e9cord"},"content":{"rendered":"\n<h4 class=\"wp-block-heading\">Ra\u00fal Ruiz<\/h4>\n\n\n\n<p class=\"wp-block-paragraph\">___________________________<\/p>\n\n\n\n<p class=\"wp-block-paragraph\">Buenas noticias en el sector empresarial.<\/p>\n\n\n\n<p class=\"wp-block-paragraph\">Esta semana el INEGI cerr\u00f3 con el reporte de exportaciones, en el que nos dice que en 2025 la aduana de Ju\u00e1rez cerr\u00f3 con un r\u00e9cord de exportaciones carreteras.<\/p>\n\n\n\n<p class=\"wp-block-paragraph\">La informaci\u00f3n que le traigo, son n\u00fameros que nos proporciona, Marcelo V\u00e1zquez Tovar, delegado regional de ANIERM. (Asociaci\u00f3n Nacional de Importadores y Exportadores de la Rep\u00fablica Mexicana).<\/p>\n\n\n\n<p class=\"wp-block-paragraph\">Marcelo nos dice que a pesar de la crisis maquiladora y de los aranceles, Ju\u00e1rez aument\u00f3 sus env\u00edos por carretera en casi 50% en el 2025.<\/p>\n\n\n\n<p class=\"wp-block-paragraph\">Comenta que a pesar de la crisis de empleo en la vida maquiladora, en ese a\u00f1o las exportaciones que cruzaron por los cuatro cruces fronterizos de esta ciudad ascendieron a 113,121.9 millones de d\u00f3lares, es una cifra hist\u00f3rica.<\/p>\n\n\n\n<p class=\"wp-block-paragraph\">Esa cifra es un 45% m\u00e1s que los 77,813.8 millones de d\u00f3lares que se exportaron en todo el 2024.<\/p>\n\n\n\n<p class=\"wp-block-paragraph\">\u00bfQu\u00e9 hizo detonar la exportaci\u00f3n as\u00ed, y por qu\u00e9 est\u00e1n creciendo tanto las exportaciones a pesar de la crisis de empleo maquilador?<\/p>\n\n\n\n<p class=\"wp-block-paragraph\">El especialista nos dice:<\/p>\n\n\n\n<p class=\"wp-block-paragraph\">\u00abPor un lado hay mucha automatizaci\u00f3n, y por otro lado los bienes exportados necesitan menos mano de obra.<\/p>\n\n\n\n<p class=\"wp-block-paragraph\">La electr\u00f3nica que estamos exportando se hace cada vez m\u00e1s automatizada y es de alto valor, por eso se dispararon las exportaciones.<\/p>\n\n\n\n<p class=\"wp-block-paragraph\">Y las operaciones que son m\u00e1s manuales, son las que est\u00e1n dejando de crecer en Ju\u00e1rez para crecer en otros lados.\u00bb<\/p>\n\n\n\n<p class=\"wp-block-paragraph\">Y a\u00f1ade:<\/p>\n\n\n\n<p class=\"wp-block-paragraph\">\u00abIA y autos el\u00e9ctricos impulsan exportaciones de Ju\u00e1rez a r\u00e9cord hist\u00f3rico\u201d.<\/p>\n\n\n\n<p class=\"wp-block-paragraph\">C\u00f3mo informaci\u00f3n alterna, sabemos que:<\/p>\n\n\n\n<p class=\"wp-block-paragraph\">Las exportaciones de Ju\u00e1rez fueron impulsadas por las m\u00e1quinas y unidades de procesamiento de datos, los instrumentos y aparatos utilizados en las ciencias M\u00e9dicas y los Alambres y cables electr\u00f3nicos.<\/p>\n\n\n\n<p class=\"wp-block-paragraph\">Estos tres sectores han venido creciendo a un ritmo muy acelerado, sobre todo las m\u00e1quinas para el procesamiento de datos, que subi\u00f3 de 22 mil millones de d\u00f3lares a m\u00e1s de 47 mil millones de d\u00f3lares.<\/p>\n\n\n\n<p class=\"wp-block-paragraph\">Seg\u00fan informes de expertos, esto obedece en gran parte a la gran demanda adicional de servidores y equipo que est\u00e1 demandando la inteligencia artificial.<\/p>\n\n\n\n<p class=\"wp-block-paragraph\">Estos mismos medios especializados nos dicen que la demanda de cables para autos el\u00e9ctricos es lo que m\u00e1s est\u00e1 aumentando y eso tuvo un impacto en las exportaciones de Ju\u00e1rez.<\/p>\n\n\n\n<p class=\"wp-block-paragraph\">Marcelo en cada rueda de prensa a la que convoca, insiste en que se necesita reconvertir el esquema educativo de Ju\u00e1rez, porque ya no se va a necesitar mano de obra b\u00e1sica, sino mente de obra bien tecnificada y capacitada.<\/p>\n\n\n\n<p class=\"wp-block-paragraph\">Vamos a ver c\u00f3mo se desarrolla este tema durante lo que resta del mes y podremos entonces advertir una tendencia.<\/p>\n\n\n\n<p class=\"wp-block-paragraph\">Por lo pronto el tema obligado es el operativo del ej\u00e9rcito mexicano donde es abatido El Mencho, el criminal m\u00e1s buscado. L\u00edder del cartel Jalisco Nueva Generaci\u00f3n.<\/p>\n\n\n\n<p class=\"wp-block-paragraph\">Autoridades mexicanas confirmaron que la localizaci\u00f3n y captura de Nemesio Oseguera Cervantes cont\u00f3 con cooperaci\u00f3n e intercambio de inteligencia con agencias de Estados Unidos, integrada a los trabajos del Centro Nacional de Inteligencia y la Fiscal\u00eda.<\/p>\n\n\n\n<p class=\"wp-block-paragraph\">El enfrentamiento ocurri\u00f3 en Tapalpa, Jalisco, con participaci\u00f3n de Fuerzas Especiales del Ej\u00e9rcito, Fuerza A\u00e9rea y Guardia Nacional.<\/p>\n\n\n\n<p class=\"wp-block-paragraph\">El grupo armado respondi\u00f3 con armamento de alto poder; en el sitio fueron asegurados veh\u00edculos blindados y lanzacohetes.<\/p>\n\n\n\n<p class=\"wp-block-paragraph\">Las reacciones por el incidente han sido violencia extrema. Incendios, bloqueos, balaceras. Un avi\u00f3n incendiado en el aeropuerto de Guadalajara.<\/p>\n\n\n\n<p class=\"wp-block-paragraph\">Al menos diez estados de la Rep\u00fablica est\u00e1n en alerta roja.<\/p>\n\n\n\n<p class=\"wp-block-paragraph\">Al parecer, la presidenta Sheinbaum en su car\u00e1cter de comandanta suprema de las fuerzas armadas de M\u00e9xico, se faja los pantalones y enfrenta el primer operativo de gran calado contra el narco imperio mexicano.<\/p>\n","protected":false},"excerpt":{"rendered":"<p>Ra\u00fal Ruiz ___________________________ Buenas noticias en el sector empresarial. Esta semana el INEGI cerr\u00f3 con el reporte de exportaciones, en el que nos dice que en 2025 la aduana de Ju\u00e1rez cerr\u00f3 con un r\u00e9cord de exportaciones carreteras. La informaci\u00f3n que le traigo, son n\u00fameros que nos proporciona, Marcelo V\u00e1zquez Tovar, delegado regional de ANIERM. [&hellip;]<\/p>\n","protected":false},"author":6,"featured_media":43347,"comment_status":"closed","ping_status":"closed","sticky":false,"template":"","format":"standard","meta":{"_acf_changed":false,"_monsterinsights_skip_tracking":false,"slim_seo":{"title":"Exportaciones r\u00e9cord - Opini\u00f3n P\u00fablica","description":"Ra\u00fal Ruiz ___________________________ Buenas noticias en el sector empresarial. Esta semana el INEGI cerr\u00f3 con el reporte de exportaciones, en el que nos dice q"},"footnotes":""},"categories":[21],"tags":[593,789],"class_list":["post-79603","post","type-post","status-publish","format-standard","has-post-thumbnail","hentry","category-cartapacio","tag-cartapacio","tag-raul-ruiz"],"acf":[],"_links":{"self":[{"href":"https:\/\/www.opinionpublica.tv\/portada\/wp-json\/wp\/v2\/posts\/79603","targetHints":{"allow":["GET"]}}],"collection":[{"href":"https:\/\/www.opinionpublica.tv\/portada\/wp-json\/wp\/v2\/posts"}],"about":[{"href":"https:\/\/www.opinionpublica.tv\/portada\/wp-json\/wp\/v2\/types\/post"}],"author":[{"embeddable":true,"href":"https:\/\/www.opinionpublica.tv\/portada\/wp-json\/wp\/v2\/users\/6"}],"replies":[{"embeddable":true,"href":"https:\/\/www.opinionpublica.tv\/portada\/wp-json\/wp\/v2\/comments?post=79603"}],"version-history":[{"count":2,"href":"https:\/\/www.opinionpublica.tv\/portada\/wp-json\/wp\/v2\/posts\/79603\/revisions"}],"predecessor-version":[{"id":79605,"href":"https:\/\/www.opinionpublica.tv\/portada\/wp-json\/wp\/v2\/posts\/79603\/revisions\/79605"}],"wp:featuredmedia":[{"embeddable":true,"href":"https:\/\/www.opinionpublica.tv\/portada\/wp-json\/wp\/v2\/media\/43347"}],"wp:attachment":[{"href":"https:\/\/www.opinionpublica.tv\/portada\/wp-json\/wp\/v2\/media?parent=79603"}],"wp:term":[{"taxonomy":"category","embeddable":true,"href":"https:\/\/www.opinionpublica.tv\/portada\/wp-json\/wp\/v2\/categories?post=79603"},{"taxonomy":"post_tag","embeddable":true,"href":"https:\/\/www.opinionpublica.tv\/portada\/wp-json\/wp\/v2\/tags?post=79603"}],"curies":[{"name":"wp","href":"https:\/\/api.w.org\/{rel}","templated":true}]}}