{"id":79216,"date":"2026-02-18T07:14:54","date_gmt":"2026-02-18T14:14:54","guid":{"rendered":"https:\/\/www.opinionpublica.tv\/portada\/?p=79216"},"modified":"2026-02-18T07:15:32","modified_gmt":"2026-02-18T14:15:32","slug":"pulsaciones-en-la-mesa","status":"publish","type":"post","link":"https:\/\/www.opinionpublica.tv\/portada\/pulsaciones-en-la-mesa\/","title":{"rendered":"Pulsaciones en la mesa"},"content":{"rendered":"\n<h4 class=\"wp-block-heading\">Ra\u00fal Ruiz<\/h4>\n\n\n\n<p>___________________________<\/p>\n\n\n\n<p>Como vosotros sab\u00e9is, a diario nos juntamos en el caf\u00e9 varios viejos&#8230; amigos, al filo del mediod\u00eda para conversar sobre el tema pol\u00edtico del momento.<\/p>\n\n\n\n<p>Un tiempo se conoci\u00f3 como la mesa de los corresponsales, pero ahora como el deporte principal es la especulaci\u00f3n, al c\u00famulo de participantes se nos conoce coloquialmente como LOS ESPECULEROS.<\/p>\n\n\n\n<p>Conforme avanza el tiempo rumbo a las elecciones del 27 por la gubernatura de Chihuahua, las fichas se van acomodando por s\u00ed mismas mientras, el conversatorio del caf\u00e9 califica y descalifica a los aspirantes.<\/p>\n\n\n\n<p>A estas alturas del partido, la bruma se va diluyendo y los personajes centrales van quedando visibles con cierta claridad.<\/p>\n\n\n\n<p>Por el equipo azul todo parece indicar que ser\u00e1 Marco Bonilla el candidato a la gubernatura, con las reservas de \u00faltima hora.<\/p>\n\n\n\n<p>Hoy no nos ocuparemos de estos amigos.<\/p>\n\n\n\n<p>Sino de los semi finalistas de Morena.<\/p>\n\n\n\n<p>Me refiero a Cruz P\u00e9rez Cu\u00e9llar y Andrea Ch\u00e1vez Trevi\u00f1o.<\/p>\n\n\n\n<p>El primero, alcalde de Ciudad Ju\u00e1rez, en su segundo mandato; y la segunda, senadora de la Rep\u00fablica y ex diputada federal.<\/p>\n\n\n\n<p>La mesa de las especulaciones \u00abtrabaj\u00f3\u00bb por varios d\u00edas el tema de: \u00bfQUIEN DE LOS DOS SER\u00c1 EL CANDIDATO O CANDIDATA POR MORENA?<\/p>\n\n\n\n<p>Para dos de los analistas ser\u00e1 Andrea, porque representa para los chihuahuenses el relevo generacional.<\/p>\n\n\n\n<p>Pero alguien objeta&#8230;<\/p>\n\n\n\n<p>Perfecto, vayamos al relevo generacional en la pol\u00edtica, que es un tema fascinante porque no se trata s\u00f3lo de edades, sino de c\u00f3mo se renuevan las l\u00f3gicas del poder.<\/p>\n\n\n\n<p>\u00bfQu\u00e9 significa en pol\u00edtica?<\/p>\n\n\n\n<p>&#8211; Renovaci\u00f3n de liderazgos:<\/p>\n\n\n\n<p>&#8211; Implica que nuevas generaciones accedan a posiciones de decisi\u00f3n, desplazando a quienes han dominado la escena durante d\u00e9cadas.<\/p>\n\n\n\n<p>&#8211; Cambio de paradigmas:<\/p>\n\n\n\n<p>No basta con que los j\u00f3venes ocupen cargos; lo crucial es que traigan nuevas formas de entender la pol\u00edtica, menos jer\u00e1rquicas y m\u00e1s horizontales. M\u00e1s din\u00e1micas, pero con s\u00f3lidos contenidos.<\/p>\n\n\n\n<p>&#8211; Legitimidad democr\u00e1tica:<\/p>\n\n\n\n<p>El relevo es necesario para que la ciudadan\u00eda perciba que el sistema pol\u00edtico se adapta a sus tiempos y no se fosiliza en viejas pr\u00e1cticas.<\/p>\n\n\n\n<p>Otro de los analistas se\u00f1ala que el problema no es la edad, sino la l\u00f3gica del poder: mientras se mantenga un esquema de control y lealtades, el relevo generacional ser\u00e1 m\u00e1s narrativo que real.<\/p>\n\n\n\n<p>Tensiones principales<\/p>\n\n\n\n<p>&#8211; Juventud vs experiencia: se suele plantear como choque, pero en realidad el dilema es si los j\u00f3venes pueden transformar las estructuras sin quedar atrapados en ellas.<\/p>\n\n\n\n<p>Un tercero, comenta&#8230;<\/p>\n\n\n\n<p>El relevo generacional en pol\u00edtica es m\u00e1s que un cambio de caras: es un desaf\u00edo de transformar las reglas del juego.<\/p>\n\n\n\n<p>\u00a1Me quedo con la experiencia!<\/p>\n\n\n\n<p>Yo intervine:<\/p>\n\n\n\n<p>No se me desbalaguen, pregunt\u00e9monos \u00bfqu\u00e9 se requiere para gobernar? Y segunda pregunta: \u00bfcu\u00e1l de los dos ofrece profesionalismo y certeza de gobierno?<\/p>\n\n\n\n<p>Las ideas fueron cayendo como tablones.<\/p>\n\n\n\n<p>Para gobernar, adem\u00e1s de las cualidades de comunicaci\u00f3n, negociaci\u00f3n, conciliaci\u00f3n, liderazgo, carisma, astucia, conexi\u00f3n con el micro poder y un gabinete s\u00f3lido, un individuo necesita otros elementos que suelen ser menos visibles pero igual de determinantes:<\/p>\n\n\n\n<p>Por ejemplo:<\/p>\n\n\n\n<p>&#8211; Legitimidad: No basta con ocupar el cargo; se requiere reconocimiento social y pol\u00edtico de que se tiene capacidad y derecho a ejercerlo.<\/p>\n\n\n\n<p>Esto se construye con elecciones limpias, transparencia y coherencia entre discurso y acci\u00f3n. Evitar al m\u00e1ximo la confrontaci\u00f3n.<\/p>\n\n\n\n<p>&#8211; Visi\u00f3n estrat\u00e9gica: Capacidad de imaginar un horizonte de pa\u00eds o ciudad, m\u00e1s all\u00e1 de la coyuntura inmediata.<\/p>\n\n\n\n<p>Gobernar sin visi\u00f3n es administrar la rutina.<\/p>\n\n\n\n<p>&#8211; Capacidad t\u00e9cnica: Conocimiento de econom\u00eda, derecho, administraci\u00f3n p\u00fablica y relaciones internacionales&#8230; Y de pol\u00edtica, obvio.<\/p>\n\n\n\n<p>No se trata de ser experto en todo, sino de entender lo suficiente para tomar decisiones informadas.<\/p>\n\n\n\n<p>&#8211; Sensibilidad social: Escuchar y comprender las necesidades de distintos sectores, especialmente los m\u00e1s vulnerables. Sin empat\u00eda, el poder se convierte en mera imposici\u00f3n.<\/p>\n\n\n\n<p>&#8211; Resiliencia emocional: Gobernar implica enfrentar crisis, ataques y presiones constantes.<\/p>\n\n\n\n<p>La estabilidad emocional es clave para no reaccionar con impulsividad.<\/p>\n\n\n\n<p>&#8211; Credibilidad: La confianza p\u00fablica se sostiene en la percepci\u00f3n de integridad.<\/p>\n\n\n\n<p>&#8211; Capacidad de articulaci\u00f3n: Saber tejer alianzas con actores diversos: sociedad civil, empresarios, sindicatos, medios, organismos internacionales.<\/p>\n\n\n\n<p>&nbsp;El poder aislado se erosiona r\u00e1pido.<\/p>\n\n\n\n<p>&#8211; Gesti\u00f3n de crisis: Prepararse para lo inesperado: desastres naturales, conflictos sociales, emergencias sanitarias. En una palabra&#8230; Est\u00f3mago.<\/p>\n\n\n\n<p>La improvisaci\u00f3n en estos casos puede ser fatal.<\/p>\n\n\n\n<p>&#8211; Narrativa simb\u00f3lica: M\u00e1s all\u00e1 de pol\u00edticas concretas, un gobernante necesita construir relatos que den sentido a la acci\u00f3n colectiva.<\/p>\n\n\n\n<p>Los s\u00edmbolos, rituales y discursos cohesionan.<\/p>\n\n\n\n<p>Gobernar no es solo mandar: es administrar complejidad, dar direcci\u00f3n simb\u00f3lica y mantener cohesi\u00f3n social.<\/p>\n\n\n\n<p>Y finalmente, capacidad para armar un gabinete y el equipo profesional que saca adelante las situaciones cr\u00edticas.<\/p>\n\n\n\n<p>\u00c9stas son extensiones de esa capacidad, pero el n\u00facleo est\u00e1 en la combinaci\u00f3n de visi\u00f3n, legitimidad y \u00e9tica.<\/p>\n\n\n\n<p>\u00bfCon cu\u00e1l te quedas?<\/p>\n\n\n\n<p>Alguien dijo: \u00abyo no me complico tanto la existencia, usar\u00e9 s\u00f3lo la l\u00f3gica&#8230;<\/p>\n\n\n\n<p>Cruz lleva 31 a\u00f1os en el ejercicio p\u00fablico y conoce bien el manejo del gobierno.<\/p>\n\n\n\n<p>Andrea tiene s\u00f3lo 28 a\u00f1os&#8230; Pero de edad\u00bb.<\/p>\n","protected":false},"excerpt":{"rendered":"<p>Ra\u00fal Ruiz ___________________________ Como vosotros sab\u00e9is, a diario nos juntamos en el caf\u00e9 varios viejos&#8230; amigos, al filo del mediod\u00eda para conversar sobre el tema pol\u00edtico del momento. Un tiempo se conoci\u00f3 como la mesa de los corresponsales, pero ahora como el deporte principal es la especulaci\u00f3n, al c\u00famulo de participantes se nos conoce coloquialmente [&hellip;]<\/p>\n","protected":false},"author":6,"featured_media":43347,"comment_status":"closed","ping_status":"closed","sticky":false,"template":"","format":"standard","meta":{"_acf_changed":false,"_monsterinsights_skip_tracking":false,"_monsterinsights_sitenote_active":false,"_monsterinsights_sitenote_note":"","_monsterinsights_sitenote_category":0,"slim_seo":{"title":"Pulsaciones en la mesa - Opini\u00f3n P\u00fablica","description":"Ra\u00fal Ruiz ___________________________ Como vosotros sab\u00e9is, a diario nos juntamos en el caf\u00e9 varios viejos... amigos, al filo del mediod\u00eda para conversar sobre"},"footnotes":""},"categories":[21],"tags":[593,789],"class_list":["post-79216","post","type-post","status-publish","format-standard","has-post-thumbnail","hentry","category-cartapacio","tag-cartapacio","tag-raul-ruiz"],"acf":[],"_links":{"self":[{"href":"https:\/\/www.opinionpublica.tv\/portada\/wp-json\/wp\/v2\/posts\/79216","targetHints":{"allow":["GET"]}}],"collection":[{"href":"https:\/\/www.opinionpublica.tv\/portada\/wp-json\/wp\/v2\/posts"}],"about":[{"href":"https:\/\/www.opinionpublica.tv\/portada\/wp-json\/wp\/v2\/types\/post"}],"author":[{"embeddable":true,"href":"https:\/\/www.opinionpublica.tv\/portada\/wp-json\/wp\/v2\/users\/6"}],"replies":[{"embeddable":true,"href":"https:\/\/www.opinionpublica.tv\/portada\/wp-json\/wp\/v2\/comments?post=79216"}],"version-history":[{"count":4,"href":"https:\/\/www.opinionpublica.tv\/portada\/wp-json\/wp\/v2\/posts\/79216\/revisions"}],"predecessor-version":[{"id":79220,"href":"https:\/\/www.opinionpublica.tv\/portada\/wp-json\/wp\/v2\/posts\/79216\/revisions\/79220"}],"wp:featuredmedia":[{"embeddable":true,"href":"https:\/\/www.opinionpublica.tv\/portada\/wp-json\/wp\/v2\/media\/43347"}],"wp:attachment":[{"href":"https:\/\/www.opinionpublica.tv\/portada\/wp-json\/wp\/v2\/media?parent=79216"}],"wp:term":[{"taxonomy":"category","embeddable":true,"href":"https:\/\/www.opinionpublica.tv\/portada\/wp-json\/wp\/v2\/categories?post=79216"},{"taxonomy":"post_tag","embeddable":true,"href":"https:\/\/www.opinionpublica.tv\/portada\/wp-json\/wp\/v2\/tags?post=79216"}],"curies":[{"name":"wp","href":"https:\/\/api.w.org\/{rel}","templated":true}]}}