{"id":79197,"date":"2026-02-18T00:01:00","date_gmt":"2026-02-18T07:01:00","guid":{"rendered":"https:\/\/www.opinionpublica.tv\/portada\/?p=79197"},"modified":"2026-02-17T19:57:57","modified_gmt":"2026-02-18T02:57:57","slug":"video-rechazo-a-vacunas-una-de-las-causas-del-peor-brote-de-sarampion-en-america-dw","status":"publish","type":"post","link":"https:\/\/www.opinionpublica.tv\/portada\/video-rechazo-a-vacunas-una-de-las-causas-del-peor-brote-de-sarampion-en-america-dw\/","title":{"rendered":"Video: Rechazo a las vacunas entre causas del  peor brote de sarampi\u00f3n en Am\u00e9rica | DW"},"content":{"rendered":"\n<p><a href=\"https:\/\/www.youtube.com\/@dwespanol\"><\/a><\/p>\n\n\n\n<figure class=\"wp-block-embed is-type-video is-provider-youtube wp-block-embed-youtube wp-embed-aspect-16-9 wp-has-aspect-ratio\"><div class=\"wp-block-embed__wrapper\">\n<iframe title=\"El rechazo a las vacunas es una de las causas del peor brote de sarampi\u00f3n en el continente americano\" width=\"800\" height=\"450\" src=\"https:\/\/www.youtube.com\/embed\/AZ7Pel4iOEQ?feature=oembed\" frameborder=\"0\" allow=\"accelerometer; autoplay; clipboard-write; encrypted-media; gyroscope; picture-in-picture; web-share\" referrerpolicy=\"strict-origin-when-cross-origin\" allowfullscreen><\/iframe>\n<\/div><\/figure>\n\n\n\n<p>El brote comenz\u00f3 en febrero de 2025 en Chihuahua, en el norte de M\u00e9xico, y en un contexto de alta movilidad poblacional y bajas coberturas de vacunaci\u00f3n, rechazadas por parte de la poblaci\u00f3n. Las autoridades han puesto en marcha una campa\u00f1a de vacunaci\u00f3n en todo el pa\u00eds.<\/p>\n\n\n\n<p>La Organizaci\u00f3n Panamericana de la Salud ha concedido a M\u00e9xico un plazo de dos meses para frenar la transmisi\u00f3n y evitar la p\u00e9rdida del estatus de pa\u00eds libre de sarampi\u00f3n, como ya ocurri\u00f3 a otros pa\u00edses como Espa\u00f1a y Canad\u00e1.<\/p>\n\n\n\n<p><em>Cr\u00e9ditos: DW en espa\u00f1ol<\/em>.<\/p>\n","protected":false},"excerpt":{"rendered":"<p>El brote comenz\u00f3 en febrero de 2025 en Chihuahua, en el norte de M\u00e9xico, y en un contexto de alta movilidad poblacional y bajas coberturas de vacunaci\u00f3n, rechazadas por parte de la poblaci\u00f3n. Las autoridades han puesto en marcha una campa\u00f1a de vacunaci\u00f3n en todo el pa\u00eds. La Organizaci\u00f3n Panamericana de la Salud ha concedido [&hellip;]<\/p>\n","protected":false},"author":6,"featured_media":79202,"comment_status":"closed","ping_status":"closed","sticky":false,"template":"","format":"standard","meta":{"_acf_changed":false,"_monsterinsights_skip_tracking":false,"_monsterinsights_sitenote_active":false,"_monsterinsights_sitenote_note":"","_monsterinsights_sitenote_category":0,"slim_seo":{"title":"Video: Rechazo a las vacunas entre causas del peor brote de sarampi\u00f3n en Am\u00e9rica | DW - Opini\u00f3n P\u00fablica","description":"https:\/\/youtu.be\/AZ7Pel4iOEQ?si=Gzv3tF_R8JFwS6Rr El brote comenz\u00f3 en febrero de 2025 en Chihuahua, en el norte de M\u00e9xico, y en un contexto de alta movilidad pob"},"footnotes":""},"categories":[13,2,8],"tags":[2140,1104,2398],"class_list":["post-79197","post","type-post","status-publish","format-standard","has-post-thumbnail","hentry","category-videos-destacados-contenido","category-videos-destacados","category-videos","tag-dw-en-espanol","tag-sarampion","tag-vacunas"],"acf":[],"_links":{"self":[{"href":"https:\/\/www.opinionpublica.tv\/portada\/wp-json\/wp\/v2\/posts\/79197","targetHints":{"allow":["GET"]}}],"collection":[{"href":"https:\/\/www.opinionpublica.tv\/portada\/wp-json\/wp\/v2\/posts"}],"about":[{"href":"https:\/\/www.opinionpublica.tv\/portada\/wp-json\/wp\/v2\/types\/post"}],"author":[{"embeddable":true,"href":"https:\/\/www.opinionpublica.tv\/portada\/wp-json\/wp\/v2\/users\/6"}],"replies":[{"embeddable":true,"href":"https:\/\/www.opinionpublica.tv\/portada\/wp-json\/wp\/v2\/comments?post=79197"}],"version-history":[{"count":3,"href":"https:\/\/www.opinionpublica.tv\/portada\/wp-json\/wp\/v2\/posts\/79197\/revisions"}],"predecessor-version":[{"id":79201,"href":"https:\/\/www.opinionpublica.tv\/portada\/wp-json\/wp\/v2\/posts\/79197\/revisions\/79201"}],"wp:featuredmedia":[{"embeddable":true,"href":"https:\/\/www.opinionpublica.tv\/portada\/wp-json\/wp\/v2\/media\/79202"}],"wp:attachment":[{"href":"https:\/\/www.opinionpublica.tv\/portada\/wp-json\/wp\/v2\/media?parent=79197"}],"wp:term":[{"taxonomy":"category","embeddable":true,"href":"https:\/\/www.opinionpublica.tv\/portada\/wp-json\/wp\/v2\/categories?post=79197"},{"taxonomy":"post_tag","embeddable":true,"href":"https:\/\/www.opinionpublica.tv\/portada\/wp-json\/wp\/v2\/tags?post=79197"}],"curies":[{"name":"wp","href":"https:\/\/api.w.org\/{rel}","templated":true}]}}