{"id":79176,"date":"2026-02-18T00:01:00","date_gmt":"2026-02-18T07:01:00","guid":{"rendered":"https:\/\/www.opinionpublica.tv\/portada\/?p=79176"},"modified":"2026-02-17T19:25:57","modified_gmt":"2026-02-18T02:25:57","slug":"direccion-de-educacion-presenta-oferta-educativa-en-cbtis-y-dgtis-de-la-localidad","status":"publish","type":"post","link":"https:\/\/www.opinionpublica.tv\/portada\/direccion-de-educacion-presenta-oferta-educativa-en-cbtis-y-dgtis-de-la-localidad\/","title":{"rendered":"Direcci\u00f3n de Educaci\u00f3n presenta oferta educativa en CBTIS y DGTIS de Ju\u00e1rez"},"content":{"rendered":"\n<figure class=\"wp-block-image size-large\"><img fetchpriority=\"high\" decoding=\"async\" width=\"1024\" height=\"682\" src=\"https:\/\/www.opinionpublica.tv\/portada\/wp-content\/uploads\/2026\/02\/Direccion-de-Educacion-presenta-oferta-educativa-en-CBTIS-y-DGTIS-de-Juarez-1024x682.jpeg\" alt=\"Direccio\u0301n de educacio\u0301n presenta oferta educativa en cbtis y dgtis de jua\u0301rez\" class=\"wp-image-79180\" srcset=\"https:\/\/www.opinionpublica.tv\/portada\/wp-content\/uploads\/2026\/02\/Direccion-de-Educacion-presenta-oferta-educativa-en-CBTIS-y-DGTIS-de-Juarez-1024x682.jpeg 1024w, https:\/\/www.opinionpublica.tv\/portada\/wp-content\/uploads\/2026\/02\/Direccion-de-Educacion-presenta-oferta-educativa-en-CBTIS-y-DGTIS-de-Juarez-300x200.jpeg 300w, https:\/\/www.opinionpublica.tv\/portada\/wp-content\/uploads\/2026\/02\/Direccion-de-Educacion-presenta-oferta-educativa-en-CBTIS-y-DGTIS-de-Juarez-768x512.jpeg 768w, https:\/\/www.opinionpublica.tv\/portada\/wp-content\/uploads\/2026\/02\/Direccion-de-Educacion-presenta-oferta-educativa-en-CBTIS-y-DGTIS-de-Juarez-1536x1023.jpeg 1536w, https:\/\/www.opinionpublica.tv\/portada\/wp-content\/uploads\/2026\/02\/Direccion-de-Educacion-presenta-oferta-educativa-en-CBTIS-y-DGTIS-de-Juarez.jpeg 1600w\" sizes=\"(max-width: 1024px) 100vw, 1024px\" \/><\/figure>\n\n\n\n<p><em>Ciudad Ju\u00e1rez, Chih<\/em>.- La Direcci\u00f3n de Educaci\u00f3n present\u00f3 la nueva oferta acad\u00e9mica de los planteles de la Direcci\u00f3n General de Educaci\u00f3n Tecnol\u00f3gica Industrial que pueden aprovechar los adolescentes que est\u00e1n por egresar de secundaria.<\/p>\n\n\n\n<p>El titular de Educaci\u00f3n, Guillermo Alv\u00eddrez Olivas, destac\u00f3 que estas instituciones representan calidad, compromiso y formaci\u00f3n t\u00e9cnica de excelencia.<\/p>\n\n\n\n<p>Se\u00f1al\u00f3 que no solo se trata de presentar una oferta educativa, sino de abrir oportunidades para que estudiantes contin\u00faen su preparaci\u00f3n acad\u00e9mica, desarrollen habilidades t\u00e9cnicas y se incorporen al sector productivo o ingresen a una carrera profesional.<\/p>\n\n\n\n<p>El comisionado responsable de la DGTI en Chihuahua, Jes\u00fas Gerardo Arroyo Guti\u00e9rrez, inform\u00f3 que para el nuevo ciclo escolar se contar\u00e1 con nuevas carreras t\u00e9cnicas en los diferentes planteles de la localidad.<\/p>\n\n\n\n<p>Entre las nuevas especialidades que se ofertar\u00e1n en Ciudad Ju\u00e1rez destacan rob\u00f3tica y automatizaci\u00f3n, ciberseguridad, electromovilidad, inteligencia de negocios, comercio internacional de aduanas y automovilidad, adem\u00e1s de la actualizaci\u00f3n de planes como contabilidad, mantenimiento industrial, log\u00edstica, electricidad y administraci\u00f3n de recursos humanos, detall\u00f3.<\/p>\n\n\n\n<p>Dio a conocer que a partir del 13 de abril iniciar\u00e1 el proceso de ingreso en todos los planteles a nivel nacional; adem\u00e1s, se anunci\u00f3 la creaci\u00f3n del nuevo Cbtis 307 en el suroriente de la ciudad, zona donde se concentra la mayor demanda de educaci\u00f3n media superior.<\/p>\n","protected":false},"excerpt":{"rendered":"<p>Ciudad Ju\u00e1rez, Chih.- La Direcci\u00f3n de Educaci\u00f3n present\u00f3 la nueva oferta acad\u00e9mica de los planteles de la Direcci\u00f3n General de Educaci\u00f3n Tecnol\u00f3gica Industrial que pueden aprovechar los adolescentes que est\u00e1n por egresar de secundaria. El titular de Educaci\u00f3n, Guillermo Alv\u00eddrez Olivas, destac\u00f3 que estas instituciones representan calidad, compromiso y formaci\u00f3n t\u00e9cnica de excelencia. Se\u00f1al\u00f3 que [&hellip;]<\/p>\n","protected":false},"author":6,"featured_media":79180,"comment_status":"closed","ping_status":"closed","sticky":false,"template":"","format":"standard","meta":{"_acf_changed":false,"_monsterinsights_skip_tracking":false,"_monsterinsights_sitenote_active":false,"_monsterinsights_sitenote_note":"","_monsterinsights_sitenote_category":0,"slim_seo":{"title":"Direcci\u00f3n de Educaci\u00f3n presenta oferta educativa en CBTIS y DGTIS de Ju\u00e1rez - Opini\u00f3n P\u00fablica","description":"Ciudad Ju\u00e1rez, Chih .- La Direcci\u00f3n de Educaci\u00f3n present\u00f3 la nueva oferta acad\u00e9mica de los planteles de la Direcci\u00f3n General de Educaci\u00f3n Tecnol\u00f3gica Industrial"},"footnotes":""},"categories":[41],"tags":[1432,2394,563,2395],"class_list":["post-79176","post","type-post","status-publish","format-standard","has-post-thumbnail","hentry","category-juarez","tag-cbtis","tag-dgtis","tag-educacion","tag-oferta-educativa"],"acf":[],"_links":{"self":[{"href":"https:\/\/www.opinionpublica.tv\/portada\/wp-json\/wp\/v2\/posts\/79176","targetHints":{"allow":["GET"]}}],"collection":[{"href":"https:\/\/www.opinionpublica.tv\/portada\/wp-json\/wp\/v2\/posts"}],"about":[{"href":"https:\/\/www.opinionpublica.tv\/portada\/wp-json\/wp\/v2\/types\/post"}],"author":[{"embeddable":true,"href":"https:\/\/www.opinionpublica.tv\/portada\/wp-json\/wp\/v2\/users\/6"}],"replies":[{"embeddable":true,"href":"https:\/\/www.opinionpublica.tv\/portada\/wp-json\/wp\/v2\/comments?post=79176"}],"version-history":[{"count":3,"href":"https:\/\/www.opinionpublica.tv\/portada\/wp-json\/wp\/v2\/posts\/79176\/revisions"}],"predecessor-version":[{"id":79181,"href":"https:\/\/www.opinionpublica.tv\/portada\/wp-json\/wp\/v2\/posts\/79176\/revisions\/79181"}],"wp:featuredmedia":[{"embeddable":true,"href":"https:\/\/www.opinionpublica.tv\/portada\/wp-json\/wp\/v2\/media\/79180"}],"wp:attachment":[{"href":"https:\/\/www.opinionpublica.tv\/portada\/wp-json\/wp\/v2\/media?parent=79176"}],"wp:term":[{"taxonomy":"category","embeddable":true,"href":"https:\/\/www.opinionpublica.tv\/portada\/wp-json\/wp\/v2\/categories?post=79176"},{"taxonomy":"post_tag","embeddable":true,"href":"https:\/\/www.opinionpublica.tv\/portada\/wp-json\/wp\/v2\/tags?post=79176"}],"curies":[{"name":"wp","href":"https:\/\/api.w.org\/{rel}","templated":true}]}}