{"id":79166,"date":"2026-02-18T00:01:00","date_gmt":"2026-02-18T07:01:00","guid":{"rendered":"https:\/\/www.opinionpublica.tv\/portada\/?p=79166"},"modified":"2026-02-17T18:55:33","modified_gmt":"2026-02-18T01:55:33","slug":"miedo-a-trump-se-refleja-en-las-remesas-caen-a-tasa-anual-por-primera-vez-desde-2013","status":"publish","type":"post","link":"https:\/\/www.opinionpublica.tv\/portada\/miedo-a-trump-se-refleja-en-las-remesas-caen-a-tasa-anual-por-primera-vez-desde-2013\/","title":{"rendered":"Miedo a las deportaciones de Donald Trump se refleja en remesas y caen a tasa anual por primera vez desde 2013"},"content":{"rendered":"\n<figure class=\"wp-block-image size-large\"><img fetchpriority=\"high\" decoding=\"async\" width=\"1024\" height=\"576\" src=\"https:\/\/www.opinionpublica.tv\/portada\/wp-content\/uploads\/2026\/02\/Miedo-a-las-deportaciones-de-Donald-Trump-se-refleja-en-remesas-y-caen-a-tasa-anual-por-primera-vez-desde-2013-1024x576.avif\" alt=\"Miedo a las deportaciones de donald trump se refleja en remesas y caen a tasa anual por primera vez desde 2013\" class=\"wp-image-79174\" srcset=\"https:\/\/www.opinionpublica.tv\/portada\/wp-content\/uploads\/2026\/02\/Miedo-a-las-deportaciones-de-Donald-Trump-se-refleja-en-remesas-y-caen-a-tasa-anual-por-primera-vez-desde-2013-1024x576.avif 1024w, https:\/\/www.opinionpublica.tv\/portada\/wp-content\/uploads\/2026\/02\/Miedo-a-las-deportaciones-de-Donald-Trump-se-refleja-en-remesas-y-caen-a-tasa-anual-por-primera-vez-desde-2013-300x169.avif 300w, https:\/\/www.opinionpublica.tv\/portada\/wp-content\/uploads\/2026\/02\/Miedo-a-las-deportaciones-de-Donald-Trump-se-refleja-en-remesas-y-caen-a-tasa-anual-por-primera-vez-desde-2013-768x432.avif 768w, https:\/\/www.opinionpublica.tv\/portada\/wp-content\/uploads\/2026\/02\/Miedo-a-las-deportaciones-de-Donald-Trump-se-refleja-en-remesas-y-caen-a-tasa-anual-por-primera-vez-desde-2013.avif 1200w\" sizes=\"(max-width: 1024px) 100vw, 1024px\" \/><\/figure>\n\n\n\n<p>El miedo a la deportaci\u00f3n afect\u00f3 a las remesas: M\u00e9xico recibi\u00f3 61 mil 791 millones de d\u00f3lares en todo 2025, lo que represent\u00f3 una ca\u00edda de 4.6 por ciento en comparaci\u00f3n con el a\u00f1o anterior, report\u00f3 el Banxico este martes 3 de febrero.<\/p>\n\n\n\n<p>\u00c9sta es la primera ca\u00edda a tasa anual de las remesas enviadas por los paisanos en Estados Unidos desde 2013, luego de que los env\u00edos subieron a niveles r\u00e9cord en el periodo postpandemia.<\/p>\n\n\n\n<p><strong>\u00bfPor qu\u00e9 los paisanos mandaron menos remesas a M\u00e9xico en 2025?<\/strong><\/p>\n\n\n\n<p>Gabriela Siller, analista de Grupo Financiero Base, destac\u00f3 que la ca\u00edda de las remesas en 2025 fue la m\u00e1s pronunciada desde 2009, cuando bajaron 1.5 por ciento.<\/p>\n\n\n\n<p>\u201cLa ca\u00edda de las remesas en 2025 se debi\u00f3 al deterioro del mercado laboral de Estados Unidos y al miedo de los migrantes a salir a trabajar por la posibilidad de ser deportados\u201d, explic\u00f3.<\/p>\n\n\n\n<p>El Gobierno de EU lanz\u00f3 una agresiva campa\u00f1a de redadas migratorias, como parte del compromiso de Donald Trump de deportar a un mill\u00f3n de migrantes sin documentos en 2025.<\/p>\n\n\n\n<p>Gabriela Siller agreg\u00f3 que las remesas enviadas desde EU representaron 3.4 por ciento del PIB de M\u00e9xico en 2025, su menor proporci\u00f3n desde 2009.<\/p>\n\n\n\n<p>El dato negativo ya era esperado por los analistas. Por ejemplo, en un reporte con cifras a noviembre, Valmex Casa de Bolsa proyect\u00f3 que si bien los datos de diciembre podr\u00edan presentar un ligero repunte por factores estacionales, hacia adelante el deterioro del poder adquisitivo limitar\u00eda el ingreso disponible de las familias que dependen de las remesas.<\/p>\n\n\n\n<p>\u201cLos niveles se podr\u00edan mantener elevados, pero es probable que la ca\u00edda en los flujos persista, con implicaciones relevantes para el consumo privado\u201d, expuso.<\/p>\n\n\n\n<p><strong>\u00bfCu\u00e1ntos millones de d\u00f3lares recibi\u00f3 M\u00e9xico en remesas en diciembre?<\/strong><\/p>\n\n\n\n<p>El Banco de M\u00e9xico inform\u00f3 que nuestro pa\u00eds capt\u00f3 5 mil 322 millones de d\u00f3lares en diciembre, un crecimiento de 1.9 por ciento comparado con el mismo mes, pero de 2024.<\/p>\n\n\n\n<p>A tasa mensual, las remesas recibidas por M\u00e9xico en diciembre fueron 3.8 por ciento mayor que las registradas en noviembre, cuando se tuvo una variaci\u00f3n negativa. En resumen, en todo 2025 hubo seis meses de ca\u00eddas a tasa anual, con un saldo promedio de 5 mil 149 millones de d\u00f3lares, desde los 5 mil 396 millones de d\u00f3lares de un a\u00f1o antes.<\/p>\n\n\n\n<p>El super\u00e1vit de la cuenta de remesas para los \u00faltimos doce meses por 60 mil 608 millones de d\u00f3lares result\u00f3 mayor al saldo acumulado a doce meses reportado en noviembre de 2025 de 60 mil 520 millones de d\u00f3lares, inform\u00f3 el Banxico.<\/p>\n\n\n\n<p><em>Con informaci\u00f3n de El Universal<\/em>.<\/p>\n","protected":false},"excerpt":{"rendered":"<p>El miedo a la deportaci\u00f3n afect\u00f3 a las remesas: M\u00e9xico recibi\u00f3 61 mil 791 millones de d\u00f3lares en todo 2025, lo que represent\u00f3 una ca\u00edda de 4.6 por ciento en comparaci\u00f3n con el a\u00f1o anterior, report\u00f3 el Banxico este martes 3 de febrero. \u00c9sta es la primera ca\u00edda a tasa anual de las remesas enviadas [&hellip;]<\/p>\n","protected":false},"author":6,"featured_media":79174,"comment_status":"closed","ping_status":"closed","sticky":false,"template":"","format":"standard","meta":{"_acf_changed":false,"_monsterinsights_skip_tracking":false,"_monsterinsights_sitenote_active":false,"_monsterinsights_sitenote_note":"","_monsterinsights_sitenote_category":0,"slim_seo":{"title":"Miedo a las deportaciones de Donald Trump se refleja en remesas y caen a tasa anual por primera vez desde 2013 - Opini\u00f3n P\u00fablica","description":"El miedo a la deportaci\u00f3n afect\u00f3 a las remesas: M\u00e9xico recibi\u00f3 61 mil 791 millones de d\u00f3lares en todo 2025, lo que represent\u00f3 una ca\u00edda de 4.6 por ciento en com"},"footnotes":""},"categories":[3],"tags":[2393,102,540],"class_list":["post-79166","post","type-post","status-publish","format-standard","has-post-thumbnail","hentry","category-principal","tag-deportaciones","tag-donald-trump","tag-remesas"],"acf":[],"_links":{"self":[{"href":"https:\/\/www.opinionpublica.tv\/portada\/wp-json\/wp\/v2\/posts\/79166","targetHints":{"allow":["GET"]}}],"collection":[{"href":"https:\/\/www.opinionpublica.tv\/portada\/wp-json\/wp\/v2\/posts"}],"about":[{"href":"https:\/\/www.opinionpublica.tv\/portada\/wp-json\/wp\/v2\/types\/post"}],"author":[{"embeddable":true,"href":"https:\/\/www.opinionpublica.tv\/portada\/wp-json\/wp\/v2\/users\/6"}],"replies":[{"embeddable":true,"href":"https:\/\/www.opinionpublica.tv\/portada\/wp-json\/wp\/v2\/comments?post=79166"}],"version-history":[{"count":7,"href":"https:\/\/www.opinionpublica.tv\/portada\/wp-json\/wp\/v2\/posts\/79166\/revisions"}],"predecessor-version":[{"id":79175,"href":"https:\/\/www.opinionpublica.tv\/portada\/wp-json\/wp\/v2\/posts\/79166\/revisions\/79175"}],"wp:featuredmedia":[{"embeddable":true,"href":"https:\/\/www.opinionpublica.tv\/portada\/wp-json\/wp\/v2\/media\/79174"}],"wp:attachment":[{"href":"https:\/\/www.opinionpublica.tv\/portada\/wp-json\/wp\/v2\/media?parent=79166"}],"wp:term":[{"taxonomy":"category","embeddable":true,"href":"https:\/\/www.opinionpublica.tv\/portada\/wp-json\/wp\/v2\/categories?post=79166"},{"taxonomy":"post_tag","embeddable":true,"href":"https:\/\/www.opinionpublica.tv\/portada\/wp-json\/wp\/v2\/tags?post=79166"}],"curies":[{"name":"wp","href":"https:\/\/api.w.org\/{rel}","templated":true}]}}