{"id":79162,"date":"2026-02-18T00:01:00","date_gmt":"2026-02-18T07:01:00","guid":{"rendered":"https:\/\/www.opinionpublica.tv\/portada\/?p=79162"},"modified":"2026-02-17T18:24:17","modified_gmt":"2026-02-18T01:24:17","slug":"asf-reporta-danos-al-erario-por-mas-de-65-mil-mdp-en-el-ejercicio-presupuestal-2024","status":"publish","type":"post","link":"https:\/\/www.opinionpublica.tv\/portada\/asf-reporta-danos-al-erario-por-mas-de-65-mil-mdp-en-el-ejercicio-presupuestal-2024\/","title":{"rendered":"ASF reporta da\u00f1os al erario por m\u00e1s de 65 mil mdp en el ejercicio presupuestal 2024"},"content":{"rendered":"\n<figure class=\"wp-block-image size-large\"><img fetchpriority=\"high\" decoding=\"async\" width=\"1024\" height=\"631\" src=\"https:\/\/www.opinionpublica.tv\/portada\/wp-content\/uploads\/2026\/02\/ASF-reporta-danos-al-erario-por-mas-de-65-mil-mdp-en-el-ejercicio-presupuestal-2024-1024x631.avif\" alt=\"Asf reporta dan\u0303os al erario por ma\u0301s de 65 mil mdp en el ejercicio presupuestal 2024\" class=\"wp-image-79164\" srcset=\"https:\/\/www.opinionpublica.tv\/portada\/wp-content\/uploads\/2026\/02\/ASF-reporta-danos-al-erario-por-mas-de-65-mil-mdp-en-el-ejercicio-presupuestal-2024-1024x631.avif 1024w, https:\/\/www.opinionpublica.tv\/portada\/wp-content\/uploads\/2026\/02\/ASF-reporta-danos-al-erario-por-mas-de-65-mil-mdp-en-el-ejercicio-presupuestal-2024-300x185.avif 300w, https:\/\/www.opinionpublica.tv\/portada\/wp-content\/uploads\/2026\/02\/ASF-reporta-danos-al-erario-por-mas-de-65-mil-mdp-en-el-ejercicio-presupuestal-2024-768x473.avif 768w, https:\/\/www.opinionpublica.tv\/portada\/wp-content\/uploads\/2026\/02\/ASF-reporta-danos-al-erario-por-mas-de-65-mil-mdp-en-el-ejercicio-presupuestal-2024.avif 1081w\" sizes=\"(max-width: 1024px) 100vw, 1024px\" \/><\/figure>\n\n\n\n<p><em>Ciudad de M\u00e9xico<\/em>.- La Auditor\u00eda Superior de la Federaci\u00f3n (ASF) report\u00f3 un probable da\u00f1o al erario por m\u00e1s de 65 mil 169 millones de pesos, durante el ejercicio del presupuesto del 2024, en el que realiz\u00f3 2 mil 265 auditor\u00edas.<\/p>\n\n\n\n<p>En la C\u00e1mara de Diputados, David Colmenares, titular de la ASF, present\u00f3 la Tercera, y \u00faltima, entrega de informes de la Cuenta P\u00fablica 2024, en la que se realizaron 1 mil 556 auditor\u00edas en total: 153 de cumplimiento financiero, 35 de desempe\u00f1o y 1 mil 378 de gasto federalizado.<\/p>\n\n\n\n<p>En la tercera entrega, Colmenares detall\u00f3 que se registraron m\u00e1s de 59 mil millones de pesos por presuntas irregularidades en el gasto. De estos, 5 mil millones corresponden a montos por aclarar por el Poder Judicial, organismos constitucionalmente aut\u00f3nomos y los entes que conforman la Administraci\u00f3n P\u00fablica Federal.<\/p>\n\n\n\n<p>Y m\u00e1s de 54 mil 344 millones de pesos del sistema subnacional, es decir, gobiernos estatales, municipales y entes locales. El 36% correspondi\u00f3 a los gobiernos de las entidades federativas.<\/p>\n\n\n\n<p>\u201cM\u00e1s de 59% de este monto por aclarar fue determinado por las auditor\u00edas efectuadas a alcald\u00edas y municipios, cuya principal irregularidad fue la falta de entrega de documentaci\u00f3n que acreditara el destino del ejercicio de los recursos de origen federal\u201d, detall\u00f3 Colmenares.<\/p>\n\n\n\n<p>Para las 1 mil 378 auditor\u00edas de la tercera entrega de resultados de la ASF, se emitieron pliegos de observaciones por un total de 42 mil millones de pesos y 12 mil millones de pesos en solicitudes de aclaraci\u00f3n.<\/p>\n\n\n\n<p><em>Con informaci\u00f3n de El Universal<\/em>.<\/p>\n","protected":false},"excerpt":{"rendered":"<p>Ciudad de M\u00e9xico.- La Auditor\u00eda Superior de la Federaci\u00f3n (ASF) report\u00f3 un probable da\u00f1o al erario por m\u00e1s de 65 mil 169 millones de pesos, durante el ejercicio del presupuesto del 2024, en el que realiz\u00f3 2 mil 265 auditor\u00edas. En la C\u00e1mara de Diputados, David Colmenares, titular de la ASF, present\u00f3 la Tercera, y [&hellip;]<\/p>\n","protected":false},"author":6,"featured_media":79164,"comment_status":"closed","ping_status":"closed","sticky":false,"template":"","format":"standard","meta":{"_acf_changed":false,"_monsterinsights_skip_tracking":false,"_monsterinsights_sitenote_active":false,"_monsterinsights_sitenote_note":"","_monsterinsights_sitenote_category":0,"slim_seo":{"title":"ASF reporta da\u00f1os al erario por m\u00e1s de 65 mil mdp en el ejercicio presupuestal 2024 - Opini\u00f3n P\u00fablica","description":"Ciudad de M\u00e9xico .- La Auditor\u00eda Superior de la Federaci\u00f3n (ASF) report\u00f3 un probable da\u00f1o al erario por m\u00e1s de 65 mil 169 millones de pesos, durante el ejercici"},"footnotes":""},"categories":[4],"tags":[858,2392],"class_list":["post-79162","post","type-post","status-publish","format-standard","has-post-thumbnail","hentry","category-pulsopolitico","tag-auditoria-superior-de-la-federacion","tag-danos-al-erario"],"acf":[],"_links":{"self":[{"href":"https:\/\/www.opinionpublica.tv\/portada\/wp-json\/wp\/v2\/posts\/79162","targetHints":{"allow":["GET"]}}],"collection":[{"href":"https:\/\/www.opinionpublica.tv\/portada\/wp-json\/wp\/v2\/posts"}],"about":[{"href":"https:\/\/www.opinionpublica.tv\/portada\/wp-json\/wp\/v2\/types\/post"}],"author":[{"embeddable":true,"href":"https:\/\/www.opinionpublica.tv\/portada\/wp-json\/wp\/v2\/users\/6"}],"replies":[{"embeddable":true,"href":"https:\/\/www.opinionpublica.tv\/portada\/wp-json\/wp\/v2\/comments?post=79162"}],"version-history":[{"count":2,"href":"https:\/\/www.opinionpublica.tv\/portada\/wp-json\/wp\/v2\/posts\/79162\/revisions"}],"predecessor-version":[{"id":79165,"href":"https:\/\/www.opinionpublica.tv\/portada\/wp-json\/wp\/v2\/posts\/79162\/revisions\/79165"}],"wp:featuredmedia":[{"embeddable":true,"href":"https:\/\/www.opinionpublica.tv\/portada\/wp-json\/wp\/v2\/media\/79164"}],"wp:attachment":[{"href":"https:\/\/www.opinionpublica.tv\/portada\/wp-json\/wp\/v2\/media?parent=79162"}],"wp:term":[{"taxonomy":"category","embeddable":true,"href":"https:\/\/www.opinionpublica.tv\/portada\/wp-json\/wp\/v2\/categories?post=79162"},{"taxonomy":"post_tag","embeddable":true,"href":"https:\/\/www.opinionpublica.tv\/portada\/wp-json\/wp\/v2\/tags?post=79162"}],"curies":[{"name":"wp","href":"https:\/\/api.w.org\/{rel}","templated":true}]}}