{"id":79154,"date":"2026-02-18T00:01:00","date_gmt":"2026-02-18T07:01:00","guid":{"rendered":"https:\/\/www.opinionpublica.tv\/portada\/?p=79154"},"modified":"2026-02-17T18:14:45","modified_gmt":"2026-02-18T01:14:45","slug":"crecio-opacidad-en-el-senado-con-adan-retraso-cuentas-por-18-meses-y-ocultan-facturas","status":"publish","type":"post","link":"https:\/\/www.opinionpublica.tv\/portada\/crecio-opacidad-en-el-senado-con-adan-retraso-cuentas-por-18-meses-y-ocultan-facturas\/","title":{"rendered":"Creci\u00f3 opacidad en el Senado con Ad\u00e1n, retras\u00f3 cuentas por 18 meses y ocultan facturas"},"content":{"rendered":"\n<figure class=\"wp-block-image size-large\"><img fetchpriority=\"high\" decoding=\"async\" width=\"1024\" height=\"683\" src=\"https:\/\/www.opinionpublica.tv\/portada\/wp-content\/uploads\/2026\/02\/Crecio-opacidad-en-el-Senado-con-Adan-retraso-cuentas-por-18-meses-y-ocultan-facturas-1024x683.jpeg\" alt=\"Crecio\u0301 opacidad en el senado con ada\u0301n, retraso\u0301 cuentas por 18 meses y ocultan facturas\" class=\"wp-image-79157\" srcset=\"https:\/\/www.opinionpublica.tv\/portada\/wp-content\/uploads\/2026\/02\/Crecio-opacidad-en-el-Senado-con-Adan-retraso-cuentas-por-18-meses-y-ocultan-facturas-1024x683.jpeg 1024w, https:\/\/www.opinionpublica.tv\/portada\/wp-content\/uploads\/2026\/02\/Crecio-opacidad-en-el-Senado-con-Adan-retraso-cuentas-por-18-meses-y-ocultan-facturas-300x200.jpeg 300w, https:\/\/www.opinionpublica.tv\/portada\/wp-content\/uploads\/2026\/02\/Crecio-opacidad-en-el-Senado-con-Adan-retraso-cuentas-por-18-meses-y-ocultan-facturas-768x512.jpeg 768w, https:\/\/www.opinionpublica.tv\/portada\/wp-content\/uploads\/2026\/02\/Crecio-opacidad-en-el-Senado-con-Adan-retraso-cuentas-por-18-meses-y-ocultan-facturas.jpeg 1200w\" sizes=\"(max-width: 1024px) 100vw, 1024px\" \/><\/figure>\n\n\n\n<p><em>Ciudad de M\u00e9xico<\/em>.- El Senado se coloc\u00f3 en una zona de opacidad in\u00e9dita en este siglo, porque por primera vez ni siquiera entreg\u00f3 los comprobantes y facturas de compras y contrataciones que hizo durante el \u00faltimo trimestre de 2025 para consulta en la Plataforma Nacional de Transparencia (PNT), am\u00e9n de que suma 18 meses sin dar cuenta con puntualidad de los gastos que realiza con el dinero federal que recibe.<\/p>\n\n\n\n<p>En este contexto, Ignacio Mier Velasco, quien el pasado 3 de febrero se convirti\u00f3 en el presidente de la Junta de Coordinaci\u00f3n Pol\u00edtica (Jucopo), se comprometi\u00f3 a corregir esta realidad y llevar al Senado, nuevamente, al camino de la transparencia.<\/p>\n\n\n\n<p>Si en algo estamos comprometidos en la Jucopo, en la coalici\u00f3n y en la Mesa Directiva del Senado es garantizar la m\u00e1xima transparencia y evitar la total opacidad.<\/p>\n\n\n\n<p>Y estamos trabajando ya con la Unidad de Transparencia. M\u00e1s tarde voy a tener un acuerdo con el subdirector, con Rafael, para hacer una revisi\u00f3n puntual. Lo mismo platiqu\u00e9 con el contralor para todo el programa de auditor\u00eda del tramo septiembre-diciembre 24 y todo el a\u00f1o pasado\u201d, dijo.<\/p>\n\n\n\n<p>Precis\u00f3 que entre sus objetivos est\u00e1n detectar las \u00e1reas de oportunidad de la auditor\u00eda practicada a las arcas del Senado por la Auditor\u00eda Superior de la Federaci\u00f3n.<\/p>\n\n\n\n<p>Si hay observaciones, cu\u00e1l es el estado que presenta. Lo mismo del programa de auditor\u00eda interna, de tal manera que los mexicanos sepan, como la Junta tiene certeza, yo la tengo, de que hubo total y absoluta transparencia en el manejo de los recursos de manera racional y facilit\u00f3 el trabajo de las y los senadores.<\/p>\n\n\n\n<p>Y por lo que hace a transparencia, \u00bfcu\u00e1l es el estado que se tiene? Seguramente en los pr\u00f3ximos d\u00edas se ir\u00e1 regularizando para que tengan acceso ustedes en la plataforma a toda la informaci\u00f3n que concierne al ejercicio del presupuesto del dinero que es del pueblo y puso a disposici\u00f3n del Senado con la aprobaci\u00f3n de las y los diputados\u00bb, destac\u00f3.<\/p>\n\n\n\n<p>Llegada de Ad\u00e1n Augusto L\u00f3pez al senado agudiz\u00f3 opacidad<\/p>\n\n\n\n<p>La responsabilidad del gasto del Senado recay\u00f3 en el tabasque\u00f1o Ad\u00e1n Augusto L\u00f3pez Hern\u00e1ndez y en su equipo que ocupan las principales posiciones de manejo presupuestal: la Secretar\u00eda General de Servicios Administrativos, el \u00e1rea de Compras de Materiales; el pago del personal, la pagadur\u00eda de los senadores, la auditor\u00eda de la forma en que gastan el dinero y el encargado de transparentar esos gastos.<\/p>\n\n\n\n<p>Aunque ya desde el sexenio 2018-2024, cuando el l\u00edder del Senado fue el morenista Ricardo Monreal, ya comenzaron a ocultarse datos, fue hasta que lleg\u00f3 Ad\u00e1n Augusto L\u00f3pez Hern\u00e1ndez, la opacidad se agudiz\u00f3, al grado de que dej\u00f3 de cumplirse la obligaci\u00f3n de dar a conocer trimestralmente la forma en que se gasta el presupuesto, en apego a las disposiciones de la legislaci\u00f3n de responsabilidad hacendaria; el \u00faltimo reporte corresponde al cuarto trimestre de 2024, es decir, tiene m\u00e1s de un a\u00f1o de retraso.<\/p>\n\n\n\n<p>Faltas que se han cometido en el manejo de gastos en el Senado<\/p>\n\n\n\n<p>Por primera vez en este siglo, no se entregaron facturas de compras y contrataciones del \u00faltimo trimestre para consulta p\u00fablica.<\/p>\n\n\n\n<p>El \u00faltimo informe sobre uso de recursos federales se subi\u00f3 recientemente y corresponde apenas al primer trimestre del a\u00f1o pasado.<\/p>\n\n\n\n<p>Los estados financieros dejaron de incluir explicaciones sobre movimientos contables; el dinero de grupos parlamentarios ahora se etiqueta como \u201cayudas sociales\u201d.<\/p>\n\n\n\n<p><em>Con informaci\u00f3n de Exc\u00e9lsior<\/em>.<\/p>\n","protected":false},"excerpt":{"rendered":"<p>Ciudad de M\u00e9xico.- El Senado se coloc\u00f3 en una zona de opacidad in\u00e9dita en este siglo, porque por primera vez ni siquiera entreg\u00f3 los comprobantes y facturas de compras y contrataciones que hizo durante el \u00faltimo trimestre de 2025 para consulta en la Plataforma Nacional de Transparencia (PNT), am\u00e9n de que suma 18 meses sin [&hellip;]<\/p>\n","protected":false},"author":6,"featured_media":79157,"comment_status":"closed","ping_status":"closed","sticky":false,"template":"","format":"standard","meta":{"_acf_changed":false,"_monsterinsights_skip_tracking":false,"_monsterinsights_sitenote_active":false,"_monsterinsights_sitenote_note":"","_monsterinsights_sitenote_category":0,"slim_seo":{"title":"Creci\u00f3 opacidad en el Senado con Ad\u00e1n, retras\u00f3 cuentas por 18 meses y ocultan facturas - Opini\u00f3n P\u00fablica","description":"Ciudad de M\u00e9xico .- El Senado se coloc\u00f3 en una zona de opacidad in\u00e9dita en este siglo, porque por primera vez ni siquiera entreg\u00f3 los comprobantes y facturas de"},"footnotes":""},"categories":[4],"tags":[473,1526,814],"class_list":["post-79154","post","type-post","status-publish","format-standard","has-post-thumbnail","hentry","category-pulsopolitico","tag-adan-augusto-lopez","tag-opacidad","tag-senado"],"acf":[],"_links":{"self":[{"href":"https:\/\/www.opinionpublica.tv\/portada\/wp-json\/wp\/v2\/posts\/79154","targetHints":{"allow":["GET"]}}],"collection":[{"href":"https:\/\/www.opinionpublica.tv\/portada\/wp-json\/wp\/v2\/posts"}],"about":[{"href":"https:\/\/www.opinionpublica.tv\/portada\/wp-json\/wp\/v2\/types\/post"}],"author":[{"embeddable":true,"href":"https:\/\/www.opinionpublica.tv\/portada\/wp-json\/wp\/v2\/users\/6"}],"replies":[{"embeddable":true,"href":"https:\/\/www.opinionpublica.tv\/portada\/wp-json\/wp\/v2\/comments?post=79154"}],"version-history":[{"count":2,"href":"https:\/\/www.opinionpublica.tv\/portada\/wp-json\/wp\/v2\/posts\/79154\/revisions"}],"predecessor-version":[{"id":79158,"href":"https:\/\/www.opinionpublica.tv\/portada\/wp-json\/wp\/v2\/posts\/79154\/revisions\/79158"}],"wp:featuredmedia":[{"embeddable":true,"href":"https:\/\/www.opinionpublica.tv\/portada\/wp-json\/wp\/v2\/media\/79157"}],"wp:attachment":[{"href":"https:\/\/www.opinionpublica.tv\/portada\/wp-json\/wp\/v2\/media?parent=79154"}],"wp:term":[{"taxonomy":"category","embeddable":true,"href":"https:\/\/www.opinionpublica.tv\/portada\/wp-json\/wp\/v2\/categories?post=79154"},{"taxonomy":"post_tag","embeddable":true,"href":"https:\/\/www.opinionpublica.tv\/portada\/wp-json\/wp\/v2\/tags?post=79154"}],"curies":[{"name":"wp","href":"https:\/\/api.w.org\/{rel}","templated":true}]}}