{"id":79000,"date":"2026-02-16T00:01:00","date_gmt":"2026-02-16T07:01:00","guid":{"rendered":"https:\/\/www.opinionpublica.tv\/portada\/?p=79000"},"modified":"2026-02-15T15:04:59","modified_gmt":"2026-02-15T22:04:59","slug":"video-cinco-sectores-laborales-de-gran-demanda-en-el-futuro-segun-fem-bbc","status":"publish","type":"post","link":"https:\/\/www.opinionpublica.tv\/portada\/video-cinco-sectores-laborales-de-gran-demanda-en-el-futuro-segun-fem-bbc\/","title":{"rendered":"Video: Cinco sectores laborales de gran demanda en el futuro seg\u00fan el FEM | BBC"},"content":{"rendered":"\n<p class=\"wp-block-paragraph\"><a href=\"https:\/\/www.youtube.com\/@BBCMundo\"><\/a><\/p>\n\n\n\n<figure class=\"wp-block-embed is-type-video is-provider-youtube wp-block-embed-youtube wp-embed-aspect-16-9 wp-has-aspect-ratio\"><div class=\"wp-block-embed__wrapper\">\n<iframe title=\"5 sectores laborales que tendr\u00e1n una elevada demanda en el futuro seg\u00fan el Foro Econ\u00f3mico Mundial\" width=\"800\" height=\"450\" src=\"https:\/\/www.youtube.com\/embed\/9X9l6bLGLXk?feature=oembed\" frameborder=\"0\" allow=\"accelerometer; autoplay; clipboard-write; encrypted-media; gyroscope; picture-in-picture; web-share\" referrerpolicy=\"strict-origin-when-cross-origin\" allowfullscreen><\/iframe>\n<\/div><\/figure>\n\n\n\n<p class=\"wp-block-paragraph\">El mercado laboral est\u00e1 cambiando m\u00e1s r\u00e1pido que nunca. Seg\u00fan un estudio reciente del Foro Econ\u00f3mico Mundial, casi una cuarta parte de todas las profesiones actuales cambiar\u00e1n en los pr\u00f3ximos cinco a\u00f1os.<\/p>\n\n\n\n<p class=\"wp-block-paragraph\">La buena noticia es que aunque las nuevas tecnolog\u00edas destruyen algunos empleos, crean muchos otros. En este video de BBC Mundos se cuenta qu\u00e9 habilidades necesitamos para adaptarnos a estos cambios y los cinco sectores laborales que tendr\u00e1n una elevada demanda en el futuro.<\/p>\n\n\n\n<p class=\"wp-block-paragraph\"><em>Cr\u00e9ditos: BBC Mundo<\/em>.<\/p>\n","protected":false},"excerpt":{"rendered":"<p>El mercado laboral est\u00e1 cambiando m\u00e1s r\u00e1pido que nunca. Seg\u00fan un estudio reciente del Foro Econ\u00f3mico Mundial, casi una cuarta parte de todas las profesiones actuales cambiar\u00e1n en los pr\u00f3ximos cinco a\u00f1os. La buena noticia es que aunque las nuevas tecnolog\u00edas destruyen algunos empleos, crean muchos otros. En este video de BBC Mundos se cuenta [&hellip;]<\/p>\n","protected":false},"author":6,"featured_media":79003,"comment_status":"closed","ping_status":"closed","sticky":false,"template":"","format":"standard","meta":{"_acf_changed":false,"_monsterinsights_skip_tracking":false,"slim_seo":{"title":"Video: Cinco sectores laborales de gran demanda en el futuro seg\u00fan el FEM | BBC - Opini\u00f3n P\u00fablica","description":"https:\/\/youtu.be\/9X9l6bLGLXk?si=8zbD4acxQkqUghVA El mercado laboral est\u00e1 cambiando m\u00e1s r\u00e1pido que nunca. Seg\u00fan un estudio reciente del Foro Econ\u00f3mico Mundial, c"},"footnotes":""},"categories":[2,13,8],"tags":[1364,1404,2362],"class_list":["post-79000","post","type-post","status-publish","format-standard","has-post-thumbnail","hentry","category-videos-destacados","category-videos-destacados-contenido","category-videos","tag-bbc-mundo","tag-foro-economico-mundial","tag-sectores-laborales-del-futuro"],"acf":[],"_links":{"self":[{"href":"https:\/\/www.opinionpublica.tv\/portada\/wp-json\/wp\/v2\/posts\/79000","targetHints":{"allow":["GET"]}}],"collection":[{"href":"https:\/\/www.opinionpublica.tv\/portada\/wp-json\/wp\/v2\/posts"}],"about":[{"href":"https:\/\/www.opinionpublica.tv\/portada\/wp-json\/wp\/v2\/types\/post"}],"author":[{"embeddable":true,"href":"https:\/\/www.opinionpublica.tv\/portada\/wp-json\/wp\/v2\/users\/6"}],"replies":[{"embeddable":true,"href":"https:\/\/www.opinionpublica.tv\/portada\/wp-json\/wp\/v2\/comments?post=79000"}],"version-history":[{"count":2,"href":"https:\/\/www.opinionpublica.tv\/portada\/wp-json\/wp\/v2\/posts\/79000\/revisions"}],"predecessor-version":[{"id":79002,"href":"https:\/\/www.opinionpublica.tv\/portada\/wp-json\/wp\/v2\/posts\/79000\/revisions\/79002"}],"wp:featuredmedia":[{"embeddable":true,"href":"https:\/\/www.opinionpublica.tv\/portada\/wp-json\/wp\/v2\/media\/79003"}],"wp:attachment":[{"href":"https:\/\/www.opinionpublica.tv\/portada\/wp-json\/wp\/v2\/media?parent=79000"}],"wp:term":[{"taxonomy":"category","embeddable":true,"href":"https:\/\/www.opinionpublica.tv\/portada\/wp-json\/wp\/v2\/categories?post=79000"},{"taxonomy":"post_tag","embeddable":true,"href":"https:\/\/www.opinionpublica.tv\/portada\/wp-json\/wp\/v2\/tags?post=79000"}],"curies":[{"name":"wp","href":"https:\/\/api.w.org\/{rel}","templated":true}]}}