{"id":78993,"date":"2026-02-15T10:06:11","date_gmt":"2026-02-15T17:06:11","guid":{"rendered":"https:\/\/www.opinionpublica.tv\/portada\/?p=78993"},"modified":"2026-02-15T10:06:14","modified_gmt":"2026-02-15T17:06:14","slug":"video-angelus-papa-leon-xiv-domingo-15-de-febrero-de-2026","status":"publish","type":"post","link":"https:\/\/www.opinionpublica.tv\/portada\/video-angelus-papa-leon-xiv-domingo-15-de-febrero-de-2026\/","title":{"rendered":"Video: \u00c1ngelus Papa Le\u00f3n XIV | Domingo 15 de febrero de 2026"},"content":{"rendered":"\n<p><a href=\"https:\/\/www.youtube.com\/@VaticanNewsES\"><\/a><\/p>\n\n\n\n<figure class=\"wp-block-embed is-type-video is-provider-youtube wp-block-embed-youtube wp-embed-aspect-16-9 wp-has-aspect-ratio\"><div class=\"wp-block-embed__wrapper\">\n<iframe title=\"\u00c1ngelus 15 de febrero de 2026 - Papa Le\u00f3n XIV\" width=\"800\" height=\"450\" src=\"https:\/\/www.youtube.com\/embed\/Nk1tXJfpO_s?feature=oembed\" frameborder=\"0\" allow=\"accelerometer; autoplay; clipboard-write; encrypted-media; gyroscope; picture-in-picture; web-share\" referrerpolicy=\"strict-origin-when-cross-origin\" allowfullscreen><\/iframe>\n<\/div><\/figure>\n\n\n\n<p><em>Ciudad del Vaticano<\/em>.- Desde la Plaza de San Pedro la oraci\u00f3n del \u00c1ngelus con el Papa Le\u00f3n XIV.<\/p>\n","protected":false},"excerpt":{"rendered":"<p>Ciudad del Vaticano.- Desde la Plaza de San Pedro la oraci\u00f3n del \u00c1ngelus con el Papa Le\u00f3n XIV.<\/p>\n","protected":false},"author":6,"featured_media":78994,"comment_status":"closed","ping_status":"closed","sticky":false,"template":"","format":"standard","meta":{"_acf_changed":false,"_monsterinsights_skip_tracking":false,"_monsterinsights_sitenote_active":false,"_monsterinsights_sitenote_note":"","_monsterinsights_sitenote_category":0,"slim_seo":{"title":"Video: \u00c1ngelus Papa Le\u00f3n XIV | Domingo 15 de febrero de 2026 - Opini\u00f3n P\u00fablica","description":"https:\/\/www.youtube.com\/live\/Nk1tXJfpO_s?si=nMdE13WnP0oKjB2M Ciudad del Vaticano .- Desde la Plaza de San Pedro la oraci\u00f3n del \u00c1ngelus con el Papa Le\u00f3n XIV."},"footnotes":""},"categories":[2,13,8],"tags":[1621,1131,1130],"class_list":["post-78993","post","type-post","status-publish","format-standard","has-post-thumbnail","hentry","category-videos-destacados","category-videos-destacados-contenido","category-videos","tag-ciudad-del-vaticano","tag-oracion-del-angelus","tag-papa-leon-xiv"],"acf":[],"_links":{"self":[{"href":"https:\/\/www.opinionpublica.tv\/portada\/wp-json\/wp\/v2\/posts\/78993","targetHints":{"allow":["GET"]}}],"collection":[{"href":"https:\/\/www.opinionpublica.tv\/portada\/wp-json\/wp\/v2\/posts"}],"about":[{"href":"https:\/\/www.opinionpublica.tv\/portada\/wp-json\/wp\/v2\/types\/post"}],"author":[{"embeddable":true,"href":"https:\/\/www.opinionpublica.tv\/portada\/wp-json\/wp\/v2\/users\/6"}],"replies":[{"embeddable":true,"href":"https:\/\/www.opinionpublica.tv\/portada\/wp-json\/wp\/v2\/comments?post=78993"}],"version-history":[{"count":1,"href":"https:\/\/www.opinionpublica.tv\/portada\/wp-json\/wp\/v2\/posts\/78993\/revisions"}],"predecessor-version":[{"id":78995,"href":"https:\/\/www.opinionpublica.tv\/portada\/wp-json\/wp\/v2\/posts\/78993\/revisions\/78995"}],"wp:featuredmedia":[{"embeddable":true,"href":"https:\/\/www.opinionpublica.tv\/portada\/wp-json\/wp\/v2\/media\/78994"}],"wp:attachment":[{"href":"https:\/\/www.opinionpublica.tv\/portada\/wp-json\/wp\/v2\/media?parent=78993"}],"wp:term":[{"taxonomy":"category","embeddable":true,"href":"https:\/\/www.opinionpublica.tv\/portada\/wp-json\/wp\/v2\/categories?post=78993"},{"taxonomy":"post_tag","embeddable":true,"href":"https:\/\/www.opinionpublica.tv\/portada\/wp-json\/wp\/v2\/tags?post=78993"}],"curies":[{"name":"wp","href":"https:\/\/api.w.org\/{rel}","templated":true}]}}