{"id":78972,"date":"2026-02-15T00:01:00","date_gmt":"2026-02-15T07:01:00","guid":{"rendered":"https:\/\/www.opinionpublica.tv\/portada\/?p=78972"},"modified":"2026-02-14T19:22:22","modified_gmt":"2026-02-15T02:22:22","slug":"se-reune-alcalde-perez-cuellar-con-director-del-imss-para-atraer-mas-especialistas-a-juarez","status":"publish","type":"post","link":"https:\/\/www.opinionpublica.tv\/portada\/se-reune-alcalde-perez-cuellar-con-director-del-imss-para-atraer-mas-especialistas-a-juarez\/","title":{"rendered":"Se re\u00fane P\u00e9rez Cu\u00e9llar con director del IMSS para atraer m\u00e1s especialistas a Ju\u00e1rez"},"content":{"rendered":"\n<figure class=\"wp-block-image size-large\"><img fetchpriority=\"high\" decoding=\"async\" width=\"1024\" height=\"683\" src=\"https:\/\/www.opinionpublica.tv\/portada\/wp-content\/uploads\/2026\/02\/Se-reune-Perez-Cuellar-con-director-del-IMSS-para-atraer-mas-especialistas-a-Juarez-1024x683.jpeg\" alt=\"Se reu\u0301ne pe\u0301rez cue\u0301llar con director del imss para atraer ma\u0301s especialistas a jua\u0301rez\" class=\"wp-image-78976\" srcset=\"https:\/\/www.opinionpublica.tv\/portada\/wp-content\/uploads\/2026\/02\/Se-reune-Perez-Cuellar-con-director-del-IMSS-para-atraer-mas-especialistas-a-Juarez-1024x683.jpeg 1024w, https:\/\/www.opinionpublica.tv\/portada\/wp-content\/uploads\/2026\/02\/Se-reune-Perez-Cuellar-con-director-del-IMSS-para-atraer-mas-especialistas-a-Juarez-300x200.jpeg 300w, https:\/\/www.opinionpublica.tv\/portada\/wp-content\/uploads\/2026\/02\/Se-reune-Perez-Cuellar-con-director-del-IMSS-para-atraer-mas-especialistas-a-Juarez-768x512.jpeg 768w, https:\/\/www.opinionpublica.tv\/portada\/wp-content\/uploads\/2026\/02\/Se-reune-Perez-Cuellar-con-director-del-IMSS-para-atraer-mas-especialistas-a-Juarez-1536x1024.jpeg 1536w, https:\/\/www.opinionpublica.tv\/portada\/wp-content\/uploads\/2026\/02\/Se-reune-Perez-Cuellar-con-director-del-IMSS-para-atraer-mas-especialistas-a-Juarez-2048x1365.jpeg 2048w\" sizes=\"(max-width: 1024px) 100vw, 1024px\" \/><\/figure>\n\n\n\n<p><em>Ciudad Ju\u00e1rez, Chih<\/em>.- El presidente municipal, Cruz P\u00e9rez Cu\u00e9llar, sostuvo una reuni\u00f3n con Zo\u00e9 Robledo Aburto, director general del Instituto Mexicano del Seguro Social (IMSS), con el objetivo de analizar estrategias que permitan atraer m\u00e1s m\u00e9dicos especialistas a Ciudad Ju\u00e1rez.<\/p>\n\n\n\n<p>El alcalde inform\u00f3 que pr\u00f3ximamente el IMSS emitir\u00e1 una convocatoria nacional para la contrataci\u00f3n de especialistas en todo el pa\u00eds, lo que ha generado una din\u00e1mica de competencia entre municipios interesados en fortalecer su infraestructura m\u00e9dica.<\/p>\n\n\n\n<p>En ese contexto, explic\u00f3 que algunas ciudades han optado por ofrecer incentivos econ\u00f3micos \u00fanicos a los especialistas que decidan trasladarse a laborar en sus localidades, por lo que el Gobierno Municipal analiza la posibilidad de implementar una estrategia similar.<\/p>\n\n\n\n<p>P\u00e9rez Cu\u00e9llar adelant\u00f3 que sostendr\u00e1 reuniones con la tesorera municipal, el coordinador de directores y el secretario del Ayuntamiento para evaluar la viabilidad financiera y administrativa de otorgar alg\u00fan incentivo que permita a Ciudad Ju\u00e1rez \u201centrar a la puja\u201d y competir por estos perfiles m\u00e9dicos.<\/p>\n\n\n\n<p>El edil subray\u00f3 que contar con m\u00e1s especialistas no solo beneficiar\u00eda a los derechohabientes del IMSS, sino a la poblaci\u00f3n en general, ya que muchos m\u00e9dicos combinan su pr\u00e1ctica en el sector p\u00fablico con la atenci\u00f3n privada, lo que ampl\u00eda la oferta de servicios de salud en la ciudad.<\/p>\n\n\n\n<p>Asimismo, destac\u00f3 la apertura mostrada por Zo\u00e9 Robledo durante el encuentro y reiter\u00f3 que el Gobierno Municipal har\u00e1 un esfuerzo para fortalecer la atenci\u00f3n m\u00e9dica en Ju\u00e1rez, reconociendo que el acceso a especialistas es una de las principales demandas de la ciudadan\u00eda.<\/p>\n\n\n\n<p>Agreg\u00f3 que con esta gesti\u00f3n, el Ayuntamiento busca consolidar una estrategia conjunta que permita mejorar la cobertura y calidad de los servicios de salud en beneficio de los juarenses.<\/p>\n","protected":false},"excerpt":{"rendered":"<p>Ciudad Ju\u00e1rez, Chih.- El presidente municipal, Cruz P\u00e9rez Cu\u00e9llar, sostuvo una reuni\u00f3n con Zo\u00e9 Robledo Aburto, director general del Instituto Mexicano del Seguro Social (IMSS), con el objetivo de analizar estrategias que permitan atraer m\u00e1s m\u00e9dicos especialistas a Ciudad Ju\u00e1rez. El alcalde inform\u00f3 que pr\u00f3ximamente el IMSS emitir\u00e1 una convocatoria nacional para la contrataci\u00f3n de [&hellip;]<\/p>\n","protected":false},"author":6,"featured_media":78976,"comment_status":"closed","ping_status":"closed","sticky":false,"template":"","format":"standard","meta":{"_acf_changed":false,"_monsterinsights_skip_tracking":false,"_monsterinsights_sitenote_active":false,"_monsterinsights_sitenote_note":"","_monsterinsights_sitenote_category":0,"slim_seo":{"title":"Se re\u00fane P\u00e9rez Cu\u00e9llar con director del IMSS para atraer m\u00e1s especialistas a Ju\u00e1rez - Opini\u00f3n P\u00fablica","description":"Ciudad Ju\u00e1rez, Chih .- El presidente municipal, Cruz P\u00e9rez Cu\u00e9llar, sostuvo una reuni\u00f3n con Zo\u00e9 Robledo Aburto, director general del Instituto Mexicano del Segu"},"footnotes":""},"categories":[41],"tags":[608,753,492,2355,2356],"class_list":["post-78972","post","type-post","status-publish","format-standard","has-post-thumbnail","hentry","category-juarez","tag-ciudad-juarez","tag-cruz-perez-cuellar","tag-imss","tag-medicos-especialistas","tag-zoe-robledo"],"acf":[],"_links":{"self":[{"href":"https:\/\/www.opinionpublica.tv\/portada\/wp-json\/wp\/v2\/posts\/78972","targetHints":{"allow":["GET"]}}],"collection":[{"href":"https:\/\/www.opinionpublica.tv\/portada\/wp-json\/wp\/v2\/posts"}],"about":[{"href":"https:\/\/www.opinionpublica.tv\/portada\/wp-json\/wp\/v2\/types\/post"}],"author":[{"embeddable":true,"href":"https:\/\/www.opinionpublica.tv\/portada\/wp-json\/wp\/v2\/users\/6"}],"replies":[{"embeddable":true,"href":"https:\/\/www.opinionpublica.tv\/portada\/wp-json\/wp\/v2\/comments?post=78972"}],"version-history":[{"count":3,"href":"https:\/\/www.opinionpublica.tv\/portada\/wp-json\/wp\/v2\/posts\/78972\/revisions"}],"predecessor-version":[{"id":78977,"href":"https:\/\/www.opinionpublica.tv\/portada\/wp-json\/wp\/v2\/posts\/78972\/revisions\/78977"}],"wp:featuredmedia":[{"embeddable":true,"href":"https:\/\/www.opinionpublica.tv\/portada\/wp-json\/wp\/v2\/media\/78976"}],"wp:attachment":[{"href":"https:\/\/www.opinionpublica.tv\/portada\/wp-json\/wp\/v2\/media?parent=78972"}],"wp:term":[{"taxonomy":"category","embeddable":true,"href":"https:\/\/www.opinionpublica.tv\/portada\/wp-json\/wp\/v2\/categories?post=78972"},{"taxonomy":"post_tag","embeddable":true,"href":"https:\/\/www.opinionpublica.tv\/portada\/wp-json\/wp\/v2\/tags?post=78972"}],"curies":[{"name":"wp","href":"https:\/\/api.w.org\/{rel}","templated":true}]}}