{"id":78955,"date":"2026-02-15T00:01:00","date_gmt":"2026-02-15T07:01:00","guid":{"rendered":"https:\/\/www.opinionpublica.tv\/portada\/?p=78955"},"modified":"2026-02-14T18:18:44","modified_gmt":"2026-02-15T01:18:44","slug":"gobierno-federal-y-entidades-se-coordinan-contra-el-sarampion-con-vacunacion-masiva","status":"publish","type":"post","link":"https:\/\/www.opinionpublica.tv\/portada\/gobierno-federal-y-entidades-se-coordinan-contra-el-sarampion-con-vacunacion-masiva\/","title":{"rendered":"Gobierno federal y entidades se unen contra el sarampi\u00f3n con vacunaci\u00f3n masiva"},"content":{"rendered":"\n<figure class=\"wp-block-image size-large\"><img fetchpriority=\"high\" decoding=\"async\" width=\"1024\" height=\"683\" src=\"https:\/\/www.opinionpublica.tv\/portada\/wp-content\/uploads\/2026\/02\/Gobierno-federal-y-entidades-se-unen-contra-el-sarampion-con-vacunacion-masiva-1024x683.webp\" alt=\"Gobierno federal y entidades se unen contra el sarampio\u0301n con vacunacio\u0301n masiva\" class=\"wp-image-78960\" srcset=\"https:\/\/www.opinionpublica.tv\/portada\/wp-content\/uploads\/2026\/02\/Gobierno-federal-y-entidades-se-unen-contra-el-sarampion-con-vacunacion-masiva-1024x683.webp 1024w, https:\/\/www.opinionpublica.tv\/portada\/wp-content\/uploads\/2026\/02\/Gobierno-federal-y-entidades-se-unen-contra-el-sarampion-con-vacunacion-masiva-300x200.webp 300w, https:\/\/www.opinionpublica.tv\/portada\/wp-content\/uploads\/2026\/02\/Gobierno-federal-y-entidades-se-unen-contra-el-sarampion-con-vacunacion-masiva-768x512.webp 768w, https:\/\/www.opinionpublica.tv\/portada\/wp-content\/uploads\/2026\/02\/Gobierno-federal-y-entidades-se-unen-contra-el-sarampion-con-vacunacion-masiva.webp 1200w\" sizes=\"(max-width: 1024px) 100vw, 1024px\" \/><\/figure>\n\n\n\n<p><em>Ciudad de M\u00e9xico<\/em>.- Los 32 gobernadores del pa\u00eds y las autoridades de salud federales acordaron la unificaci\u00f3n de criterios para la atenci\u00f3n de sarampi\u00f3n, la coordinaci\u00f3n en las acciones para contener el brote y la designaci\u00f3n, en cada entidad, de un representante que permita agilizar la distribuci\u00f3n de las vacunas.<\/p>\n\n\n\n<p>Fue la presidenta Claudia Sheinbaum quien reiter\u00f3 que se promover\u00e1 una campa\u00f1a de orientaci\u00f3n en escuelas a partir de la pr\u00f3xima semana para informar a la poblaci\u00f3n.<\/p>\n\n\n\n<p>El subsecretario de Integraci\u00f3n Sectorial y Coordinaci\u00f3n de Servicios de Atenci\u00f3n M\u00e9dica de la Secretar\u00eda de Salud, Eduardo Clark, inform\u00f3 que ya hay 29 mil puntos de vacunaci\u00f3n en todo el pa\u00eds distribuidos en hospitales, centros de salud o m\u00f3dulos de vacunaci\u00f3n desplegados por las instituciones de salud federales y los gobiernos estatales. Explic\u00f3 que ya sea mediante llamada al 079 o consulta en la plataforma dondemevacuno.gob.mx, se pueden conocer espec\u00edficamente los m\u00e1s cercanos.<\/p>\n\n\n\n<p>Grupos vulnerables, el foco de la estrategia<\/p>\n\n\n\n<p>En su participaci\u00f3n en la conferencia presidencial, el funcionario se\u00f1al\u00f3 que lo m\u00e1s importante de la estrategia es reforzar la vacunaci\u00f3n en los grupos vulnerables, particularmente en los menores de seis meses a 12 a\u00f1os que no hayan recibido las dosis correspondientes. Asimismo, dijo que personas entre los 14 y 49 a\u00f1os que no hayan completado su ciclo de vacunaci\u00f3n tambi\u00e9n deben acudir a vacunarse.<\/p>\n\n\n\n<p>Clark explic\u00f3 que en la poblaci\u00f3n mayor de 50 a\u00f1os no es recomendable porque son grupos que ya fueron vacunados en su momento o nacieron antes de la erradicaci\u00f3n del virus o del fuerte brote que hubo en 1989, y naturalmente ya sea por la vacuna o por la infecci\u00f3n previa, est\u00e1n ya protegidos.<\/p>\n\n\n\n<p>El funcionario explic\u00f3 que ya se ha definido una estrategia similar a la que llev\u00f3 a controlar el virus en su momento en Chihuahua. Destac\u00f3 que las entidades donde el brote es m\u00e1s fuerte son Jalisco, Ciudad de M\u00e9xico, Nayarit, Sinaloa, Colima y Tabasco. Mencion\u00f3 que en esas entidades se est\u00e1 haciendo un monitoreo puntual para controlar el brote.<\/p>\n\n\n\n<p><em>Con informaci\u00f3n de La Jornada<\/em>.<\/p>\n","protected":false},"excerpt":{"rendered":"<p>Ciudad de M\u00e9xico.- Los 32 gobernadores del pa\u00eds y las autoridades de salud federales acordaron la unificaci\u00f3n de criterios para la atenci\u00f3n de sarampi\u00f3n, la coordinaci\u00f3n en las acciones para contener el brote y la designaci\u00f3n, en cada entidad, de un representante que permita agilizar la distribuci\u00f3n de las vacunas. Fue la presidenta Claudia Sheinbaum [&hellip;]<\/p>\n","protected":false},"author":6,"featured_media":78960,"comment_status":"closed","ping_status":"closed","sticky":false,"template":"","format":"standard","meta":{"_acf_changed":false,"_monsterinsights_skip_tracking":false,"_monsterinsights_sitenote_active":false,"_monsterinsights_sitenote_note":"","_monsterinsights_sitenote_category":0,"slim_seo":{"title":"Gobierno federal y entidades se unen contra el sarampi\u00f3n con vacunaci\u00f3n masiva - Opini\u00f3n P\u00fablica","description":"Ciudad de M\u00e9xico .- Los 32 gobernadores del pa\u00eds y las autoridades de salud federales acordaron la unificaci\u00f3n de criterios para la atenci\u00f3n de sarampi\u00f3n, la co"},"footnotes":""},"categories":[4],"tags":[307,1104,1503,2054],"class_list":["post-78955","post","type-post","status-publish","format-standard","has-post-thumbnail","hentry","category-pulsopolitico","tag-claudia-sheinbaum","tag-sarampion","tag-secretaria-de-salud","tag-vacunacion"],"acf":[],"_links":{"self":[{"href":"https:\/\/www.opinionpublica.tv\/portada\/wp-json\/wp\/v2\/posts\/78955","targetHints":{"allow":["GET"]}}],"collection":[{"href":"https:\/\/www.opinionpublica.tv\/portada\/wp-json\/wp\/v2\/posts"}],"about":[{"href":"https:\/\/www.opinionpublica.tv\/portada\/wp-json\/wp\/v2\/types\/post"}],"author":[{"embeddable":true,"href":"https:\/\/www.opinionpublica.tv\/portada\/wp-json\/wp\/v2\/users\/6"}],"replies":[{"embeddable":true,"href":"https:\/\/www.opinionpublica.tv\/portada\/wp-json\/wp\/v2\/comments?post=78955"}],"version-history":[{"count":5,"href":"https:\/\/www.opinionpublica.tv\/portada\/wp-json\/wp\/v2\/posts\/78955\/revisions"}],"predecessor-version":[{"id":78961,"href":"https:\/\/www.opinionpublica.tv\/portada\/wp-json\/wp\/v2\/posts\/78955\/revisions\/78961"}],"wp:featuredmedia":[{"embeddable":true,"href":"https:\/\/www.opinionpublica.tv\/portada\/wp-json\/wp\/v2\/media\/78960"}],"wp:attachment":[{"href":"https:\/\/www.opinionpublica.tv\/portada\/wp-json\/wp\/v2\/media?parent=78955"}],"wp:term":[{"taxonomy":"category","embeddable":true,"href":"https:\/\/www.opinionpublica.tv\/portada\/wp-json\/wp\/v2\/categories?post=78955"},{"taxonomy":"post_tag","embeddable":true,"href":"https:\/\/www.opinionpublica.tv\/portada\/wp-json\/wp\/v2\/tags?post=78955"}],"curies":[{"name":"wp","href":"https:\/\/api.w.org\/{rel}","templated":true}]}}