{"id":78950,"date":"2026-02-15T00:01:00","date_gmt":"2026-02-15T07:01:00","guid":{"rendered":"https:\/\/www.opinionpublica.tv\/portada\/?p=78950"},"modified":"2026-02-14T18:09:19","modified_gmt":"2026-02-15T01:09:19","slug":"fuerzas-de-elite-de-eu-capacitaran-a-elementos-de-semar-tras-aprobarse-su-ingreso","status":"publish","type":"post","link":"https:\/\/www.opinionpublica.tv\/portada\/fuerzas-de-elite-de-eu-capacitaran-a-elementos-de-semar-tras-aprobarse-su-ingreso\/","title":{"rendered":"Fuerzas de \u00e9lite de EU capacitar\u00e1n a elementos de Semar en Campeche"},"content":{"rendered":"\n<figure class=\"wp-block-image size-large\"><img fetchpriority=\"high\" decoding=\"async\" width=\"1024\" height=\"682\" src=\"https:\/\/www.opinionpublica.tv\/portada\/wp-content\/uploads\/2026\/02\/Fuerzas-de-elite-de-EU-capacitaran-a-elementos-de-Semar-en-Campeche-1024x682.webp\" alt=\"Fuerzas de e\u0301lite de eu capacitara\u0301n a elementos de semar en campeche\" class=\"wp-image-78953\" srcset=\"https:\/\/www.opinionpublica.tv\/portada\/wp-content\/uploads\/2026\/02\/Fuerzas-de-elite-de-EU-capacitaran-a-elementos-de-Semar-en-Campeche-1024x682.webp 1024w, https:\/\/www.opinionpublica.tv\/portada\/wp-content\/uploads\/2026\/02\/Fuerzas-de-elite-de-EU-capacitaran-a-elementos-de-Semar-en-Campeche-300x200.webp 300w, https:\/\/www.opinionpublica.tv\/portada\/wp-content\/uploads\/2026\/02\/Fuerzas-de-elite-de-EU-capacitaran-a-elementos-de-Semar-en-Campeche-768x511.webp 768w, https:\/\/www.opinionpublica.tv\/portada\/wp-content\/uploads\/2026\/02\/Fuerzas-de-elite-de-EU-capacitaran-a-elementos-de-Semar-en-Campeche.webp 1200w\" sizes=\"(max-width: 1024px) 100vw, 1024px\" \/><\/figure>\n\n\n\n<p><em>Ciudad de M\u00e9xico<\/em>.- A partir de este domingo, 19 elementos de la principal fuerza de \u00e9lite de operaciones especiales de la Armada de Estados Unidos capacitar\u00e1n a personal de la Secretar\u00eda de Marina-Armada de M\u00e9xico (Semar), luego de que el Congreso aprobara el ingreso de los militares estadunidenses y el decreto se publicara en el Diario oficial de la Federaci\u00f3n.<\/p>\n\n\n\n<p>Los integrantes de las fuerzas armadas estadunidenses est\u00e1n entrenados para llevar a cabo misiones mar\u00edtimas, terrestres y a\u00e9reas de contraterrorismo, as\u00ed como de acciones contra grupos delictivos internacionales.<\/p>\n\n\n\n<p>Ya fue publicado el Diario oficial de la Federaci\u00f3n, el decreto \u201cpor el que se concede autorizaci\u00f3n a la Presidenta de los Estados Unidos Mexicanos para permitir el ingreso a territorio nacional de 19 elementos del Equipo 2 de los Navy SEAL&#8217;s de la Marina de Estados Unidos\u201d.<\/p>\n\n\n\n<p>El documento se\u00f1ala que su ingreso se autoriz\u00f3 para que participen en el evento emergente denominado \u00abMejorar la Capacidad de las Fuerzas de Operaciones Especiales\u00bb, que se llevar\u00e1 a cabo del 15 de febrero al 16 de abril de 2026, en el Centro de Capacitaci\u00f3n y Adiestramiento Especializado de Infanter\u00eda de Marina, ubicado en San Luis Carpizo, Campeche, as\u00ed como en el Sector Naval de Ciudad del Carmen.<\/p>\n\n\n\n<p>La publicaci\u00f3n refiere que la C\u00e1mara de Senadores, en ejercicio de la facultad que le concede el art\u00edculo 76, fracci\u00f3n III de la Constituci\u00f3n, concedi\u00f3 autorizaci\u00f3n a la presidenta Claudia Sheinbaum para que permita el ingreso a territorio nacional de una delegaci\u00f3n conformada por 19 de los llamados Navy SEAL&#8217;s de la Marina de Estados Unidos.<\/p>\n\n\n\n<p>El personal estadunidense participar\u00e1n en estas actividades de capacitaci\u00f3n \u201ccon armamento y equipamiento militar a bordo de una aeronave de la Fuerza A\u00e9rea de Estados Unidos tipo \u2018H\u00e9rcules\u2019 C-130\u201d.<\/p>\n\n\n\n<p>La aeronave aterrizar\u00e1 ma\u00f1ana en el Aeropuerto Internacional de Campeche, Campeche, \u00abIngeniero Alberto Acu\u00f1a Ongay\u00bb con el fin de transportar al personal de instructores y equipo, retornando a los Estados Unidos en la misma fecha y, posteriormente, aterrizar\u00e1 nuevamente en el citado aeropuerto el 16 de abril con el fin de retornar al personal y su equipo a territorio estadunidense.<\/p>\n\n\n\n<p><em>Con informaci\u00f3n de La Jornada<\/em>.<\/p>\n","protected":false},"excerpt":{"rendered":"<p>Ciudad de M\u00e9xico.- A partir de este domingo, 19 elementos de la principal fuerza de \u00e9lite de operaciones especiales de la Armada de Estados Unidos capacitar\u00e1n a personal de la Secretar\u00eda de Marina-Armada de M\u00e9xico (Semar), luego de que el Congreso aprobara el ingreso de los militares estadunidenses y el decreto se publicara en el [&hellip;]<\/p>\n","protected":false},"author":6,"featured_media":78953,"comment_status":"closed","ping_status":"closed","sticky":false,"template":"","format":"standard","meta":{"_acf_changed":false,"_monsterinsights_skip_tracking":false,"_monsterinsights_sitenote_active":false,"_monsterinsights_sitenote_note":"","_monsterinsights_sitenote_category":0,"slim_seo":{"title":"Fuerzas de \u00e9lite de EU capacitar\u00e1n a elementos de Semar en Campeche - Opini\u00f3n P\u00fablica","description":"Ciudad de M\u00e9xico .- A partir de este domingo, 19 elementos de la principal fuerza de \u00e9lite de operaciones especiales de la Armada de Estados Unidos capacitar\u00e1n"},"footnotes":""},"categories":[4],"tags":[1813,2349,2348],"class_list":["post-78950","post","type-post","status-publish","format-standard","has-post-thumbnail","hentry","category-pulsopolitico","tag-capacitacion","tag-marina-de-estados-unidos","tag-semar"],"acf":[],"_links":{"self":[{"href":"https:\/\/www.opinionpublica.tv\/portada\/wp-json\/wp\/v2\/posts\/78950","targetHints":{"allow":["GET"]}}],"collection":[{"href":"https:\/\/www.opinionpublica.tv\/portada\/wp-json\/wp\/v2\/posts"}],"about":[{"href":"https:\/\/www.opinionpublica.tv\/portada\/wp-json\/wp\/v2\/types\/post"}],"author":[{"embeddable":true,"href":"https:\/\/www.opinionpublica.tv\/portada\/wp-json\/wp\/v2\/users\/6"}],"replies":[{"embeddable":true,"href":"https:\/\/www.opinionpublica.tv\/portada\/wp-json\/wp\/v2\/comments?post=78950"}],"version-history":[{"count":2,"href":"https:\/\/www.opinionpublica.tv\/portada\/wp-json\/wp\/v2\/posts\/78950\/revisions"}],"predecessor-version":[{"id":78954,"href":"https:\/\/www.opinionpublica.tv\/portada\/wp-json\/wp\/v2\/posts\/78950\/revisions\/78954"}],"wp:featuredmedia":[{"embeddable":true,"href":"https:\/\/www.opinionpublica.tv\/portada\/wp-json\/wp\/v2\/media\/78953"}],"wp:attachment":[{"href":"https:\/\/www.opinionpublica.tv\/portada\/wp-json\/wp\/v2\/media?parent=78950"}],"wp:term":[{"taxonomy":"category","embeddable":true,"href":"https:\/\/www.opinionpublica.tv\/portada\/wp-json\/wp\/v2\/categories?post=78950"},{"taxonomy":"post_tag","embeddable":true,"href":"https:\/\/www.opinionpublica.tv\/portada\/wp-json\/wp\/v2\/tags?post=78950"}],"curies":[{"name":"wp","href":"https:\/\/api.w.org\/{rel}","templated":true}]}}