{"id":78946,"date":"2026-02-15T00:01:00","date_gmt":"2026-02-15T07:01:00","guid":{"rendered":"https:\/\/www.opinionpublica.tv\/portada\/?p=78946"},"modified":"2026-02-14T18:01:47","modified_gmt":"2026-02-15T01:01:47","slug":"cayo-la-actividad-industrial-en-mexico-durante-2025-y-liga-dos-anos-a-la-baja","status":"publish","type":"post","link":"https:\/\/www.opinionpublica.tv\/portada\/cayo-la-actividad-industrial-en-mexico-durante-2025-y-liga-dos-anos-a-la-baja\/","title":{"rendered":"Cay\u00f3 la actividad industrial en M\u00e9xico durante 2025 y liga dos a\u00f1os a la baja"},"content":{"rendered":"\n<figure class=\"wp-block-image size-large\"><img fetchpriority=\"high\" decoding=\"async\" width=\"1024\" height=\"576\" src=\"https:\/\/www.opinionpublica.tv\/portada\/wp-content\/uploads\/2026\/02\/Cayo-la-actividad-industrial-en-Mexico-durante-2025-y-liga-dos-anos-a-la-baja-1024x576.avif\" alt=\"Cayo\u0301 la actividad industrial en me\u0301xico durante 2025 y liga dos an\u0303os a la baja\" class=\"wp-image-78948\" srcset=\"https:\/\/www.opinionpublica.tv\/portada\/wp-content\/uploads\/2026\/02\/Cayo-la-actividad-industrial-en-Mexico-durante-2025-y-liga-dos-anos-a-la-baja-1024x576.avif 1024w, https:\/\/www.opinionpublica.tv\/portada\/wp-content\/uploads\/2026\/02\/Cayo-la-actividad-industrial-en-Mexico-durante-2025-y-liga-dos-anos-a-la-baja-300x169.avif 300w, https:\/\/www.opinionpublica.tv\/portada\/wp-content\/uploads\/2026\/02\/Cayo-la-actividad-industrial-en-Mexico-durante-2025-y-liga-dos-anos-a-la-baja-768x432.avif 768w, https:\/\/www.opinionpublica.tv\/portada\/wp-content\/uploads\/2026\/02\/Cayo-la-actividad-industrial-en-Mexico-durante-2025-y-liga-dos-anos-a-la-baja.avif 1200w\" sizes=\"(max-width: 1024px) 100vw, 1024px\" \/><\/figure>\n\n\n\n<p>La actividad industrial en M\u00e9xico retrocedi\u00f3 1.3 por ciento este a\u00f1o, con lo que lig\u00f3 dos a\u00f1os en contracci\u00f3n, con un desempe\u00f1o negativo en los cuatro sectores, aunque para este a\u00f1o los analistas prev\u00e9n que registre una ligera recuperaci\u00f3n.<\/p>\n\n\n\n<p>La mayor contracci\u00f3n se report\u00f3 en la miner\u00eda, con 6.5 por ciento, seguida de la construcci\u00f3n y las manufacturas, con retrocesos de 1.0 y 0.5 por ciento, respectivamente. En la generaci\u00f3n, transmisi\u00f3n y distribuci\u00f3n de energ\u00eda el\u00e9ctrica, agua y gas, la baja fue de 0.3 por ciento.<\/p>\n\n\n\n<p>En las manufacturas destac\u00f3 la ca\u00edda de 9.1 por ciento en la producci\u00f3n de autom\u00f3viles y camiones, lo que contrast\u00f3 con el avance de 7.2 por ciento en la fabricaci\u00f3n de computadoras y equipo perif\u00e9rico.<\/p>\n\n\n\n<p>La incertidumbre econ\u00f3mica y la pol\u00edtica proteccionista por parte de Estados Unidos, as\u00ed como sus aranceles contra M\u00e9xico y las amenazas relacionadas con el ataque al crimen organizado, fueron los principales factores que impactaron negativamente en el desempe\u00f1o de la industria.<\/p>\n\n\n\n<p>Sin embargo, hacia el cierre de a\u00f1o se mostr\u00f3 una recuperaci\u00f3n, ya que registr\u00f3 un aumento de 1.5 por ciento anual, en cifras ajustadas por estacionalidad, el mejor dato desde enero de 2024, seg\u00fan los registros del Instituto Nacional de Estad\u00edstica y Geograf\u00eda (Inegi).<\/p>\n\n\n\n<p>Para Arturo Vieyra, economista en jefe de Grupo Coppel, de cara a 2026, los resultados favorables podr\u00edan continuar por factores clave como el presupuesto. \u201cPara 2026 anticipamos la continuidad del proceso de reactivaci\u00f3n, apoyado por un presupuesto m\u00e1s holgado y continuo dinamismo del sector externo\u201d, indic\u00f3.<\/p>\n\n\n\n<p>En Banamex prev\u00e9n que la industria crecer\u00e1 0.9 por ciento en este a\u00f1o, ante la estabilizaci\u00f3n de la producci\u00f3n petrolera, la tendencia reciente en la electricidad y la recuperaci\u00f3n en la construcci\u00f3n, a lo que se suma la previsi\u00f3n de que las exportaciones mexicanas hacia Estados Unidos mantendr\u00e1n su dinamismo.<\/p>\n\n\n\n<p><em>Con informaci\u00f3n de El Financiero<\/em>.<\/p>\n","protected":false},"excerpt":{"rendered":"<p>La actividad industrial en M\u00e9xico retrocedi\u00f3 1.3 por ciento este a\u00f1o, con lo que lig\u00f3 dos a\u00f1os en contracci\u00f3n, con un desempe\u00f1o negativo en los cuatro sectores, aunque para este a\u00f1o los analistas prev\u00e9n que registre una ligera recuperaci\u00f3n. La mayor contracci\u00f3n se report\u00f3 en la miner\u00eda, con 6.5 por ciento, seguida de la construcci\u00f3n [&hellip;]<\/p>\n","protected":false},"author":6,"featured_media":78948,"comment_status":"closed","ping_status":"closed","sticky":false,"template":"","format":"standard","meta":{"_acf_changed":false,"_monsterinsights_skip_tracking":false,"_monsterinsights_sitenote_active":false,"_monsterinsights_sitenote_note":"","_monsterinsights_sitenote_category":0,"slim_seo":{"title":"Cay\u00f3 la actividad industrial en M\u00e9xico durante 2025 y liga dos a\u00f1os a la baja - Opini\u00f3n P\u00fablica","description":"La actividad industrial en M\u00e9xico retrocedi\u00f3 1.3 por ciento este a\u00f1o, con lo que lig\u00f3 dos a\u00f1os en contracci\u00f3n, con un desempe\u00f1o negativo en los cuatro sectores,"},"footnotes":""},"categories":[3],"tags":[2347,224],"class_list":["post-78946","post","type-post","status-publish","format-standard","has-post-thumbnail","hentry","category-principal","tag-actividad-industrial","tag-inegi"],"acf":[],"_links":{"self":[{"href":"https:\/\/www.opinionpublica.tv\/portada\/wp-json\/wp\/v2\/posts\/78946","targetHints":{"allow":["GET"]}}],"collection":[{"href":"https:\/\/www.opinionpublica.tv\/portada\/wp-json\/wp\/v2\/posts"}],"about":[{"href":"https:\/\/www.opinionpublica.tv\/portada\/wp-json\/wp\/v2\/types\/post"}],"author":[{"embeddable":true,"href":"https:\/\/www.opinionpublica.tv\/portada\/wp-json\/wp\/v2\/users\/6"}],"replies":[{"embeddable":true,"href":"https:\/\/www.opinionpublica.tv\/portada\/wp-json\/wp\/v2\/comments?post=78946"}],"version-history":[{"count":2,"href":"https:\/\/www.opinionpublica.tv\/portada\/wp-json\/wp\/v2\/posts\/78946\/revisions"}],"predecessor-version":[{"id":78949,"href":"https:\/\/www.opinionpublica.tv\/portada\/wp-json\/wp\/v2\/posts\/78946\/revisions\/78949"}],"wp:featuredmedia":[{"embeddable":true,"href":"https:\/\/www.opinionpublica.tv\/portada\/wp-json\/wp\/v2\/media\/78948"}],"wp:attachment":[{"href":"https:\/\/www.opinionpublica.tv\/portada\/wp-json\/wp\/v2\/media?parent=78946"}],"wp:term":[{"taxonomy":"category","embeddable":true,"href":"https:\/\/www.opinionpublica.tv\/portada\/wp-json\/wp\/v2\/categories?post=78946"},{"taxonomy":"post_tag","embeddable":true,"href":"https:\/\/www.opinionpublica.tv\/portada\/wp-json\/wp\/v2\/tags?post=78946"}],"curies":[{"name":"wp","href":"https:\/\/api.w.org\/{rel}","templated":true}]}}