{"id":78923,"date":"2026-02-16T12:01:00","date_gmt":"2026-02-16T19:01:00","guid":{"rendered":"https:\/\/www.opinionpublica.tv\/portada\/?p=78923"},"modified":"2026-02-16T12:18:07","modified_gmt":"2026-02-16T19:18:07","slug":"la-pelicula-de-terror-de-julio-scherer","status":"publish","type":"post","link":"https:\/\/www.opinionpublica.tv\/portada\/la-pelicula-de-terror-de-julio-scherer\/","title":{"rendered":"La pel\u00edcula de terror de Julio Scherer"},"content":{"rendered":"\n<h4 class=\"wp-block-heading\">Jorge G. Casta\u00f1eda<\/h4>\n\n\n\n<p class=\"wp-block-paragraph\">___________________________<\/p>\n\n\n\n<p class=\"wp-block-paragraph\">El libro de Julio Scherer encierra dos innegables virtudes. En primer lugar, cuenta cosas. A diferencia de algunos textos de memorias o autobiograf\u00edas, o de relatos de episodios que distintos altos funcionarios o jerarcas de la pol\u00edtica han vivido en el gobierno, Scherer llama a las cosas por su nombre. Relata detalles, an\u00e9cdotas, an\u00e1lisis, comentarios, hechos, fechas que se vuelven materia prima para historiadores y analista de todo tipo.<\/p>\n\n\n\n<p class=\"wp-block-paragraph\">En segundo lugar, al recurrir de manera moderada, prudente, sin descalificaciones o alabanzas, le permite al lector sacar sus propias conclusiones de lo que va narrando del sexenio de L\u00f3pez Obrador y de los a\u00f1os anteriores durante los cuales sostuvo una amistad estrecha con \u00e9l.<\/p>\n\n\n\n<p class=\"wp-block-paragraph\">Sobre la primera virtud \u2013contar cosas\u2013 creo que ser\u00e1 suficiente el nutrido caudal de rese\u00f1as, cr\u00edticas, elogios que ya recibi\u00f3 el libro. Uno puede desde luego cuestionar tal o cual versi\u00f3n de acontecimientos conocidos, y la de Scherer no es necesariamente ni la \u00fanica ni la m\u00e1s cercana a la realidad en cada caso.<\/p>\n\n\n\n<p class=\"wp-block-paragraph\">Pero posee la fortaleza de venir desde adentro, de ser narrada con transparencia y de prestarse a m\u00e1s investigaci\u00f3n, an\u00e1lisis y reflexi\u00f3n. No es poca cosa en lo relativo a un sexenio que fue muy opaco en cuanto a los datos reales que ofrec\u00eda a la sociedad mexicana, a los medios de comunicaci\u00f3n, a los historiadores o analistas, y desde luego tambi\u00e9n a los poderes f\u00e1cticos: los empresarios, la comentocracia, el ej\u00e9rcito, el propio narco, y el resto del mundo, en particular Estados Unidos.<\/p>\n\n\n\n<p class=\"wp-block-paragraph\">Pero para m\u00ed lo m\u00e1s interesante, sin embargo, del relato de Scherer radica en los hechos que narra m\u00e1s que en las conclusiones que extrae. Describe lo que, en mi opini\u00f3n, es una pesadilla, una verdadera pel\u00edcula de horror de lo que fue el sexenio, y de la personalidad y manera de gobernar \u2013el famoso estilo de gobernar que, junto con el t\u00e9rmino narrativa, debi\u00e9ramos desterrar del vocabulario mexicano.<\/p>\n\n\n\n<p class=\"wp-block-paragraph\">L\u00f3pez Obrador aparece, no porque Scherer lo pinte as\u00ed, sino porque uno mismo puede deducirlo, como un personaje totalmente desquiciado, ignorante, preso de sus emociones y fobias, sus odios, su incre\u00edble resentimiento social, su inseguridad, su absoluta inaptitud para gobernar.<\/p>\n\n\n\n<p class=\"wp-block-paragraph\">Van desfilando por las p\u00e1ginas relatos sobre la Secretar\u00eda de Salud y L\u00f3pez-Gatell, la Secretar\u00eda de Econom\u00eda con sus diversos titulares, la Secretar\u00eda de Educaci\u00f3n \u2013otra peor que las primeras\u2013 desde luego el Goebbels mexicano, Jes\u00fas Ram\u00edrez, y tambi\u00e9n la aquiescencia o resignaci\u00f3n del resto de los miembros de su gobierno \u2013no necesariamente gente decente, pero por lo menos no salvajes como los que he mencionado\u2013 que aceptaron tranquilamente todas estas barbaridades.<\/p>\n\n\n\n<p class=\"wp-block-paragraph\">Uno no puede m\u00e1s que preguntarse, despu\u00e9s de leer el texto de Scherer, y sin dar por buenas todas sus versiones \u2013insisto, no estoy en condiciones de hacerlo\u2013 \u00bfC\u00f3mo es posible que una persona as\u00ed llegara a gobernar un pa\u00eds de 130 millones de habitantes, la 15\u00aa econom\u00eda del mundo, con una clase pol\u00edtica e intelectual sofisticada, con un empresariado mundialmente competitivo, con instituciones creadas a lo largo de m\u00e1s de un siglo?<\/p>\n\n\n\n<p class=\"wp-block-paragraph\">\u00bfC\u00f3mo es posible que todo el gabinete aceptara las chicanadas, la corrupci\u00f3n, los abusos de Jes\u00fas Ram\u00edrez y de otros m\u00e1s? \u00bfC\u00f3mo fue posible que nadie de adentro dijera nada en el momento mismo de los acontecimientos?<\/p>\n\n\n\n<p class=\"wp-block-paragraph\">El \u00fanico reproche que se le puede hacer a Julio Scherer es no haber dicho buena parte de lo que dice ahora en el momento de su salida del gobierno, m\u00e1s o menos en la mitad del sexenio. Nos hubiera ayudado much\u00edsimo a todos saber en aquel momento algo de lo que ahora nos entrega.<\/p>\n\n\n\n<p class=\"wp-block-paragraph\">Sobre todo cuando se trataba, por parte, insisto, de los poderes f\u00e1cticos, de saber si hab\u00eda que perpetuar a esta camarilla en el poder o si de una manera u otra hab\u00eda que buscar el modo de expulsarla electoralmente de Palacio Nacional.<\/p>\n\n\n\n<p class=\"wp-block-paragraph\">Pero con este peque\u00f1o detalle, el libro es excepcional en las cosas que cuenta y en los horrores que describe. Aunque Scherer no los considere necesariamente como tales, ese es asunto de \u00e9l.<\/p>\n\n\n\n<p class=\"wp-block-paragraph\">Asunto nuestro es ver ah\u00ed lo que realmente sucedi\u00f3, en voz de uno de los principales protagonistas de la mitad del sexenio de L\u00f3pez Obrador.<\/p>\n","protected":false},"excerpt":{"rendered":"<p>Jorge G. Casta\u00f1eda ___________________________ El libro de Julio Scherer encierra dos innegables virtudes. En primer lugar, cuenta cosas. A diferencia de algunos textos de memorias o autobiograf\u00edas, o de relatos de episodios que distintos altos funcionarios o jerarcas de la pol\u00edtica han vivido en el gobierno, Scherer llama a las cosas por su nombre. Relata [&hellip;]<\/p>\n","protected":false},"author":6,"featured_media":43385,"comment_status":"closed","ping_status":"closed","sticky":false,"template":"","format":"standard","meta":{"_acf_changed":false,"_monsterinsights_skip_tracking":false,"slim_seo":{"title":"La pel\u00edcula de terror de Julio Scherer - Opini\u00f3n P\u00fablica","description":"Jorge G. Casta\u00f1eda ___________________________ El libro de Julio Scherer encierra dos innegables virtudes. En primer lugar, cuenta cosas. A diferencia de alguno"},"footnotes":""},"categories":[18],"tags":[82,2329,2328],"class_list":["post-78923","post","type-post","status-publish","format-standard","has-post-thumbnail","hentry","category-castaneda-opina","tag-jorge-castaneda","tag-julio-scherer-ibarra","tag-ni-venganza-ni-perdon"],"acf":[],"_links":{"self":[{"href":"https:\/\/www.opinionpublica.tv\/portada\/wp-json\/wp\/v2\/posts\/78923","targetHints":{"allow":["GET"]}}],"collection":[{"href":"https:\/\/www.opinionpublica.tv\/portada\/wp-json\/wp\/v2\/posts"}],"about":[{"href":"https:\/\/www.opinionpublica.tv\/portada\/wp-json\/wp\/v2\/types\/post"}],"author":[{"embeddable":true,"href":"https:\/\/www.opinionpublica.tv\/portada\/wp-json\/wp\/v2\/users\/6"}],"replies":[{"embeddable":true,"href":"https:\/\/www.opinionpublica.tv\/portada\/wp-json\/wp\/v2\/comments?post=78923"}],"version-history":[{"count":3,"href":"https:\/\/www.opinionpublica.tv\/portada\/wp-json\/wp\/v2\/posts\/78923\/revisions"}],"predecessor-version":[{"id":78926,"href":"https:\/\/www.opinionpublica.tv\/portada\/wp-json\/wp\/v2\/posts\/78923\/revisions\/78926"}],"wp:featuredmedia":[{"embeddable":true,"href":"https:\/\/www.opinionpublica.tv\/portada\/wp-json\/wp\/v2\/media\/43385"}],"wp:attachment":[{"href":"https:\/\/www.opinionpublica.tv\/portada\/wp-json\/wp\/v2\/media?parent=78923"}],"wp:term":[{"taxonomy":"category","embeddable":true,"href":"https:\/\/www.opinionpublica.tv\/portada\/wp-json\/wp\/v2\/categories?post=78923"},{"taxonomy":"post_tag","embeddable":true,"href":"https:\/\/www.opinionpublica.tv\/portada\/wp-json\/wp\/v2\/tags?post=78923"}],"curies":[{"name":"wp","href":"https:\/\/api.w.org\/{rel}","templated":true}]}}