{"id":78696,"date":"2026-02-11T06:29:07","date_gmt":"2026-02-11T13:29:07","guid":{"rendered":"https:\/\/www.opinionpublica.tv\/portada\/?p=78696"},"modified":"2026-02-11T06:30:58","modified_gmt":"2026-02-11T13:30:58","slug":"y-donde-estan","status":"publish","type":"post","link":"https:\/\/www.opinionpublica.tv\/portada\/y-donde-estan\/","title":{"rendered":"\u00bfY d\u00f3nde est\u00e1n?"},"content":{"rendered":"\n<h4 class=\"wp-block-heading\">Ra\u00fal Ruiz<\/h4>\n\n\n\n<p class=\"wp-block-paragraph\">___________________________<\/p>\n\n\n\n<p class=\"wp-block-paragraph\">Luego de la detenci\u00f3n de Nicol\u00e1s Maduro en Miraflores, la presi\u00f3n en el Caribe y Am\u00e9rica Latina se deshinfl\u00f3 casi en su totalidad.<\/p>\n\n\n\n<p class=\"wp-block-paragraph\">El 3 de enero de este a\u00f1o, en una operaci\u00f3n quir\u00fargica que conjug\u00f3 la acci\u00f3n del grupo Delta, con impecable trabajo de inteligencia militar, y desde luego, la compra de mandos que facilitaron la operaci\u00f3n, los gringos realizaron un trabajo de abducci\u00f3n m\u00e1s que detenci\u00f3n, y de inmediato trasladaron a Maduro a bordo del USS Iwo Jima rumbo a Nueva York y lo encerraron bajo llave.<\/p>\n\n\n\n<p class=\"wp-block-paragraph\">Los d\u00edas fueron pasando y ni siquiera la hierba se mov\u00eda.<\/p>\n\n\n\n<p class=\"wp-block-paragraph\">No hubo reacci\u00f3n b\u00e9lica, de quienes supuestamente proteg\u00edan a Venezuela.<\/p>\n\n\n\n<p class=\"wp-block-paragraph\">Se arrugaron, se ocuparon en otros menesteres.<\/p>\n\n\n\n<p class=\"wp-block-paragraph\">Los venezolanos encontraron motivo para criticar a su manera, la decepci\u00f3n.<\/p>\n\n\n\n<p class=\"wp-block-paragraph\">Compusieron una rolita al ritmo de tecno salsa que dice as\u00ed:<\/p>\n\n\n\n<p class=\"wp-block-paragraph\">\u00abD\u00f3nde est\u00e1 China, donde est\u00e1 Rusia. \u00bfPor qu\u00e9 no actuaron?<\/p>\n\n\n\n<p class=\"wp-block-paragraph\">Cu\u00e1l es la excusa.<\/p>\n\n\n\n<p class=\"wp-block-paragraph\">Maduro est\u00e1 en una c\u00e1rcel federal. Y ahora me pregunto&#8230; \u00bfLos comunistas d\u00f3nde est\u00e1n?<\/p>\n\n\n\n<p class=\"wp-block-paragraph\">\u00bfD\u00f3nde est\u00e1n? \u00bfEn d\u00f3nde est\u00e1n? Los comunistas que lo iban a ayudar.\u00bb<\/p>\n\n\n\n<p class=\"wp-block-paragraph\">Una r\u00edtmica rolita muy mordaz que descubre a los falsos protectores.<\/p>\n\n\n\n<p class=\"wp-block-paragraph\">Ya lo hab\u00eda comentado yo endenantes.<\/p>\n\n\n\n<p class=\"wp-block-paragraph\">El mundo se lo han repartido ya.&nbsp; Vivimos una \u00e9poca multipolar.<\/p>\n\n\n\n<p class=\"wp-block-paragraph\">Caracter\u00edsticas del mundo multipolar:<\/p>\n\n\n\n<p class=\"wp-block-paragraph\">* Diversificaci\u00f3n del poder: Ning\u00fan pa\u00eds controla por completo la econom\u00eda, la pol\u00edtica o la seguridad global.<\/p>\n\n\n\n<p class=\"wp-block-paragraph\">* Competencia y cooperaci\u00f3n simult\u00e1neas:<\/p>\n\n\n\n<p class=\"wp-block-paragraph\">Las potencias pueden rivalizar en ciertos \u00e1mbitos (como tecnolog\u00eda o energ\u00eda) y colaborar en otros (como cambio clim\u00e1tico o comercio).<\/p>\n\n\n\n<p class=\"wp-block-paragraph\">* Fragmentaci\u00f3n ideol\u00f3gica:<\/p>\n\n\n\n<p class=\"wp-block-paragraph\">Se debilita la idea de un modelo \u00fanico (democracia liberal m\u00e1s capitalismo), y surgen alternativas con distintos sistemas pol\u00edticos y econ\u00f3micos.<\/p>\n\n\n\n<p class=\"wp-block-paragraph\">* Instituciones internacionales m\u00e1s disputadas: Organismos como la ONU, la OMC o el FMI se convierten en espacios de negociaci\u00f3n entre m\u00faltiples actores.<\/p>\n\n\n\n<p class=\"wp-block-paragraph\">Ejemplos actuales.<\/p>\n\n\n\n<p class=\"wp-block-paragraph\">* China: Expansi\u00f3n econ\u00f3mica y tecnol\u00f3gica, con proyectos como la Nueva Ruta de la Seda.<\/p>\n\n\n\n<p class=\"wp-block-paragraph\">* Rusia: Reafirma su influencia militar y energ\u00e9tica, especialmente en Eurasia.<\/p>\n\n\n\n<p class=\"wp-block-paragraph\">* India: Potencia emergente con peso demogr\u00e1fico y tecnol\u00f3gico.<\/p>\n\n\n\n<p class=\"wp-block-paragraph\">* Uni\u00f3n Europea: Actor normativo y econ\u00f3mico clave, aunque con tensiones internas.<\/p>\n\n\n\n<p class=\"wp-block-paragraph\">Mientras ninguno toque los intereses de cualquiera de los otros, puede haber paz.<\/p>\n\n\n\n<p class=\"wp-block-paragraph\">Sobre este tema, la hoja se da vuelta y s\u00f3lo queda la amenaza para Cuba.<\/p>\n\n\n\n<p class=\"wp-block-paragraph\">Siguen ustedes, les ha dicho Donald Trump.<\/p>\n\n\n\n<p class=\"wp-block-paragraph\">\u00abS\u00f3lo d\u00e9jenme acomodar los colmillos en el cuello de Venezuela y succionar el petr\u00f3leo.\u00bb<\/p>\n\n\n\n<p class=\"wp-block-paragraph\">Ahora el tema es el revuelo causado por Bad Bunny con su performance en el Super taz\u00f3n LX.<\/p>\n\n\n\n<p class=\"wp-block-paragraph\">Dicen los analistas, que el tal Bunny es un genio, un fen\u00f3meno al que tenemos que agradecerle sus balbuceos incoherentes pues en 13 minutos de espect\u00e1culo nos regal\u00f3:<\/p>\n\n\n\n<p class=\"wp-block-paragraph\">1. Orgullo puertorrique\u00f1o<\/p>\n\n\n\n<p class=\"wp-block-paragraph\">Coloc\u00f3 la cultura boricua al centro del escenario mundial, con s\u00edmbolos, ritmos y referencias a Puerto Rico.<\/p>\n\n\n\n<p class=\"wp-block-paragraph\">2. Unidad latinoamericana<\/p>\n\n\n\n<p class=\"wp-block-paragraph\">Cant\u00f3 en espa\u00f1ol y mencion\u00f3 a todos los pa\u00edses del continente, incluyendo EE.UU. y Canad\u00e1, como un gesto de integraci\u00f3n y uni\u00f3n.<\/p>\n\n\n\n<p class=\"wp-block-paragraph\">3. Resistencia cultural<\/p>\n\n\n\n<p class=\"wp-block-paragraph\">Transform\u00f3 el halftime en un espacio de memoria y resistencia simb\u00f3lica, reivindicando la identidad latina frente a narrativas conservadoras en EE.UU.<\/p>\n\n\n\n<p class=\"wp-block-paragraph\">4. Visibilidad migrante<\/p>\n\n\n\n<p class=\"wp-block-paragraph\">Su narrativa visual y musical incluy\u00f3 referencias a la migraci\u00f3n y a la dignidad de las comunidades latinas en Estados Unidos.<\/p>\n\n\n\n<p class=\"wp-block-paragraph\">5. Lengua como poder<\/p>\n\n\n\n<p class=\"wp-block-paragraph\">El espa\u00f1ol fue protagonista absoluto, rompiendo con la hegemon\u00eda angl\u00f3fona del evento y mostrando que la m\u00fasica latina puede liderar el espect\u00e1culo m\u00e1s visto del planeta.<\/p>\n\n\n\n<p class=\"wp-block-paragraph\">6. S\u00edmbolos ocultos y \u201ceaster eggs\u201d<\/p>\n\n\n\n<p class=\"wp-block-paragraph\">Desde vestuarios hasta escenograf\u00eda, incluy\u00f3 mensajes indirectos y referencias culturales que funcionaron como gui\u00f1os pol\u00edticos y sociales.<\/p>\n\n\n\n<p class=\"wp-block-paragraph\">En conjunto, Bad Bunny convirti\u00f3 el Super Bowl en un ritual de identidad y resistencia, donde la m\u00fasica urbana se volvi\u00f3 veh\u00edculo de orgullo latino y mensaje pol\u00edtico.<\/p>\n\n\n\n<p class=\"wp-block-paragraph\">A m\u00ed no me lo parece, pero es lo que hay.<\/p>\n","protected":false},"excerpt":{"rendered":"<p>Ra\u00fal Ruiz ___________________________ Luego de la detenci\u00f3n de Nicol\u00e1s Maduro en Miraflores, la presi\u00f3n en el Caribe y Am\u00e9rica Latina se deshinfl\u00f3 casi en su totalidad. El 3 de enero de este a\u00f1o, en una operaci\u00f3n quir\u00fargica que conjug\u00f3 la acci\u00f3n del grupo Delta, con impecable trabajo de inteligencia militar, y desde luego, la compra [&hellip;]<\/p>\n","protected":false},"author":6,"featured_media":43347,"comment_status":"closed","ping_status":"closed","sticky":false,"template":"","format":"standard","meta":{"_acf_changed":false,"_monsterinsights_skip_tracking":false,"slim_seo":{"title":"\u00bfY d\u00f3nde est\u00e1n? - Opini\u00f3n P\u00fablica","description":"Ra\u00fal Ruiz ___________________________ Luego de la detenci\u00f3n de Nicol\u00e1s Maduro en Miraflores, la presi\u00f3n en el Caribe y Am\u00e9rica Latina se deshinfl\u00f3 casi en su to"},"footnotes":""},"categories":[21],"tags":[593,789],"class_list":["post-78696","post","type-post","status-publish","format-standard","has-post-thumbnail","hentry","category-cartapacio","tag-cartapacio","tag-raul-ruiz"],"acf":[],"_links":{"self":[{"href":"https:\/\/www.opinionpublica.tv\/portada\/wp-json\/wp\/v2\/posts\/78696","targetHints":{"allow":["GET"]}}],"collection":[{"href":"https:\/\/www.opinionpublica.tv\/portada\/wp-json\/wp\/v2\/posts"}],"about":[{"href":"https:\/\/www.opinionpublica.tv\/portada\/wp-json\/wp\/v2\/types\/post"}],"author":[{"embeddable":true,"href":"https:\/\/www.opinionpublica.tv\/portada\/wp-json\/wp\/v2\/users\/6"}],"replies":[{"embeddable":true,"href":"https:\/\/www.opinionpublica.tv\/portada\/wp-json\/wp\/v2\/comments?post=78696"}],"version-history":[{"count":2,"href":"https:\/\/www.opinionpublica.tv\/portada\/wp-json\/wp\/v2\/posts\/78696\/revisions"}],"predecessor-version":[{"id":78698,"href":"https:\/\/www.opinionpublica.tv\/portada\/wp-json\/wp\/v2\/posts\/78696\/revisions\/78698"}],"wp:featuredmedia":[{"embeddable":true,"href":"https:\/\/www.opinionpublica.tv\/portada\/wp-json\/wp\/v2\/media\/43347"}],"wp:attachment":[{"href":"https:\/\/www.opinionpublica.tv\/portada\/wp-json\/wp\/v2\/media?parent=78696"}],"wp:term":[{"taxonomy":"category","embeddable":true,"href":"https:\/\/www.opinionpublica.tv\/portada\/wp-json\/wp\/v2\/categories?post=78696"},{"taxonomy":"post_tag","embeddable":true,"href":"https:\/\/www.opinionpublica.tv\/portada\/wp-json\/wp\/v2\/tags?post=78696"}],"curies":[{"name":"wp","href":"https:\/\/api.w.org\/{rel}","templated":true}]}}