{"id":78673,"date":"2026-02-11T00:01:00","date_gmt":"2026-02-11T07:01:00","guid":{"rendered":"https:\/\/www.opinionpublica.tv\/portada\/?p=78673"},"modified":"2026-02-10T19:52:06","modified_gmt":"2026-02-11T02:52:06","slug":"fortalece-seguridad-publica-municipal-la-prevencion-con-platicas-sobre-cuidado-familiar","status":"publish","type":"post","link":"https:\/\/www.opinionpublica.tv\/portada\/fortalece-seguridad-publica-municipal-la-prevencion-con-platicas-sobre-cuidado-familiar\/","title":{"rendered":"Fortalece Seguridad P\u00fablica Municipal la prevenci\u00f3n con pl\u00e1ticas de cuidado familiar"},"content":{"rendered":"\n<figure class=\"wp-block-image size-large\"><img fetchpriority=\"high\" decoding=\"async\" width=\"1024\" height=\"768\" src=\"https:\/\/www.opinionpublica.tv\/portada\/wp-content\/uploads\/2026\/02\/Fortalece-Seguridad-Publica-Municipal-la-prevencion-con-platicas-de-cuidado-familiar-1024x768.jpeg\" alt=\"Fortalece seguridad pu\u0301blica municipal la prevencio\u0301n con pla\u0301ticas de cuidado familiar\" class=\"wp-image-78676\" srcset=\"https:\/\/www.opinionpublica.tv\/portada\/wp-content\/uploads\/2026\/02\/Fortalece-Seguridad-Publica-Municipal-la-prevencion-con-platicas-de-cuidado-familiar-1024x768.jpeg 1024w, https:\/\/www.opinionpublica.tv\/portada\/wp-content\/uploads\/2026\/02\/Fortalece-Seguridad-Publica-Municipal-la-prevencion-con-platicas-de-cuidado-familiar-300x225.jpeg 300w, https:\/\/www.opinionpublica.tv\/portada\/wp-content\/uploads\/2026\/02\/Fortalece-Seguridad-Publica-Municipal-la-prevencion-con-platicas-de-cuidado-familiar-768x576.jpeg 768w, https:\/\/www.opinionpublica.tv\/portada\/wp-content\/uploads\/2026\/02\/Fortalece-Seguridad-Publica-Municipal-la-prevencion-con-platicas-de-cuidado-familiar-1536x1152.jpeg 1536w, https:\/\/www.opinionpublica.tv\/portada\/wp-content\/uploads\/2026\/02\/Fortalece-Seguridad-Publica-Municipal-la-prevencion-con-platicas-de-cuidado-familiar.jpeg 1600w\" sizes=\"(max-width: 1024px) 100vw, 1024px\" \/><\/figure>\n\n\n\n<p class=\"wp-block-paragraph\"><em>Ciudad Ju\u00e1rez, Chih<\/em>.- Elementos del Grupo 16, adscritos a la Direcci\u00f3n de Prevenci\u00f3n Social de la Secretar\u00eda de Seguridad P\u00fablica Municipal, impartieron una pl\u00e1tica preventiva dirigida a padres de familia de la Escuela Secundaria Federal 19, con el objetivo de concientizar sobre la \u201cOmisi\u00f3n de Cuidados\u201d y sus repercusiones en el desarrollo integral de los estudiantes.<\/p>\n\n\n\n<p class=\"wp-block-paragraph\">La charla se llev\u00f3 a cabo en las instalaciones del plantel educativo, ubicado en el cruce de las calles Monte de Toledo y Monte de Col\u00f3n, en el Fraccionamiento Parajes de San Juan, donde agentes especializados compartieron informaci\u00f3n relevante sobre las responsabilidades parentales, los riesgos asociados a la falta de supervisi\u00f3n y las herramientas para fortalecer la protecci\u00f3n de ni\u00f1as, ni\u00f1os y adolescentes.<\/p>\n\n\n\n<p class=\"wp-block-paragraph\">Durante la sesi\u00f3n, se destac\u00f3 la importancia de que los padres identifiquen conductas de riesgo, establezcan canales de comunicaci\u00f3n efectiva con sus hijos y conozcan los mecanismos de alerta ante situaciones que puedan comprometer su integridad f\u00edsica o emocional, enfatizando que la prevenci\u00f3n comienza en el hogar y que la corresponsabilidad entre familia, escuela y autoridades es fundamental para construir entornos seguros.<\/p>\n\n\n\n<p class=\"wp-block-paragraph\">Los padres asistentes reconocieron el valor de este tipo de orientaciones, ya que les permiten adquirir conocimientos pr\u00e1cticos para detectar y evitar situaciones de vulnerabilidad, adem\u00e1s de fortalecer los lazos familiares y promover una crianza m\u00e1s consciente y protectora.<\/p>\n","protected":false},"excerpt":{"rendered":"<p>Ciudad Ju\u00e1rez, Chih.- Elementos del Grupo 16, adscritos a la Direcci\u00f3n de Prevenci\u00f3n Social de la Secretar\u00eda de Seguridad P\u00fablica Municipal, impartieron una pl\u00e1tica preventiva dirigida a padres de familia de la Escuela Secundaria Federal 19, con el objetivo de concientizar sobre la \u201cOmisi\u00f3n de Cuidados\u201d y sus repercusiones en el desarrollo integral de los [&hellip;]<\/p>\n","protected":false},"author":6,"featured_media":78676,"comment_status":"closed","ping_status":"closed","sticky":false,"template":"","format":"standard","meta":{"_acf_changed":false,"_monsterinsights_skip_tracking":false,"slim_seo":{"title":"Fortalece Seguridad P\u00fablica Municipal la prevenci\u00f3n con pl\u00e1ticas de cuidado familiar - Opini\u00f3n P\u00fablica","description":"Ciudad Ju\u00e1rez, Chih .- Elementos del Grupo 16, adscritos a la Direcci\u00f3n de Prevenci\u00f3n Social de la Secretar\u00eda de Seguridad P\u00fablica Municipal, impartieron una pl"},"footnotes":""},"categories":[41],"tags":[608,2290,1706,1119],"class_list":["post-78673","post","type-post","status-publish","format-standard","has-post-thumbnail","hentry","category-juarez","tag-ciudad-juarez","tag-cuidado-familiar","tag-prevencion","tag-seguridad-publica-municipal"],"acf":[],"_links":{"self":[{"href":"https:\/\/www.opinionpublica.tv\/portada\/wp-json\/wp\/v2\/posts\/78673","targetHints":{"allow":["GET"]}}],"collection":[{"href":"https:\/\/www.opinionpublica.tv\/portada\/wp-json\/wp\/v2\/posts"}],"about":[{"href":"https:\/\/www.opinionpublica.tv\/portada\/wp-json\/wp\/v2\/types\/post"}],"author":[{"embeddable":true,"href":"https:\/\/www.opinionpublica.tv\/portada\/wp-json\/wp\/v2\/users\/6"}],"replies":[{"embeddable":true,"href":"https:\/\/www.opinionpublica.tv\/portada\/wp-json\/wp\/v2\/comments?post=78673"}],"version-history":[{"count":3,"href":"https:\/\/www.opinionpublica.tv\/portada\/wp-json\/wp\/v2\/posts\/78673\/revisions"}],"predecessor-version":[{"id":78678,"href":"https:\/\/www.opinionpublica.tv\/portada\/wp-json\/wp\/v2\/posts\/78673\/revisions\/78678"}],"wp:featuredmedia":[{"embeddable":true,"href":"https:\/\/www.opinionpublica.tv\/portada\/wp-json\/wp\/v2\/media\/78676"}],"wp:attachment":[{"href":"https:\/\/www.opinionpublica.tv\/portada\/wp-json\/wp\/v2\/media?parent=78673"}],"wp:term":[{"taxonomy":"category","embeddable":true,"href":"https:\/\/www.opinionpublica.tv\/portada\/wp-json\/wp\/v2\/categories?post=78673"},{"taxonomy":"post_tag","embeddable":true,"href":"https:\/\/www.opinionpublica.tv\/portada\/wp-json\/wp\/v2\/tags?post=78673"}],"curies":[{"name":"wp","href":"https:\/\/api.w.org\/{rel}","templated":true}]}}