{"id":78635,"date":"2026-02-11T00:01:00","date_gmt":"2026-02-11T07:01:00","guid":{"rendered":"https:\/\/www.opinionpublica.tv\/portada\/?p=78635"},"modified":"2026-02-10T17:57:44","modified_gmt":"2026-02-11T00:57:44","slug":"efemerides-11-de-febrero-un-dia-como-hoy-en-la-historia","status":"publish","type":"post","link":"https:\/\/www.opinionpublica.tv\/portada\/efemerides-11-de-febrero-un-dia-como-hoy-en-la-historia\/","title":{"rendered":"Efem\u00e9rides 11 de febrero | Un d\u00eda como hoy en la historia&#8230;"},"content":{"rendered":"\n<p class=\"wp-block-paragraph\"><em>Un d\u00eda 11 de febrero como hoy, pero de 1990, en Sud\u00e1frica, Nelson Mandela es liberado por el gobierno del recientemente electo presidente F.W. De Klerk, tras pasar 27 a\u00f1os en prisi\u00f3n<\/em>.<\/p>\n\n\n\n<figure class=\"wp-block-image size-full\"><img fetchpriority=\"high\" decoding=\"async\" width=\"1020\" height=\"680\" src=\"https:\/\/www.opinionpublica.tv\/portada\/wp-content\/uploads\/2026\/02\/1990-en-Sudafrica-Nelson-Mandela-es-liberado-por-el-gobierno-del-recientemente-electo-presidente-F.W.-De-Klerk-tras-pasar-27-anos-en-prision.jpg\" alt=\"1990, en suda\u0301frica, nelson mandela es liberado por el gobierno del recientemente electo presidente f.w. de klerk, tras pasar 27 an\u0303os en prisio\u0301n\" class=\"wp-image-78636\" srcset=\"https:\/\/www.opinionpublica.tv\/portada\/wp-content\/uploads\/2026\/02\/1990-en-Sudafrica-Nelson-Mandela-es-liberado-por-el-gobierno-del-recientemente-electo-presidente-F.W.-De-Klerk-tras-pasar-27-anos-en-prision.jpg 1020w, https:\/\/www.opinionpublica.tv\/portada\/wp-content\/uploads\/2026\/02\/1990-en-Sudafrica-Nelson-Mandela-es-liberado-por-el-gobierno-del-recientemente-electo-presidente-F.W.-De-Klerk-tras-pasar-27-anos-en-prision-300x200.jpg 300w, https:\/\/www.opinionpublica.tv\/portada\/wp-content\/uploads\/2026\/02\/1990-en-Sudafrica-Nelson-Mandela-es-liberado-por-el-gobierno-del-recientemente-electo-presidente-F.W.-De-Klerk-tras-pasar-27-anos-en-prision-768x512.jpg 768w\" sizes=\"(max-width: 1020px) 100vw, 1020px\" \/><\/figure>\n\n\n\n<p class=\"wp-block-paragraph\"><strong>Otras efem\u00e9rides<\/strong><\/p>\n\n\n\n<p class=\"wp-block-paragraph\">1847.- Nace el estadounidense Thomas Alva Edison, creador del fon\u00f3grafo -precursor del tocadiscos- y de la bombilla de luz incandescente, entre las 1.903 patentes que registr\u00f3 en su vida.<\/p>\n\n\n\n<p class=\"wp-block-paragraph\">1895.- EE.UU. establece un protectorado sobre las islas Hawai.<\/p>\n\n\n\n<p class=\"wp-block-paragraph\">1906.- Se publica la enc\u00edclica \u00abVehementer Nos\u00bb, del papa Pio X, sobre la situaci\u00f3n religiosa creada en Francia tras la aprobaci\u00f3n de la ley que contempla la separaci\u00f3n Iglesia-Estado.<\/p>\n\n\n\n<p class=\"wp-block-paragraph\">1929.- Firma de los Pactos de Letr\u00e1n entre la Santa Sede e Italia, por los que se reconoce el Estado Vaticano.<\/p>\n\n\n\n<p class=\"wp-block-paragraph\">1975.- Margaret Thatcher es elegida presidenta del Partido Conservador brit\u00e1nico.<\/p>\n\n\n\n<p class=\"wp-block-paragraph\">1989.- La estadounidense Barbara Harris es la primera mujer ordenada obispa en la Iglesia episcopal.<\/p>\n\n\n\n<p class=\"wp-block-paragraph\">1999.- El Congreso paraguayo aprueba enjuiciar pol\u00edticamente al presidente Ra\u00fal Cubas por \u00abmal desempe\u00f1o de sus funciones y delitos cometidos en el ejercicio de cargo\u00bb.<\/p>\n\n\n\n<p class=\"wp-block-paragraph\">2000.- Nueve semanas despu\u00e9s de su creaci\u00f3n, Londres suspende el ejecutivo aut\u00f3nomo de Irlanda del Norte al no haber comenzado el desarme del IRA (Ej\u00e9rcito Republicano Irland\u00e9s).<\/p>\n\n\n\n<p class=\"wp-block-paragraph\">2002.- Argentina libera su mercado cambiario, tras once a\u00f1os de paridad entre peso y d\u00f3lar.<\/p>\n\n\n\n<p class=\"wp-block-paragraph\">2011.- Hosni Mubarak, presidente de Egipto desde 1981, entrega el poder a los militares, tras semanas de protestas populares.<\/p>\n\n\n\n<p class=\"wp-block-paragraph\">2013.- El papa Benedicto XVI anuncia que renunciar\u00e1 a sus funciones el d\u00eda 28 del mismo mes por su \u00abedad avanzada\u00bb.<\/p>\n\n\n\n<p class=\"wp-block-paragraph\">2015.- Condenan al ex capit\u00e1n Francesco Schettino a 16 a\u00f1os de c\u00e1rcel por el naufragio del crucero \u00abCosta Concordia\u00bb, en enero 2012.<\/p>\n\n\n\n<p class=\"wp-block-paragraph\">2018.- Un avi\u00f3n se estrella en las afueras de Mosc\u00fa y mueren sus 71 ocupantes.<\/p>\n\n\n\n<p class=\"wp-block-paragraph\">2020.- La OMS bautiza con el nombre \u00abCovid-19\u00bb la enfermedad del coronavirus de Wuhan.<\/p>\n\n\n\n<p class=\"wp-block-paragraph\"><strong>Nacimientos<\/strong><\/p>\n\n\n\n<p class=\"wp-block-paragraph\">1909.- Joseph Leo Mankiewicz, cineasta estadounidense.<\/p>\n\n\n\n<p class=\"wp-block-paragraph\">1920.- Faruk, rey de Egipto.<\/p>\n\n\n\n<p class=\"wp-block-paragraph\">1926.- Paul Bocuse, cocinero franc\u00e9s.<\/p>\n\n\n\n<p class=\"wp-block-paragraph\">1934.- Mary Quant, dise\u00f1adora brit\u00e1nica.<\/p>\n\n\n\n<p class=\"wp-block-paragraph\">1936.- Burt Reynolds, actor estadounidense.<\/p>\n\n\n\n<p class=\"wp-block-paragraph\">1940.- Rafael de Paula, torero espa\u00f1ol.<\/p>\n\n\n\n<p class=\"wp-block-paragraph\">1950.- Tino Casal, cantante y compositor espa\u00f1ol.<\/p>\n\n\n\n<p class=\"wp-block-paragraph\">1964.- Joan Roca, chef espa\u00f1ol.<\/p>\n\n\n\n<p class=\"wp-block-paragraph\">1969.- Jennifer Aniston, actriz estadounidense.<\/p>\n\n\n\n<p class=\"wp-block-paragraph\"><strong>Defunciones<\/strong><\/p>\n\n\n\n<p class=\"wp-block-paragraph\">1650.- Ren\u00e9 Descartes, fil\u00f3sofo y matem\u00e1tico franc\u00e9s.<\/p>\n\n\n\n<p class=\"wp-block-paragraph\">1894.- Emilio Arrieta, compositor espa\u00f1ol.<\/p>\n\n\n\n<p class=\"wp-block-paragraph\">1948.- Serguei M. Eisenstein, cineasta sovi\u00e9tico.<\/p>\n\n\n\n<p class=\"wp-block-paragraph\">1949.- Axel Munthe, m\u00e9dico y escritor sueco.<\/p>\n\n\n\n<p class=\"wp-block-paragraph\">2000.- Roger Vadim, cineasta franc\u00e9s.<\/p>\n\n\n\n<p class=\"wp-block-paragraph\">2009.- Willem Kolff, m\u00e9dico holand\u00e9s nacionalizado estadounidense, pionero en la creaci\u00f3n de \u00f3rganos artificiales.<\/p>\n\n\n\n<p class=\"wp-block-paragraph\">2010.- Alexander Mcqueen, dise\u00f1ador de moda brit\u00e1nico.<\/p>\n\n\n\n<p class=\"wp-block-paragraph\">2012.- Whitney Houston, cantante y actriz estadounidense.<\/p>\n","protected":false},"excerpt":{"rendered":"<p>Un d\u00eda 11 de febrero como hoy, pero de 1990, en Sud\u00e1frica, Nelson Mandela es liberado por el gobierno del recientemente electo presidente F.W. De Klerk, tras pasar 27 a\u00f1os en prisi\u00f3n. Otras efem\u00e9rides 1847.- Nace el estadounidense Thomas Alva Edison, creador del fon\u00f3grafo -precursor del tocadiscos- y de la bombilla de luz incandescente, entre [&hellip;]<\/p>\n","protected":false},"author":6,"featured_media":78636,"comment_status":"closed","ping_status":"closed","sticky":false,"template":"","format":"standard","meta":{"_acf_changed":false,"_monsterinsights_skip_tracking":false,"slim_seo":{"title":"Efem\u00e9rides 11 de febrero | Un d\u00eda como hoy en la historia... - Opini\u00f3n P\u00fablica","description":"Un d\u00eda 11 de febrero como hoy, pero de 1990, en Sud\u00e1frica, Nelson Mandela es liberado por el gobierno del recientemente electo presidente F.W. De Klerk, tras pa"},"footnotes":""},"categories":[27],"tags":[2284,2285,59],"class_list":["post-78635","post","type-post","status-publish","format-standard","has-post-thumbnail","hentry","category-un-dia-como-hoy","tag-efemerides-11-de-febrero","tag-nelson-mandela","tag-un-dia-como-hoy"],"acf":[],"_links":{"self":[{"href":"https:\/\/www.opinionpublica.tv\/portada\/wp-json\/wp\/v2\/posts\/78635","targetHints":{"allow":["GET"]}}],"collection":[{"href":"https:\/\/www.opinionpublica.tv\/portada\/wp-json\/wp\/v2\/posts"}],"about":[{"href":"https:\/\/www.opinionpublica.tv\/portada\/wp-json\/wp\/v2\/types\/post"}],"author":[{"embeddable":true,"href":"https:\/\/www.opinionpublica.tv\/portada\/wp-json\/wp\/v2\/users\/6"}],"replies":[{"embeddable":true,"href":"https:\/\/www.opinionpublica.tv\/portada\/wp-json\/wp\/v2\/comments?post=78635"}],"version-history":[{"count":2,"href":"https:\/\/www.opinionpublica.tv\/portada\/wp-json\/wp\/v2\/posts\/78635\/revisions"}],"predecessor-version":[{"id":78639,"href":"https:\/\/www.opinionpublica.tv\/portada\/wp-json\/wp\/v2\/posts\/78635\/revisions\/78639"}],"wp:featuredmedia":[{"embeddable":true,"href":"https:\/\/www.opinionpublica.tv\/portada\/wp-json\/wp\/v2\/media\/78636"}],"wp:attachment":[{"href":"https:\/\/www.opinionpublica.tv\/portada\/wp-json\/wp\/v2\/media?parent=78635"}],"wp:term":[{"taxonomy":"category","embeddable":true,"href":"https:\/\/www.opinionpublica.tv\/portada\/wp-json\/wp\/v2\/categories?post=78635"},{"taxonomy":"post_tag","embeddable":true,"href":"https:\/\/www.opinionpublica.tv\/portada\/wp-json\/wp\/v2\/tags?post=78635"}],"curies":[{"name":"wp","href":"https:\/\/api.w.org\/{rel}","templated":true}]}}