{"id":78504,"date":"2026-02-09T00:01:00","date_gmt":"2026-02-09T07:01:00","guid":{"rendered":"https:\/\/www.opinionpublica.tv\/portada\/?p=78504"},"modified":"2026-02-08T20:01:55","modified_gmt":"2026-02-09T03:01:55","slug":"el-sindrome-de-criptis-tomo-ii","status":"publish","type":"post","link":"https:\/\/www.opinionpublica.tv\/portada\/el-sindrome-de-criptis-tomo-ii\/","title":{"rendered":"El S\u00edndrome de Cr\u00edptis (Tomo II)"},"content":{"rendered":"\n<h4 class=\"wp-block-heading\">Ra\u00fal Ruiz<\/h4>\n\n\n\n<p class=\"wp-block-paragraph\">___________________________<\/p>\n\n\n\n<p class=\"wp-block-paragraph\">Hace como dos o tres meses escrib\u00ed sobre este tema.<\/p>\n\n\n\n<p class=\"wp-block-paragraph\">Fue cuando se descubri\u00f3 la conexi\u00f3n del senador, Ad\u00e1n Augusto L\u00f3pez, con el cartel de La Barredora.<\/p>\n\n\n\n<p class=\"wp-block-paragraph\">Asunto que han dejado correr bajo la alfombra, y que al paso del tiempo ser\u00e1 un Hoyo negro a su carrera pol\u00edtica.<\/p>\n\n\n\n<p class=\"wp-block-paragraph\">Y si no se resuelve pronto, el hoyo se tragar\u00e1 a toda la 4T.<\/p>\n\n\n\n<p class=\"wp-block-paragraph\">A esto se le llama, S\u00edndrome de Cr\u00edptis.<\/p>\n\n\n\n<p class=\"wp-block-paragraph\">El llamado S\u00edndrome de Cr\u00edptis no es un t\u00e9rmino m\u00e9dico, sino una noci\u00f3n filos\u00f3fico-pol\u00edtica acu\u00f1ada en di\u00e1logo con Ikram Antaki y retomada en mis columnas recientes.<\/p>\n\n\n\n<p class=\"wp-block-paragraph\">Se describe como una situaci\u00f3n l\u00edmite \u2014pol\u00edtica, \u00e9tica o existencial\u2014 en la que cualquier acci\u00f3n o decisi\u00f3n conduce inevitablemente a un deterioro irreversible.<\/p>\n\n\n\n<p class=\"wp-block-paragraph\">Repito&#8230;. IRREVERSIBLE.<\/p>\n\n\n\n<p class=\"wp-block-paragraph\">Rasgos principales del concepto.<\/p>\n\n\n\n<p class=\"wp-block-paragraph\">&#8211; El sujeto pierde capacidad de maniobra y se enfrenta al colapso simb\u00f3lico de sus v\u00ednculos, su narrativa p\u00fablica y su autoridad.<\/p>\n\n\n\n<p class=\"wp-block-paragraph\">&#8211; No es el final, sino el punto ciego del poder: un momento en que las salidas parecen clausuradas y las decisiones ya no regeneran legitimidad.<\/p>\n\n\n\n<p class=\"wp-block-paragraph\">&#8211; Etimolog\u00eda simb\u00f3lica: surge de la contracci\u00f3n entre crisis y \u00f3ptica, evocando una visi\u00f3n clausurada, una encrucijada invisible donde el ojo pol\u00edtico ya no distingue salidas sino espejismos.<\/p>\n\n\n\n<p class=\"wp-block-paragraph\">CR\u00cdPTIS<\/p>\n\n\n\n<p class=\"wp-block-paragraph\">&#8211; Dimensi\u00f3n existencial: m\u00e1s all\u00e1 de lo pol\u00edtico, puede aplicarse a \u00e1mbitos \u00e9ticos o vitales, como el instante en que toda estrategia se convierte en desgaste y todo movimiento en p\u00e9rdida.<\/p>\n\n\n\n<p class=\"wp-block-paragraph\">En t\u00e9rminos performativos, la Cr\u00edptis puede pensarse como un ritual de clausura: el poder se mira en su propio espejo deformante y descubre que ya no controla ni el relato ni la escena.<\/p>\n\n\n\n<p class=\"wp-block-paragraph\">Reitero:<\/p>\n\n\n\n<p class=\"wp-block-paragraph\">Nunca pens\u00e9 que mi amistad con Ikram Antaki me traer\u00eda tanto capital intelectual.<\/p>\n\n\n\n<p class=\"wp-block-paragraph\">Conocimiento que no deja, pero ilustra.<\/p>\n\n\n\n<p class=\"wp-block-paragraph\">Nuestras charlas fueron aut\u00e9nticos abrevaderos de conocimiento.<\/p>\n\n\n\n<p class=\"wp-block-paragraph\">Por ejemplo, platicar sobre el significado de CR\u00cdPTIS.<\/p>\n\n\n\n<p class=\"wp-block-paragraph\">El t\u00e9rmino es inocuo hasta que cobra vida y se traga al primer pol\u00edtico.<\/p>\n\n\n\n<p class=\"wp-block-paragraph\">En los pliegues m\u00e1s oscuros de la pol\u00edtica mexicana contempor\u00e1nea, emerge una figura que encarna el concepto de Cr\u00edptis: Ad\u00e1n Augusto L\u00f3pez.<\/p>\n\n\n\n<p class=\"wp-block-paragraph\">Lo que comenz\u00f3 como una trayectoria de poder acumulado dentro de la 4T ha derivado en una situaci\u00f3n donde cada paso que da parece hundirlo m\u00e1s en el lodo de la controversia.<\/p>\n\n\n\n<p class=\"wp-block-paragraph\">La revelaci\u00f3n de v\u00ednculos entre su ex secretario de Seguridad, Hern\u00e1n Berm\u00fadez Requena, y el grupo criminal La Barredora ha colocado a L\u00f3pez en una Cr\u00edptis perfecta: si habla, se expone; si calla, se hunde.<\/p>\n\n\n\n<p class=\"wp-block-paragraph\">Pero Cr\u00edptis no es solo el abismo de quien lo habita, sino tambi\u00e9n el eco que arrastra.<\/p>\n\n\n\n<p class=\"wp-block-paragraph\">Y as\u00ed lo predije entonces.<\/p>\n\n\n\n<p class=\"wp-block-paragraph\">Andrea Ch\u00e1vez, senadora y figura emergente en Chihuahua, ha sido se\u00f1alada por su cercan\u00eda con L\u00f3pez y por presuntos v\u00ednculos indirectos con redes de financiamiento il\u00edcito.<\/p>\n\n\n\n<p class=\"wp-block-paragraph\">Su defensa p\u00fablica del senador, su rol como vocera y estratega, y los gestos simb\u00f3licos compartidos (como aquel vuelo bajo la luna llena donde se leyeron poemas de Pellicer) la colocan en el borde del mismo precipicio.<\/p>\n\n\n\n<p class=\"wp-block-paragraph\">La Cr\u00edptis no es una ca\u00edda, es el momento en que el suelo deja de ofrecer seguridad.<\/p>\n\n\n\n<p class=\"wp-block-paragraph\">\u00a1Es un v\u00f3rtice!<\/p>\n\n\n\n<p class=\"wp-block-paragraph\">Debe ser terrible sufrir esa sensaci\u00f3n de estar atrapado en una red donde cada salida lleva al abismo, y Cr\u00edptis es una palabra o expresi\u00f3n que no solo denota la imposibilidad, sino tambi\u00e9n la carga \u00e9tica, estrat\u00e9gica o simb\u00f3lica del momento.<\/p>\n\n\n\n<p class=\"wp-block-paragraph\">Imagina t\u00fa la angustia de sufrir la paradoja del desgaste: Cuando seguir o detenerse equivale al mismo deterioro, con implicaciones \u00e9ticas.<\/p>\n\n\n\n<p class=\"wp-block-paragraph\">Un cr\u00edtico de arte lo definir\u00eda como El Dilema Tr\u00e1gico.<\/p>\n\n\n\n<p class=\"wp-block-paragraph\">Situaci\u00f3n en la que cualquier decisi\u00f3n implica una p\u00e9rdida significativa.<\/p>\n\n\n\n<p class=\"wp-block-paragraph\">Muy usado en la tragedia cl\u00e1sica.<\/p>\n\n\n\n<p class=\"wp-block-paragraph\">Los escritores que empiezan a colocar las palabras para darle un efecto dram\u00e1tico, usan lugares comunes como:<\/p>\n\n\n\n<p class=\"wp-block-paragraph\">\u00abSe encuentra en un callej\u00f3n sin salida\u00bb. M\u00e1s coloquial, pero eficaz en describir lo infranqueable.<\/p>\n\n\n\n<p class=\"wp-block-paragraph\">Los que aman profundamente la tragedia dir\u00edan: se encuentra en el umbral del sacrificio: Si se quiere resaltar el momento en que se cruza hacia una renuncia necesaria.<\/p>\n\n\n\n<p class=\"wp-block-paragraph\">Por el lado que le quieras ver, estamos hablando de un \u00abCad\u00e1ver Pol\u00edtico\u00bb, (Dir\u00eda Zepeda Patterson)<\/p>\n\n\n\n<p class=\"wp-block-paragraph\">Hace tres meses dije:<\/p>\n\n\n\n<p class=\"wp-block-paragraph\">Todav\u00eda hay mucho celuloide por rodar. Esto apenas comienza.<\/p>\n\n\n\n<p class=\"wp-block-paragraph\">Hoy digo, el celuloide ha comenzado a rodar.<\/p>\n\n\n\n<p class=\"wp-block-paragraph\">Ad\u00e1n Augusto L\u00f3pez atrapado en el s\u00edndrome de Cr\u00edptis, y en su ca\u00edda arrastrando a Andrea Ch\u00e1vez como si fuera un sat\u00e9lite pol\u00edtico condenado a la \u00f3rbita del desgaste.<\/p>\n\n\n\n<p class=\"wp-block-paragraph\">El v\u00f3rtice de la Cr\u00edptis: Ad\u00e1n Augusto y succi\u00f3n pol\u00edtica.<\/p>\n\n\n\n<p class=\"wp-block-paragraph\">&#8211; La acompa\u00f1ante involuntaria: Andrea Ch\u00e1vez, atrapada en la succi\u00f3n gravitacional del derrumbe.<\/p>\n\n\n\n<p class=\"wp-block-paragraph\">No es que haya cometido un error propio, sino que la f\u00edsica pol\u00edtica es cruel: quien orbita demasiado cerca del Cr\u00edptis termina por ser absorbido.<\/p>\n\n\n\n<p class=\"wp-block-paragraph\">&#8211; El coro ciudadano: observa con una mezcla de risa y resignaci\u00f3n, como si asistiera a una tragicomedia griega montada en el teatro de la frontera.<\/p>\n\n\n\n<p class=\"wp-block-paragraph\">La lecci\u00f3n es clara: en pol\u00edtica, la gravedad no se negocia.<\/p>\n\n\n\n<p class=\"wp-block-paragraph\">Y cuando el poder entra en Cr\u00edptis, no hay discurso ni alianza que lo saque.<\/p>\n","protected":false},"excerpt":{"rendered":"<p>Ra\u00fal Ruiz ___________________________ Hace como dos o tres meses escrib\u00ed sobre este tema. Fue cuando se descubri\u00f3 la conexi\u00f3n del senador, Ad\u00e1n Augusto L\u00f3pez, con el cartel de La Barredora. Asunto que han dejado correr bajo la alfombra, y que al paso del tiempo ser\u00e1 un Hoyo negro a su carrera pol\u00edtica. Y si no [&hellip;]<\/p>\n","protected":false},"author":6,"featured_media":43347,"comment_status":"closed","ping_status":"closed","sticky":false,"template":"","format":"standard","meta":{"_acf_changed":false,"_monsterinsights_skip_tracking":false,"slim_seo":{"title":"El S\u00edndrome de Cr\u00edptis (Tomo II) - Opini\u00f3n P\u00fablica","description":"Ra\u00fal Ruiz ___________________________ Hace como dos o tres meses escrib\u00ed sobre este tema. Fue cuando se descubri\u00f3 la conexi\u00f3n del senador, Ad\u00e1n Augusto L\u00f3pez, c"},"footnotes":""},"categories":[21],"tags":[593,789],"class_list":["post-78504","post","type-post","status-publish","format-standard","has-post-thumbnail","hentry","category-cartapacio","tag-cartapacio","tag-raul-ruiz"],"acf":[],"_links":{"self":[{"href":"https:\/\/www.opinionpublica.tv\/portada\/wp-json\/wp\/v2\/posts\/78504","targetHints":{"allow":["GET"]}}],"collection":[{"href":"https:\/\/www.opinionpublica.tv\/portada\/wp-json\/wp\/v2\/posts"}],"about":[{"href":"https:\/\/www.opinionpublica.tv\/portada\/wp-json\/wp\/v2\/types\/post"}],"author":[{"embeddable":true,"href":"https:\/\/www.opinionpublica.tv\/portada\/wp-json\/wp\/v2\/users\/6"}],"replies":[{"embeddable":true,"href":"https:\/\/www.opinionpublica.tv\/portada\/wp-json\/wp\/v2\/comments?post=78504"}],"version-history":[{"count":1,"href":"https:\/\/www.opinionpublica.tv\/portada\/wp-json\/wp\/v2\/posts\/78504\/revisions"}],"predecessor-version":[{"id":78505,"href":"https:\/\/www.opinionpublica.tv\/portada\/wp-json\/wp\/v2\/posts\/78504\/revisions\/78505"}],"wp:featuredmedia":[{"embeddable":true,"href":"https:\/\/www.opinionpublica.tv\/portada\/wp-json\/wp\/v2\/media\/43347"}],"wp:attachment":[{"href":"https:\/\/www.opinionpublica.tv\/portada\/wp-json\/wp\/v2\/media?parent=78504"}],"wp:term":[{"taxonomy":"category","embeddable":true,"href":"https:\/\/www.opinionpublica.tv\/portada\/wp-json\/wp\/v2\/categories?post=78504"},{"taxonomy":"post_tag","embeddable":true,"href":"https:\/\/www.opinionpublica.tv\/portada\/wp-json\/wp\/v2\/tags?post=78504"}],"curies":[{"name":"wp","href":"https:\/\/api.w.org\/{rel}","templated":true}]}}