{"id":78494,"date":"2026-02-09T00:01:00","date_gmt":"2026-02-09T07:01:00","guid":{"rendered":"https:\/\/www.opinionpublica.tv\/portada\/?p=78494"},"modified":"2026-02-08T17:58:00","modified_gmt":"2026-02-09T00:58:00","slug":"promueve-salud-municipal-el-lavado-de-manos-para-la-proteccion-de-la-salud-publica","status":"publish","type":"post","link":"https:\/\/www.opinionpublica.tv\/portada\/promueve-salud-municipal-el-lavado-de-manos-para-la-proteccion-de-la-salud-publica\/","title":{"rendered":"Promueve Salud Municipal el correcto lavado de manos para proteger la salud p\u00fablica"},"content":{"rendered":"\n<figure class=\"wp-block-image size-large\"><img fetchpriority=\"high\" decoding=\"async\" width=\"1024\" height=\"682\" src=\"https:\/\/www.opinionpublica.tv\/portada\/wp-content\/uploads\/2026\/02\/Promueve-Salud-Municipal-el-lavado-correcto-de-manos-para-proteger-la-salud-publica-1024x682.jpeg\" alt=\"Promueve salud municipal el lavado correcto de manos para proteger la salud pu\u0301blica\" class=\"wp-image-78501\" srcset=\"https:\/\/www.opinionpublica.tv\/portada\/wp-content\/uploads\/2026\/02\/Promueve-Salud-Municipal-el-lavado-correcto-de-manos-para-proteger-la-salud-publica-1024x682.jpeg 1024w, https:\/\/www.opinionpublica.tv\/portada\/wp-content\/uploads\/2026\/02\/Promueve-Salud-Municipal-el-lavado-correcto-de-manos-para-proteger-la-salud-publica-300x200.jpeg 300w, https:\/\/www.opinionpublica.tv\/portada\/wp-content\/uploads\/2026\/02\/Promueve-Salud-Municipal-el-lavado-correcto-de-manos-para-proteger-la-salud-publica-768x512.jpeg 768w, https:\/\/www.opinionpublica.tv\/portada\/wp-content\/uploads\/2026\/02\/Promueve-Salud-Municipal-el-lavado-correcto-de-manos-para-proteger-la-salud-publica.jpeg 1280w\" sizes=\"(max-width: 1024px) 100vw, 1024px\" \/><\/figure>\n\n\n\n<p class=\"wp-block-paragraph\"><em>Ciudad Ju\u00e1rez, Chih<\/em>.- La Direcci\u00f3n de Salud Municipal reiter\u00f3 el llamado a la comunidad juarense para reforzar uno de los h\u00e1bitos m\u00e1s simples, pero tambi\u00e9n m\u00e1s efectivos, en la prevenci\u00f3n de enfermedades: el lavado correcto de manos.<\/p>\n\n\n\n<p class=\"wp-block-paragraph\">La titular de la dependencia, Daphne Santana Fern\u00e1ndez, se\u00f1al\u00f3 que lavarse las manos de manera regular con agua y jab\u00f3n es una de las medidas de higiene m\u00e1s eficaces para evitar la propagaci\u00f3n de diversas enfermedades, especialmente infecciones respiratorias y padecimientos gastrointestinales.<\/p>\n\n\n\n<p class=\"wp-block-paragraph\">\u201cEs una acci\u00f3n cotidiana que muchas veces se subestima, pero que tiene un impacto directo en la salud p\u00fablica\u201d, subray\u00f3 la funcionaria.<\/p>\n\n\n\n<p class=\"wp-block-paragraph\">En este sentido, el Gobierno Municipal se suma a las acciones de concientizaci\u00f3n para promover este h\u00e1bito entre ni\u00f1as, ni\u00f1os, j\u00f3venes y adultos, al tratarse de una pr\u00e1ctica accesible, econ\u00f3mica y comprobada cient\u00edficamente como una barrera contra virus y bacterias.<\/p>\n\n\n\n<p class=\"wp-block-paragraph\">De acuerdo con la Organizaci\u00f3n Mundial de la Salud (OMS), el lavado de manos debe realizarse durante un periodo de 40 a 60 segundos, utilizando agua y jab\u00f3n.<\/p>\n\n\n\n<p class=\"wp-block-paragraph\">La t\u00e9cnica adecuada incluye frotar las palmas de las manos, el dorso, los espacios entre los dedos, los pulgares y las u\u00f1as, para despu\u00e9s enjuagar y secar con una toalla desechable, misma que debe utilizarse para cerrar la llave y evitar la recontaminaci\u00f3n.<\/p>\n\n\n\n<p class=\"wp-block-paragraph\">Salud Municipal destac\u00f3 que este procedimiento reduce de manera significativa el riesgo de infecciones respiratorias y enfermedades diarreicas, principales causas de ausentismo escolar y laboral, as\u00ed como de atenci\u00f3n m\u00e9dica evitable.<\/p>\n\n\n\n<p class=\"wp-block-paragraph\">Asimismo, se record\u00f3 que existen momentos clave en los que la higiene de manos es indispensable, como antes, durante y despu\u00e9s de preparar alimentos; antes de comer; despu\u00e9s de usar el inodoro; tras sonarse la nariz, toser o estornudar; despu\u00e9s de tocar animales; y al cuidar a personas enfermas o tener contacto con superficies potencialmente contaminadas.<\/p>\n\n\n\n<p class=\"wp-block-paragraph\">Cuando no se dispone de agua y jab\u00f3n, la desinfecci\u00f3n con alcohol en gel con una concentraci\u00f3n del 60 al 80 por ciento es una alternativa v\u00e1lida y efectiva.<\/p>\n\n\n\n<p class=\"wp-block-paragraph\">La Direcci\u00f3n de Salud Municipal insisti\u00f3 en que peque\u00f1os h\u00e1bitos, realizados de forma constante y correcta, pueden marcar una gran diferencia en la salud de la poblaci\u00f3n y contribuir a una ciudad m\u00e1s sana.<\/p>\n","protected":false},"excerpt":{"rendered":"<p>Ciudad Ju\u00e1rez, Chih.- La Direcci\u00f3n de Salud Municipal reiter\u00f3 el llamado a la comunidad juarense para reforzar uno de los h\u00e1bitos m\u00e1s simples, pero tambi\u00e9n m\u00e1s efectivos, en la prevenci\u00f3n de enfermedades: el lavado correcto de manos. La titular de la dependencia, Daphne Santana Fern\u00e1ndez, se\u00f1al\u00f3 que lavarse las manos de manera regular con agua [&hellip;]<\/p>\n","protected":false},"author":6,"featured_media":78501,"comment_status":"closed","ping_status":"closed","sticky":false,"template":"","format":"standard","meta":{"_acf_changed":false,"_monsterinsights_skip_tracking":false,"slim_seo":{"title":"Promueve Salud Municipal el correcto lavado de manos para proteger la salud p\u00fablica - Opini\u00f3n P\u00fablica","description":"Ciudad Ju\u00e1rez, Chih .- La Direcci\u00f3n de Salud Municipal reiter\u00f3 el llamado a la comunidad juarense para reforzar uno de los h\u00e1bitos m\u00e1s simples, pero tambi\u00e9n m\u00e1s"},"footnotes":""},"categories":[41],"tags":[608,2263,2264,2262],"class_list":["post-78494","post","type-post","status-publish","format-standard","has-post-thumbnail","hentry","category-juarez","tag-ciudad-juarez","tag-lavado-de-manos","tag-prevencion-de-enfermedades","tag-salud-publica"],"acf":[],"_links":{"self":[{"href":"https:\/\/www.opinionpublica.tv\/portada\/wp-json\/wp\/v2\/posts\/78494","targetHints":{"allow":["GET"]}}],"collection":[{"href":"https:\/\/www.opinionpublica.tv\/portada\/wp-json\/wp\/v2\/posts"}],"about":[{"href":"https:\/\/www.opinionpublica.tv\/portada\/wp-json\/wp\/v2\/types\/post"}],"author":[{"embeddable":true,"href":"https:\/\/www.opinionpublica.tv\/portada\/wp-json\/wp\/v2\/users\/6"}],"replies":[{"embeddable":true,"href":"https:\/\/www.opinionpublica.tv\/portada\/wp-json\/wp\/v2\/comments?post=78494"}],"version-history":[{"count":6,"href":"https:\/\/www.opinionpublica.tv\/portada\/wp-json\/wp\/v2\/posts\/78494\/revisions"}],"predecessor-version":[{"id":78503,"href":"https:\/\/www.opinionpublica.tv\/portada\/wp-json\/wp\/v2\/posts\/78494\/revisions\/78503"}],"wp:featuredmedia":[{"embeddable":true,"href":"https:\/\/www.opinionpublica.tv\/portada\/wp-json\/wp\/v2\/media\/78501"}],"wp:attachment":[{"href":"https:\/\/www.opinionpublica.tv\/portada\/wp-json\/wp\/v2\/media?parent=78494"}],"wp:term":[{"taxonomy":"category","embeddable":true,"href":"https:\/\/www.opinionpublica.tv\/portada\/wp-json\/wp\/v2\/categories?post=78494"},{"taxonomy":"post_tag","embeddable":true,"href":"https:\/\/www.opinionpublica.tv\/portada\/wp-json\/wp\/v2\/tags?post=78494"}],"curies":[{"name":"wp","href":"https:\/\/api.w.org\/{rel}","templated":true}]}}