{"id":78474,"date":"2026-02-09T00:01:00","date_gmt":"2026-02-09T07:01:00","guid":{"rendered":"https:\/\/www.opinionpublica.tv\/portada\/?p=78474"},"modified":"2026-02-08T17:30:03","modified_gmt":"2026-02-09T00:30:03","slug":"firman-seyd-y-31-municipios-convenios-para-garantizar-educacion-en-las-zonas-rurales","status":"publish","type":"post","link":"https:\/\/www.opinionpublica.tv\/portada\/firman-seyd-y-31-municipios-convenios-para-garantizar-educacion-en-las-zonas-rurales\/","title":{"rendered":"Firman SEyD y 31 municipios convenios para garantizar educaci\u00f3n en zonas rurales"},"content":{"rendered":"\n<figure class=\"wp-block-image size-large\"><img fetchpriority=\"high\" decoding=\"async\" width=\"1024\" height=\"683\" src=\"https:\/\/www.opinionpublica.tv\/portada\/wp-content\/uploads\/2026\/02\/Firman-SEyD-y-31-municipios-convenios-para-garantizar-educacion-en-zonas-rurales-1024x683.png\" alt=\"Firman seyd y 31 municipios convenios para garantizar educacio\u0301n en zonas rurales\" class=\"wp-image-78478\" srcset=\"https:\/\/www.opinionpublica.tv\/portada\/wp-content\/uploads\/2026\/02\/Firman-SEyD-y-31-municipios-convenios-para-garantizar-educacion-en-zonas-rurales-1024x683.png 1024w, https:\/\/www.opinionpublica.tv\/portada\/wp-content\/uploads\/2026\/02\/Firman-SEyD-y-31-municipios-convenios-para-garantizar-educacion-en-zonas-rurales-300x200.png 300w, https:\/\/www.opinionpublica.tv\/portada\/wp-content\/uploads\/2026\/02\/Firman-SEyD-y-31-municipios-convenios-para-garantizar-educacion-en-zonas-rurales-768x512.png 768w, https:\/\/www.opinionpublica.tv\/portada\/wp-content\/uploads\/2026\/02\/Firman-SEyD-y-31-municipios-convenios-para-garantizar-educacion-en-zonas-rurales-1536x1025.png 1536w, https:\/\/www.opinionpublica.tv\/portada\/wp-content\/uploads\/2026\/02\/Firman-SEyD-y-31-municipios-convenios-para-garantizar-educacion-en-zonas-rurales.png 1772w\" sizes=\"(max-width: 1024px) 100vw, 1024px\" \/><\/figure>\n\n\n\n<p class=\"wp-block-paragraph\"><em>Chihuahua, Chih<\/em>.- La Secretar\u00eda de Educaci\u00f3n y Deporte (SEyD), y Servicios Educativos del Estado de Chihuahua (Seech), firmaron una serie de convenios interinstitucionales con 31 alcaldes de la entidad para fortalecer los Centros Regionales de Educaci\u00f3n Integral (CREI), en beneficio de los estudiantes de zonas rurales.<\/p>\n\n\n\n<p class=\"wp-block-paragraph\">Esta alianza se realiz\u00f3 con el objetivo de garantizar que 6 mil 974 ni\u00f1as y ni\u00f1os que asisten a los CREI cuenten con servicio de transporte escolar gratuito y una alimentaci\u00f3n nutritiva diaria, como medida para evitar el abandono escolar derivado de las largas distancias.<\/p>\n\n\n\n<p class=\"wp-block-paragraph\">Adem\u00e1s, el acuerdo permite otorgar recursos para la continuidad de clases curriculares de ingl\u00e9s y computaci\u00f3n, que los preparan para el futuro con mayores habilidades.<\/p>\n\n\n\n<p class=\"wp-block-paragraph\">El subsecretario de Educaci\u00f3n B\u00e1sica de la SEyD, Lorenzo Arturo Parga, resalt\u00f3 que estos acuerdos son la herramienta que permite a los ni\u00f1os acceder a sue\u00f1os que de otra forma ser\u00edan inalcanzables.<\/p>\n\n\n\n<p class=\"wp-block-paragraph\">Por su parte, la titular de Seech, Teresa de Jes\u00fas L\u00f3pez, destac\u00f3 que la educaci\u00f3n es el eje que une a los municipios y calific\u00f3 a los alcaldes como aliados indispensables para que los proyectos acad\u00e9micos lleguen a buen puerto.<\/p>\n\n\n\n<p class=\"wp-block-paragraph\">Norma Mu\u00f1oz Anchondo, alcaldesa del municipio de Satev\u00f3, en representaci\u00f3n de los firmantes, reafirm\u00f3 el compromiso de los Gobiernos Municipales para administrar los recursos del convenio con transparencia, responsabilidad y estricto apego a la ley.<\/p>\n\n\n\n<p class=\"wp-block-paragraph\">El compromiso celebrado impactar\u00e1 a 40 comunidades de la entidad, y contribuir\u00e1 a erradicar la brecha de desigualdad educativa.<\/p>\n\n\n\n<p class=\"wp-block-paragraph\">Los municipios participantes en el convenio son: Aldama, Allende, Bach\u00edniva, Balleza, Belisario Dom\u00ednguez, Bocoyna, Carich\u00ed, Casas Grandes, Chihuahua, Cuauht\u00e9moc, Cusihuiriachi, Delicias, Gran Morelos, Guerrero, Ignacio Zaragoza, Janos, Julimes, L\u00f3pez, Matamoros, Meoqui, Namiquipa, Ocampo, Pr\u00e1xedis G. Guerrero, Riva Palacio, Rosario, San Francisco De Borja, Santa Isabel, Satev\u00f3, Saucillo, Tem\u00f3sachi, Valle de Zaragoza.<\/p>\n","protected":false},"excerpt":{"rendered":"<p>Chihuahua, Chih.- La Secretar\u00eda de Educaci\u00f3n y Deporte (SEyD), y Servicios Educativos del Estado de Chihuahua (Seech), firmaron una serie de convenios interinstitucionales con 31 alcaldes de la entidad para fortalecer los Centros Regionales de Educaci\u00f3n Integral (CREI), en beneficio de los estudiantes de zonas rurales. Esta alianza se realiz\u00f3 con el objetivo de garantizar [&hellip;]<\/p>\n","protected":false},"author":6,"featured_media":78478,"comment_status":"closed","ping_status":"closed","sticky":false,"template":"","format":"standard","meta":{"_acf_changed":false,"_monsterinsights_skip_tracking":false,"slim_seo":{"title":"Firman SEyD y 31 municipios convenios para garantizar educaci\u00f3n en zonas rurales - Opini\u00f3n P\u00fablica","description":"Chihuahua, Chih .- La Secretar\u00eda de Educaci\u00f3n y Deporte (SEyD), y Servicios Educativos del Estado de Chihuahua (Seech), firmaron una serie de convenios interins"},"footnotes":""},"categories":[11],"tags":[834,563,2260,2261],"class_list":["post-78474","post","type-post","status-publish","format-standard","has-post-thumbnail","hentry","category-tendencias","tag-alimentacion","tag-educacion","tag-municipios-rurales","tag-transporte-escolar"],"acf":[],"_links":{"self":[{"href":"https:\/\/www.opinionpublica.tv\/portada\/wp-json\/wp\/v2\/posts\/78474","targetHints":{"allow":["GET"]}}],"collection":[{"href":"https:\/\/www.opinionpublica.tv\/portada\/wp-json\/wp\/v2\/posts"}],"about":[{"href":"https:\/\/www.opinionpublica.tv\/portada\/wp-json\/wp\/v2\/types\/post"}],"author":[{"embeddable":true,"href":"https:\/\/www.opinionpublica.tv\/portada\/wp-json\/wp\/v2\/users\/6"}],"replies":[{"embeddable":true,"href":"https:\/\/www.opinionpublica.tv\/portada\/wp-json\/wp\/v2\/comments?post=78474"}],"version-history":[{"count":3,"href":"https:\/\/www.opinionpublica.tv\/portada\/wp-json\/wp\/v2\/posts\/78474\/revisions"}],"predecessor-version":[{"id":78479,"href":"https:\/\/www.opinionpublica.tv\/portada\/wp-json\/wp\/v2\/posts\/78474\/revisions\/78479"}],"wp:featuredmedia":[{"embeddable":true,"href":"https:\/\/www.opinionpublica.tv\/portada\/wp-json\/wp\/v2\/media\/78478"}],"wp:attachment":[{"href":"https:\/\/www.opinionpublica.tv\/portada\/wp-json\/wp\/v2\/media?parent=78474"}],"wp:term":[{"taxonomy":"category","embeddable":true,"href":"https:\/\/www.opinionpublica.tv\/portada\/wp-json\/wp\/v2\/categories?post=78474"},{"taxonomy":"post_tag","embeddable":true,"href":"https:\/\/www.opinionpublica.tv\/portada\/wp-json\/wp\/v2\/tags?post=78474"}],"curies":[{"name":"wp","href":"https:\/\/api.w.org\/{rel}","templated":true}]}}