{"id":78465,"date":"2026-02-09T00:01:00","date_gmt":"2026-02-09T07:01:00","guid":{"rendered":"https:\/\/www.opinionpublica.tv\/portada\/?p=78465"},"modified":"2026-02-08T16:31:07","modified_gmt":"2026-02-08T23:31:07","slug":"video-rusia-y-china-se-olvidan-de-cuba-mientras-el-embargo-petrolero-de-eu-asfixia-a-la-isla-dw","status":"publish","type":"post","link":"https:\/\/www.opinionpublica.tv\/portada\/video-rusia-y-china-se-olvidan-de-cuba-mientras-el-embargo-petrolero-de-eu-asfixia-a-la-isla-dw\/","title":{"rendered":"Video: Rusia y China se olvidan de Cuba mientras el embargo petrolero de EU asfixia a la isla | DW"},"content":{"rendered":"\n<figure class=\"wp-block-embed is-type-video is-provider-youtube wp-block-embed-youtube wp-embed-aspect-16-9 wp-has-aspect-ratio\"><div class=\"wp-block-embed__wrapper\">\n<iframe title=\"\ud83d\udfe3 Rusia y China se desentienden de Cuba mientras el embargo petrolero de EE. UU. asfixia a la isla\" width=\"800\" height=\"450\" src=\"https:\/\/www.youtube.com\/embed\/4KU3JXZXJVQ?feature=oembed\" frameborder=\"0\" allow=\"accelerometer; autoplay; clipboard-write; encrypted-media; gyroscope; picture-in-picture; web-share\" referrerpolicy=\"strict-origin-when-cross-origin\" allowfullscreen><\/iframe>\n<\/div><\/figure>\n\n\n\n<p class=\"wp-block-paragraph\">Tras la captura de Nicol\u00e1s Maduro y las amenazas del presidente de Estados Unidos, Donald Trump, de imponer sanciones a los pa\u00edses que abastezcan de petr\u00f3leo a Cuba, la isla enfrenta un nuevo escenario de tensi\u00f3n.<\/p>\n\n\n\n<p class=\"wp-block-paragraph\">M\u00e9xico y Venezuela ya han suspendido sus env\u00edos, mientras en La Habana crecen las dificultades en medio de apagones, escasez y una econom\u00eda cada vez m\u00e1s presionada.<\/p>\n\n\n\n<p class=\"wp-block-paragraph\"><em>Cr\u00e9ditos: DW en espa\u00f1ol<\/em>.<\/p>\n","protected":false},"excerpt":{"rendered":"<p>Tras la captura de Nicol\u00e1s Maduro y las amenazas del presidente de Estados Unidos, Donald Trump, de imponer sanciones a los pa\u00edses que abastezcan de petr\u00f3leo a Cuba, la isla enfrenta un nuevo escenario de tensi\u00f3n. M\u00e9xico y Venezuela ya han suspendido sus env\u00edos, mientras en La Habana crecen las dificultades en medio de apagones, [&hellip;]<\/p>\n","protected":false},"author":6,"featured_media":78467,"comment_status":"closed","ping_status":"closed","sticky":false,"template":"","format":"standard","meta":{"_acf_changed":false,"_monsterinsights_skip_tracking":false,"slim_seo":{"title":"Video: Rusia y China se olvidan de Cuba mientras el embargo petrolero de EU asfixia a la isla | DW - Opini\u00f3n P\u00fablica","description":"https:\/\/youtu.be\/4KU3JXZXJVQ?si=MVz55semyBZKcSjF Tras la captura de Nicol\u00e1s Maduro y las amenazas del presidente de Estados Unidos, Donald Trump, de imponer san"},"footnotes":""},"categories":[2,13,8],"tags":[172,525,2254,93,468],"class_list":["post-78465","post","type-post","status-publish","format-standard","has-post-thumbnail","hentry","category-videos-destacados","category-videos-destacados-contenido","category-videos","tag-china","tag-cuba","tag-embargo-petrolero","tag-estados-unidos","tag-rusia"],"acf":[],"_links":{"self":[{"href":"https:\/\/www.opinionpublica.tv\/portada\/wp-json\/wp\/v2\/posts\/78465","targetHints":{"allow":["GET"]}}],"collection":[{"href":"https:\/\/www.opinionpublica.tv\/portada\/wp-json\/wp\/v2\/posts"}],"about":[{"href":"https:\/\/www.opinionpublica.tv\/portada\/wp-json\/wp\/v2\/types\/post"}],"author":[{"embeddable":true,"href":"https:\/\/www.opinionpublica.tv\/portada\/wp-json\/wp\/v2\/users\/6"}],"replies":[{"embeddable":true,"href":"https:\/\/www.opinionpublica.tv\/portada\/wp-json\/wp\/v2\/comments?post=78465"}],"version-history":[{"count":1,"href":"https:\/\/www.opinionpublica.tv\/portada\/wp-json\/wp\/v2\/posts\/78465\/revisions"}],"predecessor-version":[{"id":78466,"href":"https:\/\/www.opinionpublica.tv\/portada\/wp-json\/wp\/v2\/posts\/78465\/revisions\/78466"}],"wp:featuredmedia":[{"embeddable":true,"href":"https:\/\/www.opinionpublica.tv\/portada\/wp-json\/wp\/v2\/media\/78467"}],"wp:attachment":[{"href":"https:\/\/www.opinionpublica.tv\/portada\/wp-json\/wp\/v2\/media?parent=78465"}],"wp:term":[{"taxonomy":"category","embeddable":true,"href":"https:\/\/www.opinionpublica.tv\/portada\/wp-json\/wp\/v2\/categories?post=78465"},{"taxonomy":"post_tag","embeddable":true,"href":"https:\/\/www.opinionpublica.tv\/portada\/wp-json\/wp\/v2\/tags?post=78465"}],"curies":[{"name":"wp","href":"https:\/\/api.w.org\/{rel}","templated":true}]}}