{"id":78451,"date":"2026-02-09T00:01:00","date_gmt":"2026-02-09T07:01:00","guid":{"rendered":"https:\/\/www.opinionpublica.tv\/portada\/?p=78451"},"modified":"2026-02-08T15:24:31","modified_gmt":"2026-02-08T22:24:31","slug":"mexico-envia-dos-buques-a-cuba-con-mas-de-800-toneladas-de-ayuda-humanitaria","status":"publish","type":"post","link":"https:\/\/www.opinionpublica.tv\/portada\/mexico-envia-dos-buques-a-cuba-con-mas-de-800-toneladas-de-ayuda-humanitaria\/","title":{"rendered":"M\u00e9xico env\u00eda buques a Cuba con m\u00e1s de 800 toneladas de ayuda humanitaria"},"content":{"rendered":"\n<figure class=\"wp-block-image size-full\"><img fetchpriority=\"high\" decoding=\"async\" width=\"1006\" height=\"620\" src=\"https:\/\/www.opinionpublica.tv\/portada\/wp-content\/uploads\/2026\/02\/Mexico-envia-dos-buques-a-Cuba-con-mas-de-800-toneladas-de-ayuda-humanitaria.avif\" alt=\"Me\u0301xico envi\u0301a dos buques a cuba con ma\u0301s de 800 toneladas de ayuda humanitaria\" class=\"wp-image-78452\" srcset=\"https:\/\/www.opinionpublica.tv\/portada\/wp-content\/uploads\/2026\/02\/Mexico-envia-dos-buques-a-Cuba-con-mas-de-800-toneladas-de-ayuda-humanitaria.avif 1006w, https:\/\/www.opinionpublica.tv\/portada\/wp-content\/uploads\/2026\/02\/Mexico-envia-dos-buques-a-Cuba-con-mas-de-800-toneladas-de-ayuda-humanitaria-300x185.avif 300w, https:\/\/www.opinionpublica.tv\/portada\/wp-content\/uploads\/2026\/02\/Mexico-envia-dos-buques-a-Cuba-con-mas-de-800-toneladas-de-ayuda-humanitaria-768x473.avif 768w\" sizes=\"(max-width: 1006px) 100vw, 1006px\" \/><\/figure>\n\n\n\n<p class=\"wp-block-paragraph\"><em>Veracruz<\/em>.- El gobierno de la presidenta Claudia Sheinbaum Pardo envi\u00f3 a Cuba m\u00e1s de 800 toneladas de ayuda humanitaria para la poblaci\u00f3n civil, a trav\u00e9s de dos buques de la Armada de M\u00e9xico.<\/p>\n\n\n\n<p class=\"wp-block-paragraph\">La Secretar\u00eda de Relaciones Exteriores (SRE) inform\u00f3 que 536 toneladas corresponden a alimentos de primera necesidad como leche l\u00edquida, productos c\u00e1rnicos, galletas, frijol, arroz, at\u00fan en agua, sardina, aceite vegetal y art\u00edculos de higiene personal.<\/p>\n\n\n\n<p class=\"wp-block-paragraph\">La Secretar\u00eda de Marina inform\u00f3 que, por conducto de la Armada de M\u00e9xico, se env\u00eda esta ayuda a la isla a trav\u00e9s de los Buques de Apoyo Log\u00edstico Papaloapan e Isla Holbox, que zarparon este domingo 8 de febrero del puerto de Veracruz.<\/p>\n\n\n\n<p class=\"wp-block-paragraph\">\u00abLos v\u00edveres provenientes de la Regi\u00f3n Naval Central se concentraron en el muelle de la Administraci\u00f3n del Sistema Portuario Nacional (Asipona) Veracruz, desde donde se realiz\u00f3 el embarque correspondiente\u00bb, se precis\u00f3.<\/p>\n\n\n\n<p class=\"wp-block-paragraph\">En el Buque Isla Holbox se embarcaron poco m\u00e1s 277 toneladas de leche en polvo.<\/p>\n\n\n\n<p class=\"wp-block-paragraph\">Se espera que arriben a su destino en cuatro d\u00edas y a\u00fan quedan m\u00e1s de mil 500 toneladas de leche en polvo y frijol pendientes de ser enviadas.<\/p>\n\n\n\n<p class=\"wp-block-paragraph\">La SRE dijo que \u00abel pueblo de M\u00e9xico mantiene viva su tradici\u00f3n solidaria con los pueblos de Am\u00e9rica Latina y en particular con el pueblo de Cuba\u00bb.<\/p>\n\n\n\n<p class=\"wp-block-paragraph\">Al indicar que nuestro pa\u00eds siempre ha brindado ayuda \u00aba los pueblos hermanos que lo necesitan\u00bb, la SRE destac\u00f3 la reciente ayuda enviada por los incendios en California, EU y en Chile; las inundaciones en Texas; y las tragedias provocadas por desastres naturales en diversas naciones del continente.<\/p>\n\n\n\n<p class=\"wp-block-paragraph\">El Gobierno de M\u00e9xico reafirm\u00f3 \u00ablos principios humanistas y la vocaci\u00f3n solidaria\u00bb, as\u00ed como su compromiso con la cooperaci\u00f3n internacional entre pueblos, sobre todo con quienes en situaciones de emergencia y vulnerabilidad, requieren ayuda humanitaria.<\/p>\n\n\n\n<p class=\"wp-block-paragraph\">\u00abCuba y M\u00e9xico somos pueblos hermanos, herederos de una larga historia solidaria que hoy honramos\u00bb, apunt\u00f3.<\/p>\n\n\n\n<p class=\"wp-block-paragraph\"><em>Con informaci\u00f3n de El Universal<\/em>.<\/p>\n","protected":false},"excerpt":{"rendered":"<p>Veracruz.- El gobierno de la presidenta Claudia Sheinbaum Pardo envi\u00f3 a Cuba m\u00e1s de 800 toneladas de ayuda humanitaria para la poblaci\u00f3n civil, a trav\u00e9s de dos buques de la Armada de M\u00e9xico. La Secretar\u00eda de Relaciones Exteriores (SRE) inform\u00f3 que 536 toneladas corresponden a alimentos de primera necesidad como leche l\u00edquida, productos c\u00e1rnicos, galletas, [&hellip;]<\/p>\n","protected":false},"author":6,"featured_media":78452,"comment_status":"closed","ping_status":"closed","sticky":false,"template":"","format":"standard","meta":{"_acf_changed":false,"_monsterinsights_skip_tracking":false,"slim_seo":{"title":"M\u00e9xico env\u00eda buques a Cuba con m\u00e1s de 800 toneladas de ayuda humanitaria - Opini\u00f3n P\u00fablica","description":"Veracruz .- El gobierno de la presidenta Claudia Sheinbaum Pardo envi\u00f3 a Cuba m\u00e1s de 800 toneladas de ayuda humanitaria para la poblaci\u00f3n civil, a trav\u00e9s de dos"},"footnotes":""},"categories":[4],"tags":[2126,307,525,61],"class_list":["post-78451","post","type-post","status-publish","format-standard","has-post-thumbnail","hentry","category-pulsopolitico","tag-ayuda-humanitaria","tag-claudia-sheinbaum","tag-cuba","tag-mexico"],"acf":[],"_links":{"self":[{"href":"https:\/\/www.opinionpublica.tv\/portada\/wp-json\/wp\/v2\/posts\/78451","targetHints":{"allow":["GET"]}}],"collection":[{"href":"https:\/\/www.opinionpublica.tv\/portada\/wp-json\/wp\/v2\/posts"}],"about":[{"href":"https:\/\/www.opinionpublica.tv\/portada\/wp-json\/wp\/v2\/types\/post"}],"author":[{"embeddable":true,"href":"https:\/\/www.opinionpublica.tv\/portada\/wp-json\/wp\/v2\/users\/6"}],"replies":[{"embeddable":true,"href":"https:\/\/www.opinionpublica.tv\/portada\/wp-json\/wp\/v2\/comments?post=78451"}],"version-history":[{"count":2,"href":"https:\/\/www.opinionpublica.tv\/portada\/wp-json\/wp\/v2\/posts\/78451\/revisions"}],"predecessor-version":[{"id":78454,"href":"https:\/\/www.opinionpublica.tv\/portada\/wp-json\/wp\/v2\/posts\/78451\/revisions\/78454"}],"wp:featuredmedia":[{"embeddable":true,"href":"https:\/\/www.opinionpublica.tv\/portada\/wp-json\/wp\/v2\/media\/78452"}],"wp:attachment":[{"href":"https:\/\/www.opinionpublica.tv\/portada\/wp-json\/wp\/v2\/media?parent=78451"}],"wp:term":[{"taxonomy":"category","embeddable":true,"href":"https:\/\/www.opinionpublica.tv\/portada\/wp-json\/wp\/v2\/categories?post=78451"},{"taxonomy":"post_tag","embeddable":true,"href":"https:\/\/www.opinionpublica.tv\/portada\/wp-json\/wp\/v2\/tags?post=78451"}],"curies":[{"name":"wp","href":"https:\/\/api.w.org\/{rel}","templated":true}]}}