{"id":78441,"date":"2026-02-08T00:01:00","date_gmt":"2026-02-08T07:01:00","guid":{"rendered":"https:\/\/www.opinionpublica.tv\/portada\/?p=78441"},"modified":"2026-02-07T18:24:39","modified_gmt":"2026-02-08T01:24:39","slug":"instalan-consejo-ciudadano-consultivo-de-patrimonio-cultural-2026-2027","status":"publish","type":"post","link":"https:\/\/www.opinionpublica.tv\/portada\/instalan-consejo-ciudadano-consultivo-de-patrimonio-cultural-2026-2027\/","title":{"rendered":"Instalan Consejo Ciudadano Consultivo del Patrimonio Cultural de Chihuahua"},"content":{"rendered":"\n<figure class=\"wp-block-image size-large\"><img fetchpriority=\"high\" decoding=\"async\" width=\"1024\" height=\"676\" src=\"https:\/\/www.opinionpublica.tv\/portada\/wp-content\/uploads\/2026\/02\/Instalan-Consejo-Ciudadano-Consultivo-de-Patrimonio-Cultural-de-Chihuahua-1024x676.png\" alt=\"Instalan consejo ciudadano consultivo de patrimonio cultural de chihuahua\" class=\"wp-image-78444\" srcset=\"https:\/\/www.opinionpublica.tv\/portada\/wp-content\/uploads\/2026\/02\/Instalan-Consejo-Ciudadano-Consultivo-de-Patrimonio-Cultural-de-Chihuahua-1024x676.png 1024w, https:\/\/www.opinionpublica.tv\/portada\/wp-content\/uploads\/2026\/02\/Instalan-Consejo-Ciudadano-Consultivo-de-Patrimonio-Cultural-de-Chihuahua-300x198.png 300w, https:\/\/www.opinionpublica.tv\/portada\/wp-content\/uploads\/2026\/02\/Instalan-Consejo-Ciudadano-Consultivo-de-Patrimonio-Cultural-de-Chihuahua-768x507.png 768w, https:\/\/www.opinionpublica.tv\/portada\/wp-content\/uploads\/2026\/02\/Instalan-Consejo-Ciudadano-Consultivo-de-Patrimonio-Cultural-de-Chihuahua-1536x1014.png 1536w, https:\/\/www.opinionpublica.tv\/portada\/wp-content\/uploads\/2026\/02\/Instalan-Consejo-Ciudadano-Consultivo-de-Patrimonio-Cultural-de-Chihuahua.png 1788w\" sizes=\"(max-width: 1024px) 100vw, 1024px\" \/><\/figure>\n\n\n\n<p class=\"wp-block-paragraph\"><em>Chihuahua, Chih<\/em>.- La Secretar\u00eda de Cultura llev\u00f3 a cabo la instalaci\u00f3n del Consejo Ciudadano Consultivo de Patrimonio Cultural, correspondiente al periodo 2026\u20132027.<\/p>\n\n\n\n<p class=\"wp-block-paragraph\">Esto, con el objetivo de preservar y promocionar el patrimonio material, inmaterial y biocultural que actualmente existe en la entidad.<\/p>\n\n\n\n<p class=\"wp-block-paragraph\">Alejandra Enr\u00edquez, secretaria de Cultura, encabez\u00f3 el encuentro en Casa Los Laureles en la capital, donde manifest\u00f3 que este organismo funcionar\u00e1 como asesor en la planificaci\u00f3n, supervisi\u00f3n y evaluaci\u00f3n de programas.<\/p>\n\n\n\n<p class=\"wp-block-paragraph\">\u201cGracias al compromiso de sus integrantes, el Consejo impulsar\u00e1 la participaci\u00f3n comunitaria en el dise\u00f1o y ejecuci\u00f3n de estrategias p\u00fablicas orientadas a la salvaguarda de nuestro legado cultural\u201d, afirm\u00f3.<\/p>\n\n\n\n<p class=\"wp-block-paragraph\">El consejo ser\u00e1 presidido por Sandra Karina Ord\u00f3\u00f1ez, quien fue nombrada presidenta por las y los integrantes.<\/p>\n\n\n\n<p class=\"wp-block-paragraph\">La sesi\u00f3n de instalaci\u00f3n se declar\u00f3 v\u00e1lida al contar con qu\u00f3rum legal, con la presencia de los consejeros Jes\u00fas Manuel G\u00f3mez, Francisco Erylen L\u00f3pez, Alan Hernani Herrera y Juli\u00e1n Alejandro Hern\u00e1ndez.<\/p>\n\n\n\n<p class=\"wp-block-paragraph\">Adem\u00e1s, participaron Alma Isabel Aguirre, Sandra Karina Ord\u00f3\u00f1ez, Luis \u00c1ngel Castillo y Mart\u00edn Andr\u00e9s Ochoa.<\/p>\n\n\n\n<p class=\"wp-block-paragraph\">Al acto protocolario asistieron representantes del \u00d3rgano Interno de Control y del \u00e1rea jur\u00eddica de la Secretar\u00eda de Cultura.<\/p>\n","protected":false},"excerpt":{"rendered":"<p>Chihuahua, Chih.- La Secretar\u00eda de Cultura llev\u00f3 a cabo la instalaci\u00f3n del Consejo Ciudadano Consultivo de Patrimonio Cultural, correspondiente al periodo 2026\u20132027. Esto, con el objetivo de preservar y promocionar el patrimonio material, inmaterial y biocultural que actualmente existe en la entidad. Alejandra Enr\u00edquez, secretaria de Cultura, encabez\u00f3 el encuentro en Casa Los Laureles en [&hellip;]<\/p>\n","protected":false},"author":6,"featured_media":78444,"comment_status":"closed","ping_status":"closed","sticky":false,"template":"","format":"standard","meta":{"_acf_changed":false,"_monsterinsights_skip_tracking":false,"slim_seo":{"title":"Instalan Consejo Ciudadano Consultivo del Patrimonio Cultural de Chihuahua - Opini\u00f3n P\u00fablica","description":"Chihuahua, Chih .- La Secretar\u00eda de Cultura llev\u00f3 a cabo la instalaci\u00f3n del Consejo Ciudadano Consultivo de Patrimonio Cultural, correspondiente al periodo 2026"},"footnotes":""},"categories":[11],"tags":[88,2246,1078,2247],"class_list":["post-78441","post","type-post","status-publish","format-standard","has-post-thumbnail","hentry","category-tendencias","tag-chihuahua","tag-consejo-ciudadano-consultivo","tag-cultura","tag-patrimonio-cultural"],"acf":[],"_links":{"self":[{"href":"https:\/\/www.opinionpublica.tv\/portada\/wp-json\/wp\/v2\/posts\/78441","targetHints":{"allow":["GET"]}}],"collection":[{"href":"https:\/\/www.opinionpublica.tv\/portada\/wp-json\/wp\/v2\/posts"}],"about":[{"href":"https:\/\/www.opinionpublica.tv\/portada\/wp-json\/wp\/v2\/types\/post"}],"author":[{"embeddable":true,"href":"https:\/\/www.opinionpublica.tv\/portada\/wp-json\/wp\/v2\/users\/6"}],"replies":[{"embeddable":true,"href":"https:\/\/www.opinionpublica.tv\/portada\/wp-json\/wp\/v2\/comments?post=78441"}],"version-history":[{"count":3,"href":"https:\/\/www.opinionpublica.tv\/portada\/wp-json\/wp\/v2\/posts\/78441\/revisions"}],"predecessor-version":[{"id":78446,"href":"https:\/\/www.opinionpublica.tv\/portada\/wp-json\/wp\/v2\/posts\/78441\/revisions\/78446"}],"wp:featuredmedia":[{"embeddable":true,"href":"https:\/\/www.opinionpublica.tv\/portada\/wp-json\/wp\/v2\/media\/78444"}],"wp:attachment":[{"href":"https:\/\/www.opinionpublica.tv\/portada\/wp-json\/wp\/v2\/media?parent=78441"}],"wp:term":[{"taxonomy":"category","embeddable":true,"href":"https:\/\/www.opinionpublica.tv\/portada\/wp-json\/wp\/v2\/categories?post=78441"},{"taxonomy":"post_tag","embeddable":true,"href":"https:\/\/www.opinionpublica.tv\/portada\/wp-json\/wp\/v2\/tags?post=78441"}],"curies":[{"name":"wp","href":"https:\/\/api.w.org\/{rel}","templated":true}]}}