{"id":78416,"date":"2026-02-08T00:01:00","date_gmt":"2026-02-08T07:01:00","guid":{"rendered":"https:\/\/www.opinionpublica.tv\/portada\/?p=78416"},"modified":"2026-02-07T17:45:38","modified_gmt":"2026-02-08T00:45:38","slug":"temporada-de-poda-direccion-de-parques-y-jardines-realiza-ultimo-taller-practico","status":"publish","type":"post","link":"https:\/\/www.opinionpublica.tv\/portada\/temporada-de-poda-direccion-de-parques-y-jardines-realiza-ultimo-taller-practico\/","title":{"rendered":"Temporada de poda: Parques y Jardines realiza \u00faltimo taller pr\u00e1ctico en El Chamizal"},"content":{"rendered":"\n<figure class=\"wp-block-image size-large\"><img fetchpriority=\"high\" decoding=\"async\" width=\"1024\" height=\"683\" src=\"https:\/\/www.opinionpublica.tv\/portada\/wp-content\/uploads\/2026\/02\/Temporada-de-poda-Parques-y-Jardines-realiza-ultimo-taller-practico-en-El-Chamizal-1024x683.jpeg\" alt=\"Temporada de poda parques y jardines realiza u\u0301ltimo taller pra\u0301ctico en el chamizal\" class=\"wp-image-78420\" srcset=\"https:\/\/www.opinionpublica.tv\/portada\/wp-content\/uploads\/2026\/02\/Temporada-de-poda-Parques-y-Jardines-realiza-ultimo-taller-practico-en-El-Chamizal-1024x683.jpeg 1024w, https:\/\/www.opinionpublica.tv\/portada\/wp-content\/uploads\/2026\/02\/Temporada-de-poda-Parques-y-Jardines-realiza-ultimo-taller-practico-en-El-Chamizal-300x200.jpeg 300w, https:\/\/www.opinionpublica.tv\/portada\/wp-content\/uploads\/2026\/02\/Temporada-de-poda-Parques-y-Jardines-realiza-ultimo-taller-practico-en-El-Chamizal-768x512.jpeg 768w, https:\/\/www.opinionpublica.tv\/portada\/wp-content\/uploads\/2026\/02\/Temporada-de-poda-Parques-y-Jardines-realiza-ultimo-taller-practico-en-El-Chamizal-1536x1024.jpeg 1536w, https:\/\/www.opinionpublica.tv\/portada\/wp-content\/uploads\/2026\/02\/Temporada-de-poda-Parques-y-Jardines-realiza-ultimo-taller-practico-en-El-Chamizal.jpeg 1600w\" sizes=\"(max-width: 1024px) 100vw, 1024px\" \/><\/figure>\n\n\n\n<p class=\"wp-block-paragraph\"><em>Ciudad Ju\u00e1rez, Chih<\/em>.- Como parte del proceso de capacitaci\u00f3n, la Direcci\u00f3n de Parques y Jardines llev\u00f3 a cabo la sesi\u00f3n pr\u00e1ctica del taller de poda, la cual correspondi\u00f3 al \u00faltimo taller de la temporada, luego de que los participantes concluyeran previamente la fase te\u00f3rica.<\/p>\n\n\n\n<p class=\"wp-block-paragraph\">La pr\u00e1ctica se realiz\u00f3 alrededor del monumento al Benem\u00e9rito de Las Am\u00e9ricas, en el Parque El Chamizal, donde los asistentes pusieron en marcha los conocimientos adquiridos, aplicando t\u00e9cnicas adecuadas para la poda responsable del arbolado urbano.<\/p>\n\n\n\n<p class=\"wp-block-paragraph\">V\u00edctor Manuel Herrera Correa, coordinador de Cultura Sustentable de la dependencia, inform\u00f3 que en esta sesi\u00f3n participaron alrededor de 50 personas interesadas en certificarse para ofrecer servicios de poda de manera profesional y conforme a la normatividad vigente.<\/p>\n\n\n\n<p class=\"wp-block-paragraph\">El funcionario destac\u00f3 que este tipo de capacitaciones buscan fortalecer la cultura del cuidado ambiental, as\u00ed como garantizar que las labores de poda se realicen de forma correcta, segura y en beneficio de los espacios p\u00fablicos de la ciudad.<\/p>\n\n\n\n<p class=\"wp-block-paragraph\">La semana pasada, la dependencia llev\u00f3 a cabo el taller te\u00f3rico de poda, curso gratuito, dirigido tanto a podadores como a la ciudadan\u00eda en general, se realiz\u00f3 en el auditorio de la Direcci\u00f3n General de Protecci\u00f3n Civil.<\/p>\n","protected":false},"excerpt":{"rendered":"<p>Ciudad Ju\u00e1rez, Chih.- Como parte del proceso de capacitaci\u00f3n, la Direcci\u00f3n de Parques y Jardines llev\u00f3 a cabo la sesi\u00f3n pr\u00e1ctica del taller de poda, la cual correspondi\u00f3 al \u00faltimo taller de la temporada, luego de que los participantes concluyeran previamente la fase te\u00f3rica. La pr\u00e1ctica se realiz\u00f3 alrededor del monumento al Benem\u00e9rito de Las [&hellip;]<\/p>\n","protected":false},"author":6,"featured_media":78420,"comment_status":"closed","ping_status":"closed","sticky":false,"template":"","format":"standard","meta":{"_acf_changed":false,"_monsterinsights_skip_tracking":false,"slim_seo":{"title":"Temporada de poda: Parques y Jardines realiza \u00faltimo taller pr\u00e1ctico en El Chamizal - Opini\u00f3n P\u00fablica","description":"Ciudad Ju\u00e1rez, Chih .- Como parte del proceso de capacitaci\u00f3n, la Direcci\u00f3n de Parques y Jardines llev\u00f3 a cabo la sesi\u00f3n pr\u00e1ctica del taller de poda, la cual co"},"footnotes":""},"categories":[41],"tags":[608,2243,2242],"class_list":["post-78416","post","type-post","status-publish","format-standard","has-post-thumbnail","hentry","category-juarez","tag-ciudad-juarez","tag-parques-y-jardines","tag-temporada-de-poda"],"acf":[],"_links":{"self":[{"href":"https:\/\/www.opinionpublica.tv\/portada\/wp-json\/wp\/v2\/posts\/78416","targetHints":{"allow":["GET"]}}],"collection":[{"href":"https:\/\/www.opinionpublica.tv\/portada\/wp-json\/wp\/v2\/posts"}],"about":[{"href":"https:\/\/www.opinionpublica.tv\/portada\/wp-json\/wp\/v2\/types\/post"}],"author":[{"embeddable":true,"href":"https:\/\/www.opinionpublica.tv\/portada\/wp-json\/wp\/v2\/users\/6"}],"replies":[{"embeddable":true,"href":"https:\/\/www.opinionpublica.tv\/portada\/wp-json\/wp\/v2\/comments?post=78416"}],"version-history":[{"count":3,"href":"https:\/\/www.opinionpublica.tv\/portada\/wp-json\/wp\/v2\/posts\/78416\/revisions"}],"predecessor-version":[{"id":78421,"href":"https:\/\/www.opinionpublica.tv\/portada\/wp-json\/wp\/v2\/posts\/78416\/revisions\/78421"}],"wp:featuredmedia":[{"embeddable":true,"href":"https:\/\/www.opinionpublica.tv\/portada\/wp-json\/wp\/v2\/media\/78420"}],"wp:attachment":[{"href":"https:\/\/www.opinionpublica.tv\/portada\/wp-json\/wp\/v2\/media?parent=78416"}],"wp:term":[{"taxonomy":"category","embeddable":true,"href":"https:\/\/www.opinionpublica.tv\/portada\/wp-json\/wp\/v2\/categories?post=78416"},{"taxonomy":"post_tag","embeddable":true,"href":"https:\/\/www.opinionpublica.tv\/portada\/wp-json\/wp\/v2\/tags?post=78416"}],"curies":[{"name":"wp","href":"https:\/\/api.w.org\/{rel}","templated":true}]}}