{"id":78387,"date":"2026-02-09T00:01:00","date_gmt":"2026-02-09T07:01:00","guid":{"rendered":"https:\/\/www.opinionpublica.tv\/portada\/?p=78387"},"modified":"2026-02-07T16:29:53","modified_gmt":"2026-02-07T23:29:53","slug":"donde-puedes-comprar-los-ray-ban-meta-gen-2-oakley-meta-hstn-y-vanguard","status":"publish","type":"post","link":"https:\/\/www.opinionpublica.tv\/portada\/donde-puedes-comprar-los-ray-ban-meta-gen-2-oakley-meta-hstn-y-vanguard\/","title":{"rendered":"\u00bfD\u00f3nde puedes comprar los Ray-Ban Meta (Gen 2), Oakley Meta HSTN y Vanguard?"},"content":{"rendered":"\n<figure class=\"wp-block-image size-large\"><img fetchpriority=\"high\" decoding=\"async\" width=\"1024\" height=\"626\" src=\"https:\/\/www.opinionpublica.tv\/portada\/wp-content\/uploads\/2026\/02\/\u00bfDonde-puedes-comprar-los-Ray-Ban-Meta-Gen-2-Oakley-Meta-HSTN-y-Vanguard-1024x626.avif\" alt=\"\u00bfdo\u0301nde puedes comprar los ray ban meta (gen 2), oakley meta hstn y vanguard?\" class=\"wp-image-78389\" srcset=\"https:\/\/www.opinionpublica.tv\/portada\/wp-content\/uploads\/2026\/02\/\u00bfDonde-puedes-comprar-los-Ray-Ban-Meta-Gen-2-Oakley-Meta-HSTN-y-Vanguard-1024x626.avif 1024w, https:\/\/www.opinionpublica.tv\/portada\/wp-content\/uploads\/2026\/02\/\u00bfDonde-puedes-comprar-los-Ray-Ban-Meta-Gen-2-Oakley-Meta-HSTN-y-Vanguard-300x183.avif 300w, https:\/\/www.opinionpublica.tv\/portada\/wp-content\/uploads\/2026\/02\/\u00bfDonde-puedes-comprar-los-Ray-Ban-Meta-Gen-2-Oakley-Meta-HSTN-y-Vanguard-768x470.avif 768w, https:\/\/www.opinionpublica.tv\/portada\/wp-content\/uploads\/2026\/02\/\u00bfDonde-puedes-comprar-los-Ray-Ban-Meta-Gen-2-Oakley-Meta-HSTN-y-Vanguard.avif 1089w\" sizes=\"(max-width: 1024px) 100vw, 1024px\" \/><\/figure>\n\n\n\n<p class=\"wp-block-paragraph\">La llegada de los lentes inteligentes a M\u00e9xico ya no es una promesa a futuro, sino una realidad cada vez m\u00e1s accesible. A partir de esta semana, los Ray-Ban Meta (Gen 2), Oakley Meta HSTN y Oakley Meta Vanguard pueden comprarse oficialmente a trav\u00e9s de Amazon y Mercado Libre, dos de las plataformas de comercio electr\u00f3nico m\u00e1s grandes del pa\u00eds, con opciones de meses sin intereses.<\/p>\n\n\n\n<p class=\"wp-block-paragraph\">Tras su lanzamiento en diciembre, esta expansi\u00f3n en los canales de venta busca acercar la tecnolog\u00eda de Meta a m\u00e1s usuarios interesados en integrar inteligencia artificial, audio y c\u00e1mara directamente en su d\u00eda a d\u00eda, sin depender del smartphone en todo momento.<\/p>\n\n\n\n<p class=\"wp-block-paragraph\"><strong>Lentes que combinan estilo y funciones inteligentes<\/strong><\/p>\n\n\n\n<p class=\"wp-block-paragraph\">Los Ray-Ban Meta (Gen 2) apuestan por un dise\u00f1o cl\u00e1sico que esconde capacidades avanzadas. Entre sus principales mejoras destaca una bater\u00eda optimizada que ofrece hasta ocho horas de uso mixto con una sola carga, as\u00ed como grabaci\u00f3n de video en 3K Ultra HD, pensada para capturar momentos con mayor nitidez y fluidez. A esto se suman nuevos modos como Hyperlapse y c\u00e1mara lenta, ideales para quienes buscan crear contenido de forma pr\u00e1ctica y espont\u00e1nea.<\/p>\n\n\n\n<p class=\"wp-block-paragraph\">Tecnolog\u00eda pensada para el deporte y la acci\u00f3n<\/p>\n\n\n\n<p class=\"wp-block-paragraph\">En el terreno deportivo, los Oakley Meta Vanguard fueron dise\u00f1ados para entrenamientos de alta intensidad. Integran una c\u00e1mara lista para la acci\u00f3n, compatibilidad con aplicaciones de fitness como Garmin y Strava, audio inmersivo y una certificaci\u00f3n IP67 que los hace resistentes al agua y al polvo. Sus altavoces de o\u00eddo abierto \u2014los m\u00e1s potentes incorporados hasta ahora en esta categor\u00eda\u2014 permiten escuchar claramente incluso en entornos ruidosos o con viento, como al correr o andar en bicicleta.<\/p>\n\n\n\n<p class=\"wp-block-paragraph\">Por su parte, los Oakley Meta HSTN combinan una est\u00e9tica audaz con funciones inteligentes impulsadas por Meta AI. Pensados tanto para atletas como para entusiastas del deporte, permiten interactuar con el asistente de voz para obtener informaci\u00f3n en tiempo real. Desde consultar las condiciones del viento antes de un golpe en golf hasta resolver dudas r\u00e1pidas durante una actividad, la idea es integrar la IA como una aliada del rendimiento.<\/p>\n\n\n\n<p class=\"wp-block-paragraph\">\u00bfD\u00f3nde conseguirlos?<\/p>\n\n\n\n<p class=\"wp-block-paragraph\">Los tres modelos ya est\u00e1n disponibles en Amazon y Mercado Libre M\u00e9xico, ampliando las opciones para quienes buscan adoptar esta nueva generaci\u00f3n de wearables inteligentes sin complicaciones.<em>Con informaci\u00f3n de El Universal<\/em>.<\/p>\n","protected":false},"excerpt":{"rendered":"<p>La llegada de los lentes inteligentes a M\u00e9xico ya no es una promesa a futuro, sino una realidad cada vez m\u00e1s accesible. A partir de esta semana, los Ray-Ban Meta (Gen 2), Oakley Meta HSTN y Oakley Meta Vanguard pueden comprarse oficialmente a trav\u00e9s de Amazon y Mercado Libre, dos de las plataformas de comercio [&hellip;]<\/p>\n","protected":false},"author":6,"featured_media":78389,"comment_status":"closed","ping_status":"closed","sticky":false,"template":"","format":"standard","meta":{"_acf_changed":false,"_monsterinsights_skip_tracking":false,"slim_seo":{"title":"\u00bfD\u00f3nde puedes comprar los Ray-Ban Meta (Gen 2), Oakley Meta HSTN y Vanguard? - Opini\u00f3n P\u00fablica","description":"La llegada de los lentes inteligentes a M\u00e9xico ya no es una promesa a futuro, sino una realidad cada vez m\u00e1s accesible. A partir de esta semana, los Ray-Ban Met"},"footnotes":""},"categories":[22],"tags":[465,456,2234],"class_list":["post-78387","post","type-post","status-publish","format-standard","has-post-thumbnail","hentry","category-ciencia-y-tecnologia","tag-amazon","tag-mercado-libre","tag-ray-ban-meta"],"acf":[],"_links":{"self":[{"href":"https:\/\/www.opinionpublica.tv\/portada\/wp-json\/wp\/v2\/posts\/78387","targetHints":{"allow":["GET"]}}],"collection":[{"href":"https:\/\/www.opinionpublica.tv\/portada\/wp-json\/wp\/v2\/posts"}],"about":[{"href":"https:\/\/www.opinionpublica.tv\/portada\/wp-json\/wp\/v2\/types\/post"}],"author":[{"embeddable":true,"href":"https:\/\/www.opinionpublica.tv\/portada\/wp-json\/wp\/v2\/users\/6"}],"replies":[{"embeddable":true,"href":"https:\/\/www.opinionpublica.tv\/portada\/wp-json\/wp\/v2\/comments?post=78387"}],"version-history":[{"count":2,"href":"https:\/\/www.opinionpublica.tv\/portada\/wp-json\/wp\/v2\/posts\/78387\/revisions"}],"predecessor-version":[{"id":78390,"href":"https:\/\/www.opinionpublica.tv\/portada\/wp-json\/wp\/v2\/posts\/78387\/revisions\/78390"}],"wp:featuredmedia":[{"embeddable":true,"href":"https:\/\/www.opinionpublica.tv\/portada\/wp-json\/wp\/v2\/media\/78389"}],"wp:attachment":[{"href":"https:\/\/www.opinionpublica.tv\/portada\/wp-json\/wp\/v2\/media?parent=78387"}],"wp:term":[{"taxonomy":"category","embeddable":true,"href":"https:\/\/www.opinionpublica.tv\/portada\/wp-json\/wp\/v2\/categories?post=78387"},{"taxonomy":"post_tag","embeddable":true,"href":"https:\/\/www.opinionpublica.tv\/portada\/wp-json\/wp\/v2\/tags?post=78387"}],"curies":[{"name":"wp","href":"https:\/\/api.w.org\/{rel}","templated":true}]}}