{"id":78261,"date":"2026-02-06T00:01:00","date_gmt":"2026-02-06T07:01:00","guid":{"rendered":"https:\/\/www.opinionpublica.tv\/portada\/?p=78261"},"modified":"2026-02-05T21:00:29","modified_gmt":"2026-02-06T04:00:29","slug":"entrega-alcalde-perez-cuellar-nuevo-domo-en-la-escuela-secundaria-tecnica-33","status":"publish","type":"post","link":"https:\/\/www.opinionpublica.tv\/portada\/entrega-alcalde-perez-cuellar-nuevo-domo-en-la-escuela-secundaria-tecnica-33\/","title":{"rendered":"Entrega alcalde P\u00e9rez Cu\u00e9llar nuevo domo en la Escuela Secundaria T\u00e9cnica 33"},"content":{"rendered":"\n<figure class=\"wp-block-image size-large\"><img fetchpriority=\"high\" decoding=\"async\" width=\"1024\" height=\"683\" src=\"https:\/\/www.opinionpublica.tv\/portada\/wp-content\/uploads\/2026\/02\/Entrega-alcalde-Perez-Cuellar-nuevo-domo-en-la-Escuela-Secundaria-Tecnica-33-1024x683.jpeg\" alt=\"Entrega alcalde pe\u0301rez cue\u0301llar nuevo domo en la escuela secundaria te\u0301cnica 33\" class=\"wp-image-78264\" srcset=\"https:\/\/www.opinionpublica.tv\/portada\/wp-content\/uploads\/2026\/02\/Entrega-alcalde-Perez-Cuellar-nuevo-domo-en-la-Escuela-Secundaria-Tecnica-33-1024x683.jpeg 1024w, https:\/\/www.opinionpublica.tv\/portada\/wp-content\/uploads\/2026\/02\/Entrega-alcalde-Perez-Cuellar-nuevo-domo-en-la-Escuela-Secundaria-Tecnica-33-300x200.jpeg 300w, https:\/\/www.opinionpublica.tv\/portada\/wp-content\/uploads\/2026\/02\/Entrega-alcalde-Perez-Cuellar-nuevo-domo-en-la-Escuela-Secundaria-Tecnica-33-768x512.jpeg 768w, https:\/\/www.opinionpublica.tv\/portada\/wp-content\/uploads\/2026\/02\/Entrega-alcalde-Perez-Cuellar-nuevo-domo-en-la-Escuela-Secundaria-Tecnica-33.jpeg 1116w\" sizes=\"(max-width: 1024px) 100vw, 1024px\" \/><\/figure>\n\n\n\n<p class=\"wp-block-paragraph\"><em>Ciudad Ju\u00e1rez, Chih<\/em>.- Avanzando en el tema de mejora de infraestructura educativa, el presidente municipal, Cruz P\u00e9rez Cu\u00e9llar, hizo la entrega oficial de un nuevo domo construido en la Escuela Secundaria T\u00e9cnica 33, ubicada en el fraccionamiento Pradera Dorada.<\/p>\n\n\n\n<p class=\"wp-block-paragraph\">El alcalde record\u00f3 a los estudiantes y docentes la importancia de seguir invirtiendo en la educaci\u00f3n, pues coment\u00f3 que al tener buenas instalaciones impulsa a los j\u00f3venes a estudiar en aulas dignas, adem\u00e1s refrend\u00f3 su compromiso de terminar un gimnasio que result\u00f3 ganador del Presupuesto Participativo.<\/p>\n\n\n\n<p class=\"wp-block-paragraph\">El estudiante Liyang V\u00edctor Manuel Alarc\u00f3n Hu, agradeci\u00f3 al edil por la construcci\u00f3n de la infraestructura, destacando que ahora con el nuevo domo pueden realizar actividades sin exposici\u00f3n al sol o a la lluvia, por lo que pidi\u00f3 a sus compa\u00f1eros un grito de agradecimiento hac\u00eda el Presidente, quien se ha interesado en las escuelas.<\/p>\n\n\n\n<p class=\"wp-block-paragraph\">La obra consisti\u00f3 en la construcci\u00f3n de un domo de 20 x 30 metros, proyecto que se realiz\u00f3 con una inversi\u00f3n de 2 millones 780 mil pesos.<\/p>\n\n\n\n<p class=\"wp-block-paragraph\">En la entrega estuvieron el presidente de la sociedad de padres de familia, Jua Pablo Carrasco; Vicente de Jes\u00fas N\u00e1jera, supervisor de zona; Albar Boj\u00f3rquez, secretario general del \u00e1rea 256 secci\u00f3n 8; Hermes Trejo de la Cruz, supervisor del turno matutino; Rene Garc\u00eda, subdirector del turno vespertino; Juan Pablo Carrasco, director del plantel; Ismael Rueda, coordinador de Infraestructura del Municipio; Guillermo Alv\u00eddrez, director de Educaci\u00f3n; Sebasti\u00e1n Aguilera, director de Participaci\u00f3n Ciudadana; Cesar Tapia, director de Servicios P\u00fablicos y Jorge Marcial Bueno Quiroz, regidor del Ayuntamiento.<\/p>\n","protected":false},"excerpt":{"rendered":"<p>Ciudad Ju\u00e1rez, Chih.- Avanzando en el tema de mejora de infraestructura educativa, el presidente municipal, Cruz P\u00e9rez Cu\u00e9llar, hizo la entrega oficial de un nuevo domo construido en la Escuela Secundaria T\u00e9cnica 33, ubicada en el fraccionamiento Pradera Dorada. El alcalde record\u00f3 a los estudiantes y docentes la importancia de seguir invirtiendo en la educaci\u00f3n, [&hellip;]<\/p>\n","protected":false},"author":6,"featured_media":78264,"comment_status":"closed","ping_status":"closed","sticky":false,"template":"","format":"standard","meta":{"_acf_changed":false,"_monsterinsights_skip_tracking":false,"slim_seo":{"title":"Entrega alcalde P\u00e9rez Cu\u00e9llar nuevo domo en la Escuela Secundaria T\u00e9cnica 33 - Opini\u00f3n P\u00fablica","description":"Ciudad Ju\u00e1rez, Chih .- Avanzando en el tema de mejora de infraestructura educativa, el presidente municipal, Cruz P\u00e9rez Cu\u00e9llar, hizo la entrega oficial de un n"},"footnotes":""},"categories":[41],"tags":[608,753,911],"class_list":["post-78261","post","type-post","status-publish","format-standard","has-post-thumbnail","hentry","category-juarez","tag-ciudad-juarez","tag-cruz-perez-cuellar","tag-domos-escolares"],"acf":[],"_links":{"self":[{"href":"https:\/\/www.opinionpublica.tv\/portada\/wp-json\/wp\/v2\/posts\/78261","targetHints":{"allow":["GET"]}}],"collection":[{"href":"https:\/\/www.opinionpublica.tv\/portada\/wp-json\/wp\/v2\/posts"}],"about":[{"href":"https:\/\/www.opinionpublica.tv\/portada\/wp-json\/wp\/v2\/types\/post"}],"author":[{"embeddable":true,"href":"https:\/\/www.opinionpublica.tv\/portada\/wp-json\/wp\/v2\/users\/6"}],"replies":[{"embeddable":true,"href":"https:\/\/www.opinionpublica.tv\/portada\/wp-json\/wp\/v2\/comments?post=78261"}],"version-history":[{"count":2,"href":"https:\/\/www.opinionpublica.tv\/portada\/wp-json\/wp\/v2\/posts\/78261\/revisions"}],"predecessor-version":[{"id":78265,"href":"https:\/\/www.opinionpublica.tv\/portada\/wp-json\/wp\/v2\/posts\/78261\/revisions\/78265"}],"wp:featuredmedia":[{"embeddable":true,"href":"https:\/\/www.opinionpublica.tv\/portada\/wp-json\/wp\/v2\/media\/78264"}],"wp:attachment":[{"href":"https:\/\/www.opinionpublica.tv\/portada\/wp-json\/wp\/v2\/media?parent=78261"}],"wp:term":[{"taxonomy":"category","embeddable":true,"href":"https:\/\/www.opinionpublica.tv\/portada\/wp-json\/wp\/v2\/categories?post=78261"},{"taxonomy":"post_tag","embeddable":true,"href":"https:\/\/www.opinionpublica.tv\/portada\/wp-json\/wp\/v2\/tags?post=78261"}],"curies":[{"name":"wp","href":"https:\/\/api.w.org\/{rel}","templated":true}]}}